{"id":11813,"date":"2026-04-03T05:55:00","date_gmt":"2026-04-03T09:55:00","guid":{"rendered":"https:\/\/ermdigital.com\/index.php\/2026\/04\/03\/cesar-del-cine-frances-cumplen-50-anos-con-pocos-premios-en-espanol\/"},"modified":"2026-04-03T05:55:00","modified_gmt":"2026-04-03T09:55:00","slug":"cesar-del-cine-frances-cumplen-50-anos-con-pocos-premios-en-espanol","status":"publish","type":"post","link":"https:\/\/ermdigital.com\/?p=11813","title":{"rendered":"C\u00e9sar del cine franc\u00e9s cumplen 50 a\u00f1os con pocos premios en espa\u00f1ol"},"content":{"rendered":"<p>La <strong>primera gala<\/strong> de los <strong>premios C\u00e9sar<\/strong>, los m\u00e1s importantes del s\u00e9ptimo arte franc\u00e9s, cumple este viernes cincuenta a\u00f1os, una trayectoria que los ha consolidado entre las grandes citas de la temporada anual de premios <strong>cinematogr\u00e1ficos<\/strong> y en la que solo han destacado un pu\u00f1ado de t\u00edtulos en espa\u00f1ol, en especial gracias a <strong>Pedro Almod\u00f3var<\/strong>.<\/p>\n<p>Aquella <strong>primera gala<\/strong> en el a\u00f1o cero de los <strong>C\u00e9sar<\/strong> -este <strong>2026<\/strong> se celebr\u00f3, por tanto, la gala n\u00famero 51, el pasado 26 de febrero- tuvo lugar en el <strong>palacio de congresos<\/strong> de Par\u00eds, que se mantuvo como sede de la ceremonia hasta 1982, y fue bautizada oficialmente como la <strong>Nuit des C\u00e9sar<\/strong> (la Noche de los <strong>C\u00e9sar<\/strong>).<\/p>\n<p>En aquella primera edici\u00f3n del 3 de abril de 1976, que estuvo presentada por Pierre Tchernia y Jean-Claude Brialy y presidida por el actor <strong>Jean Gabin<\/strong>, se impuso como mejor pel\u00edcula '<strong>Le Vieux Fusil<\/strong>' (&#8217;El viejo fusil'), de Robert Enrico, quien adem\u00e1s ejerc\u00eda entonces de presidente de la Acad\u00e9mie des arts et techniques du cin\u00e9ma.<\/p>\n<p>El galard\u00f3n de <strong>mejor realizador<\/strong>, sin embargo, fue para <strong>Bertrand Tavernier<\/strong> por 'Que la f\u00eate commence' y en las categor\u00edas interpretativas se reconoci\u00f3 a los actores <strong>Romy Schneider<\/strong> (&#8217;L&#8217;important c&#8217;est d&#8217;aimer') y Philippe Noiret ('<strong>Le Vieux Fusil<\/strong>').<\/p>\n<p>Buena parte de la atenci\u00f3n de estos premios a nivel mundial suele estar centrada en la categor\u00eda de <strong>mejor pel\u00edcula extranjera<\/strong>, que a menudo suele concentrar los nombres de las grandes pel\u00edculas europeas del a\u00f1o y lo mejor del cine llegado de <strong>Hollywood<\/strong>.<\/p>\n<p>Esa secci\u00f3n ha demostrado a lo largo de su historia la afici\u00f3n de Francia por el <strong>cine en castellano<\/strong>, sobre todo el llegado de Espa\u00f1a, si bien esa inclinaci\u00f3n apenas se ha materializado en tres grandes victorias, dos con el nombre de <strong>Almod\u00f3var<\/strong> y una, la m\u00e1s reciente, con el de <strong>Rodrigo Sorogoyen<\/strong>.<\/p>\n<h2><strong>Almod\u00f3var<\/strong>, el espa\u00f1ol m\u00e1s querido por los <strong>C\u00e9sar<\/strong> <\/h2>\n<p>'<strong>Tacones lejanos<\/strong>' (1993) fue la pionera al hacer historia con el primer <strong>C\u00e9sar<\/strong> al <strong>mejor filme extranjero<\/strong> para una producci\u00f3n espa\u00f1ola, \u00e9xito que <strong>Almod\u00f3var<\/strong> repetir\u00eda despu\u00e9s con la oscarizada 'Todo sobre mi madre', en la gala del a\u00f1o 2000.<\/p>\n<div class=\"social-embed mb-4\">\n<div class=\"placeholderYoutube\"><\/div>\n<\/div>\n<p>El manchego no hab\u00eda logrado llevarse a casa el reconocimiento la primera vez que fue seleccionado, en 1991 por '<strong>\u00a1\u00c1tame!<\/strong>', ni a\u00f1os despu\u00e9s con 'Volver' (2006), 'Dolor y gloria' (2019) o '<strong>Madres paralelas<\/strong>' (2021).<\/p>\n<p>El <strong>C\u00e9sar<\/strong> de Sorogoyen, por su parte, lleg\u00f3 en 2023 por '<strong>As bestas<\/strong>'.<\/p>\n<p>Las <strong>pel\u00edculas espa\u00f1olas<\/strong> nominadas, sin embargo, han sido muchas m\u00e1s en estos 50 a\u00f1os, con '<strong>Sirat<\/strong>', de Oliver Laxe, este mismo <strong>2026<\/strong> como el ejemplo m\u00e1s reciente. <\/p>\n<p><strong>Carlos Saura<\/strong> y '<strong>Cr\u00eda cuervos<\/strong>', en <strong>1977<\/strong>, fueron por su parte la primera nominaci\u00f3n jam\u00e1s lograda en estos galardones por la industria cinematogr\u00e1fica espa\u00f1ola.<\/p>\n<p>Fuera de esa categor\u00eda tambi\u00e9n ha habido \u00e9xitos, aunque con producciones francesas, de nombres espa\u00f1oles como <strong>Carmen Maura<\/strong>, ganadora del <strong>C\u00e9sar<\/strong> a la <strong>mejor actriz secundaria<\/strong> por 'Les Femmes du 6e \u00e9tage' (2011), o el de fotograf\u00eda que se adjudic\u00f3 <strong>Artur Tort<\/strong> por 'Pacifiction', la pel\u00edcula del catal\u00e1n Albert Serra que fue una de las m\u00e1s nominadas de la edici\u00f3n de 2023 de estos premios.<\/p>\n<p>Otros nombres espa\u00f1oles sobresalientes en la historia de los <strong>C\u00e9sar<\/strong> son los de <strong>Victoria Abril<\/strong>, muy querida en Francia y nominada en dos ocasiones, o el de <strong>Pen\u00e9lope Cruz<\/strong>, que se llev\u00f3 el <strong>C\u00e9sar<\/strong> de Honor de 2018, como ya hab\u00eda hecho <strong>Almod\u00f3var<\/strong> en 1999.<\/p>\n<p>El <strong>cine documental<\/strong> tambi\u00e9n cosech\u00f3 recientemente \u00e9xitos destacables para Espa\u00f1a, con las victorias de <strong>Gala Hern\u00e1ndez L\u00f3pez<\/strong> en 2024 en mejor cortometraje documental por 'La mec\u00e1nica de los fluidos' y de <strong>Elena L\u00f3pez Riera<\/strong>, en la misma categor\u00eda, al a\u00f1o siguiente, por 'Las novias del sur'.<\/p>\n<h2>Pocos premios al <strong>cine latinoamericano<\/strong><\/h2>\n<p>El <strong>cine latinoamericano<\/strong>, sin embargo, no ha destacado tanto en los grandes premios del <strong>cine franc\u00e9s<\/strong>, aunque puede presumir en parte del <strong>C\u00e9sar<\/strong> que se llev\u00f3 '<strong>Birdman<\/strong>', del mexicano <strong>Alejandro Gonz\u00e1lez I\u00f1\u00e1rritu<\/strong>, si bien es una producci\u00f3n estadounidense.<\/p>\n<div class=\"social-embed mb-4\">\n<div class=\"placeholderYoutube\"><\/div>\n<\/div>\n<p>Otras pel\u00edculas de ese mismo cineasta ya hab\u00eda estado nominadas antes, como '<strong>21 Gramos<\/strong>' o '<strong>Babel<\/strong>'.<\/p>\n<p>Su compatriota <strong>Alfonso Cuar\u00f3n<\/strong> tambi\u00e9n ha tenido nominaci\u00f3n en los <strong>C\u00e9sar<\/strong> con '<strong>Gravity<\/strong>' y otros ejemplos de selecciones latinoamericanas que no lograron la estatuilla son 'Central do Brasil' o 'Diarios de motocicleta', del brasile\u00f1o <strong>Walter Salles<\/strong>; o la hispanoargentina 'El secreto de sus ojos', de Juan Jos\u00e9 Campanella.<\/p>\n<p>El ejemplo m\u00e1s reciente, sin embargo, fue la nominaci\u00f3n sin premio de la brasile\u00f1a '<strong>O agente secreto<\/strong>', dirigida por <strong>Kleber Mendon\u00e7a Filho<\/strong>, quien ya hab\u00eda optado al <strong>C\u00e9sar<\/strong> por '<strong>Aquarius<\/strong>' en 2017.<\/p>\n<p>La gala de 2025, adem\u00e1s, tambi\u00e9n tuvo un sabor muy latinoamericano gracias a la francesa '<strong>Emilia P\u00e9rez<\/strong>', de <strong>Jacques Audiard<\/strong>, rodada mayoritariamente en espa\u00f1ol. <\/p>\n<p>Fue una de las cintas m\u00e1s nominadas del a\u00f1o, con <strong>doce candidaturas<\/strong> (una de ellas para la espa\u00f1ola <strong>Karla Sof\u00eda Gasc\u00f3n<\/strong>), que se materializaron en <strong>siete premios<\/strong>.\u00a0<\/p>\n<div class=\"read-more mb-7\">    <span class=\"block mb-2\">Leer m\u00e1s<\/span>    <\/p>\n<ul class=\"glosa\">\n<li>\n<h3><a href=\"https:\/\/www.diariolibre.com\/revista\/cine\/2026\/04\/02\/travolta-director-en-cannes-con-su-pelicula-propeller-one-way-night\/3489996?utm_source=relacionadas&amp;utm_medium=nota&amp;utm_campaign=relacionadas\" title=\"John Travolta presenta su debut como director en el Festival de Cannes\">John Travolta presenta su debut como director en el Festival de Cannes<\/a><\/h3>\n<\/li>\n<li>\n<h3><a href=\"https:\/\/www.diariolibre.com\/revista\/cine\/2026\/02\/26\/one-battle-after-another-gana-mejor-pelicula-extranjera-en-cesar\/3450248?utm_source=relacionadas&amp;utm_medium=nota&amp;utm_campaign=relacionadas\" title=\"One Battle After Another\u2019 se impone en los premios C\u00e9sar a Sirat y O Age\">\"One Battle After Another\u2019\" se impone en los premios C\u00e9sar a \"Sirat\" y \"O Age\"<\/a><\/h3>\n<\/li>\n<li>\n<h3><a href=\"https:\/\/www.diariolibre.com\/revista\/cine\/2025\/02\/28\/emilia-perez-se-alza-con-siete-premios-cesar\/3016673?utm_source=relacionadas&amp;utm_medium=nota&amp;utm_campaign=relacionadas\" title=\"Emilia P\u00e9rez, la gran ganadora de los C\u00e9sar con siete premios\">\"Emilia P\u00e9rez\", la gran ganadora de los C\u00e9sar con siete premios<\/a><\/h3>\n<\/li>\n<\/ul>\n<\/div>\n<p>\u200bLa primera gala de los premios C\u00e9sar, los m\u00e1s importantes del s\u00e9ptimo arte franc\u00e9s, cumple este viernes cincuenta a\u00f1os, una trayectoria que los ha consolidado entre las grandes citas de la temporada anual de premios cinematogr\u00e1ficos y en la que solo han destacado un pu\u00f1ado de t\u00edtulos en espa\u00f1ol, en especial gracias a Pedro Almod\u00f3var.Aquella primera gala en el a\u00f1o cero de los C\u00e9sar -este 2026 se celebr\u00f3, por tanto, la gala n\u00famero 51, el pasado 26 de febrero- tuvo lugar en el palacio de congresos de Par\u00eds, que se mantuvo como sede de la ceremonia hasta 1982, y fue bautizada oficialmente como la Nuit des C\u00e9sar (la Noche de los C\u00e9sar).En aquella primera edici\u00f3n del 3 de abril de 1976, que estuvo presentada por Pierre Tchernia y Jean-Claude Brialy y presidida por el actor Jean Gabin, se impuso como mejor pel\u00edcula 'Le Vieux Fusil' (&#8217;El viejo fusil'), de Robert Enrico, quien adem\u00e1s ejerc\u00eda entonces de presidente de la Acad\u00e9mie des arts et techniques du cin\u00e9ma.El galard\u00f3n de mejor realizador, sin embargo, fue para Bertrand Tavernier por 'Que la f\u00eate commence' y en las categor\u00edas interpretativas se reconoci\u00f3 a los actores Romy Schneider (&#8217;L&#8217;important c&#8217;est d&#8217;aimer') y Philippe Noiret (&#8217;Le Vieux Fusil').Buena parte de la atenci\u00f3n de estos premios a nivel mundial suele estar centrada en la categor\u00eda de mejor pel\u00edcula extranjera, que a menudo suele concentrar los nombres de las grandes pel\u00edculas europeas del a\u00f1o y lo mejor del cine llegado de Hollywood.Esa secci\u00f3n ha demostrado a lo largo de su historia la afici\u00f3n de Francia por el cine en castellano, sobre todo el llegado de Espa\u00f1a, si bien esa inclinaci\u00f3n apenas se ha materializado en tres grandes victorias, dos con el nombre de Almod\u00f3var y una, la m\u00e1s reciente, con el de Rodrigo Sorogoyen.Almod\u00f3var, el espa\u00f1ol m\u00e1s querido por los C\u00e9sar 'Tacones lejanos' (1993) fue la pionera al hacer historia con el primer C\u00e9sar al mejor filme extranjero para una producci\u00f3n espa\u00f1ola, \u00e9xito que Almod\u00f3var repetir\u00eda despu\u00e9s con la oscarizada 'Todo sobre mi madre', en la gala del a\u00f1o 2000.El manchego no hab\u00eda logrado llevarse a casa el reconocimiento la primera vez que fue seleccionado, en 1991 por '\u00a1\u00c1tame!', ni a\u00f1os despu\u00e9s con 'Volver' (2006), 'Dolor y gloria' (2019) o 'Madres paralelas' (2021).El C\u00e9sar de Sorogoyen, por su parte, lleg\u00f3 en 2023 por 'As bestas'.Las pel\u00edculas espa\u00f1olas nominadas, sin embargo, han sido muchas m\u00e1s en estos 50 a\u00f1os, con 'Sirat', de Oliver Laxe, este mismo 2026 como el ejemplo m\u00e1s reciente. Carlos Saura y 'Cr\u00eda cuervos', en 1977, fueron por su parte la primera nominaci\u00f3n jam\u00e1s lograda en estos galardones por la industria cinematogr\u00e1fica espa\u00f1ola.Fuera de esa categor\u00eda tambi\u00e9n ha habido \u00e9xitos, aunque con producciones francesas, de nombres espa\u00f1oles como Carmen Maura, ganadora del C\u00e9sar a la mejor actriz secundaria por 'Les Femmes du 6e \u00e9tage' (2011), o el de fotograf\u00eda que se adjudic\u00f3 Artur Tort por 'Pacifiction', la pel\u00edcula del catal\u00e1n Albert Serra que fue una de las m\u00e1s nominadas de la edici\u00f3n de 2023 de estos premios.Otros nombres espa\u00f1oles sobresalientes en la historia de los C\u00e9sar son los de Victoria Abril, muy querida en Francia y nominada en dos ocasiones, o el de Pen\u00e9lope Cruz, que se llev\u00f3 el C\u00e9sar de Honor de 2018, como ya hab\u00eda hecho Almod\u00f3var en 1999.El cine documental tambi\u00e9n cosech\u00f3 recientemente \u00e9xitos destacables para Espa\u00f1a, con las victorias de Gala Hern\u00e1ndez L\u00f3pez en 2024 en mejor cortometraje documental por 'La mec\u00e1nica de los fluidos' y de Elena L\u00f3pez Riera, en la misma categor\u00eda, al a\u00f1o siguiente, por 'Las novias del sur'.Pocos premios al cine latinoamericanoEl cine latinoamericano, sin embargo, no ha destacado tanto en los grandes premios del cine franc\u00e9s, aunque puede presumir en parte del C\u00e9sar que se llev\u00f3 'Birdman', del mexicano Alejandro Gonz\u00e1lez I\u00f1\u00e1rritu, si bien es una producci\u00f3n estadounidense.Otras pel\u00edculas de ese mismo cineasta ya hab\u00eda estado nominadas antes, como &#8217;21 Gramos' o 'Babel'.Su compatriota Alfonso Cuar\u00f3n tambi\u00e9n ha tenido nominaci\u00f3n en los C\u00e9sar con 'Gravity' y otros ejemplos de selecciones latinoamericanas que no lograron la estatuilla son 'Central do Brasil' o 'Diarios de motocicleta', del brasile\u00f1o Walter Salles; o la hispanoargentina 'El secreto de sus ojos', de Juan Jos\u00e9 Campanella.El ejemplo m\u00e1s reciente, sin embargo, fue la nominaci\u00f3n sin premio de la brasile\u00f1a 'O agente secreto', dirigida por Kleber Mendon\u00e7a Filho, quien ya hab\u00eda optado al C\u00e9sar por 'Aquarius' en 2017.La gala de 2025, adem\u00e1s, tambi\u00e9n tuvo un sabor muy latinoamericano gracias a la francesa 'Emilia P\u00e9rez', de Jacques Audiard, rodada mayoritariamente en espa\u00f1ol. Fue una de las cintas m\u00e1s nominadas del a\u00f1o, con doce candidaturas (una de ellas para la espa\u00f1ola Karla Sof\u00eda Gasc\u00f3n), que se materializaron en siete premios.\u00a0    Leer m\u00e1s                            John Travolta presenta su debut como director en el Festival de Cannes                            \"One Battle After Another\u2019\" se impone en los premios C\u00e9sar a \"Sirat\" y \"O Age\"                            \"Emilia P\u00e9rez\", la gran ganadora de los C\u00e9sar con siete premios\u00a0\u00a0Revista, Cine, EFE, Par\u00eds, Premios C\u00e9sar, 50 aniversario, Cine franc\u00e9s, pel\u00edculas en espa\u00f1ol\u00a0<\/p>\n","protected":false},"excerpt":{"rendered":"<p>La primera gala de los premios C\u00e9sar, los m\u00e1s importantes del s\u00e9ptimo arte franc\u00e9s, cumple este viernes cincuenta a\u00f1os, una trayectoria que los ha consolidado entre las grandes citas de la temporada anual de premios cinematogr\u00e1ficos y en la que solo han destacado un pu\u00f1ado de t\u00edtulos en espa\u00f1ol, en especial gracias a Pedro Almod\u00f3var. [&hellip;]<\/p>\n","protected":false},"author":1,"featured_media":11649,"comment_status":"open","ping_status":"open","sticky":false,"template":"","format":"standard","meta":{"amp_status":"","footnotes":""},"categories":[9],"tags":[],"class_list":["post-11813","post","type-post","status-publish","format-standard","has-post-thumbnail","hentry","category-espectaculo"],"_links":{"self":[{"href":"https:\/\/ermdigital.com\/index.php?rest_route=\/wp\/v2\/posts\/11813","targetHints":{"allow":["GET"]}}],"collection":[{"href":"https:\/\/ermdigital.com\/index.php?rest_route=\/wp\/v2\/posts"}],"about":[{"href":"https:\/\/ermdigital.com\/index.php?rest_route=\/wp\/v2\/types\/post"}],"author":[{"embeddable":true,"href":"https:\/\/ermdigital.com\/index.php?rest_route=\/wp\/v2\/users\/1"}],"replies":[{"embeddable":true,"href":"https:\/\/ermdigital.com\/index.php?rest_route=%2Fwp%2Fv2%2Fcomments&post=11813"}],"version-history":[{"count":0,"href":"https:\/\/ermdigital.com\/index.php?rest_route=\/wp\/v2\/posts\/11813\/revisions"}],"wp:featuredmedia":[{"embeddable":true,"href":"https:\/\/ermdigital.com\/index.php?rest_route=\/wp\/v2\/media\/11649"}],"wp:attachment":[{"href":"https:\/\/ermdigital.com\/index.php?rest_route=%2Fwp%2Fv2%2Fmedia&parent=11813"}],"wp:term":[{"taxonomy":"category","embeddable":true,"href":"https:\/\/ermdigital.com\/index.php?rest_route=%2Fwp%2Fv2%2Fcategories&post=11813"},{"taxonomy":"post_tag","embeddable":true,"href":"https:\/\/ermdigital.com\/index.php?rest_route=%2Fwp%2Fv2%2Ftags&post=11813"}],"curies":[{"name":"wp","href":"https:\/\/api.w.org\/{rel}","templated":true}]}}