{"id":11744,"date":"2026-04-03T05:00:00","date_gmt":"2026-04-03T09:00:00","guid":{"rendered":"https:\/\/ermdigital.com\/index.php\/2026\/04\/03\/claves-para-restablecer-la-espiritualidad-en-semana-santa\/"},"modified":"2026-04-03T05:00:00","modified_gmt":"2026-04-03T09:00:00","slug":"claves-para-restablecer-la-espiritualidad-en-semana-santa","status":"publish","type":"post","link":"https:\/\/ermdigital.com\/?p=11744","title":{"rendered":"Claves para restablecer la espiritualidad en Semana Santa"},"content":{"rendered":"<p>\u201cLa <strong>Semana Santa<\/strong> suele ser un momento propicio para el <strong>recogimiento<\/strong>, la introspecci\u00f3n y la <strong>b\u00fasqueda de sentido<\/strong> trascendente a nuestra existencia, pero a veces en su b\u00fasqueda de silencio y paz interior algunas personas pueden encontrar un cierto grado de <strong>ruido mental<\/strong> y de distanciamiento espiritual, explica la psic\u00f3loga sanitaria <strong>Mar\u00eda Gonz\u00e1lez<\/strong>.\u00a0<\/p>\n<p>Durante esos d\u00edas sagrados para el catolicismo \u201cmuchas personas aprovechan para vivir m\u00e1s intensamente su religiosidad, realizar pr\u00e1cticas de <strong>meditaci\u00f3n<\/strong> o <strong>desconectar<\/strong> del ritmo cotidiano con la esperanza de reconectar consigo mismas\u201d, explica Gonz\u00e1lez, especializada en psicoterapia integradora, intervenci\u00f3n en trauma y terapia EMDR, en el Instituto <a href=\"https:\/\/centta.es\/\" title=\"CENTTA\" target=\"_blank\" rel=\"nofollow noopener noreferrer\">CENTTA<\/a>.\u00a0<\/p>\n<p>\u201cSin embargo, algunas personas no siempre consiguen alcanzar la paz o <strong>conexi\u00f3n interior<\/strong> que buscan y esperan, y a veces experimentan una sensaci\u00f3n inesperada de <strong>vac\u00edo<\/strong> o <strong>desconexi\u00f3n<\/strong> que puede generarles <strong>frustraci\u00f3n<\/strong>, en lo que un reciente estudio europeo ha descrito como un aburrimiento o cansancio del \u00e1nimo de \u00edndole espiritual\u201d, seg\u00fan advierte.<\/p>\n<p>Gonz\u00e1lez explica que \u201cesta sensaci\u00f3n de <strong>tedio<\/strong>, descrita por investigadores de las <strong>universidades de Viena<\/strong> (Austria) y Essex (Reino Unido), se produce cuando las <strong>pr\u00e1cticas espirituales<\/strong> o religiosas \u2014como el yoga, la oraci\u00f3n, los retiros o la <strong>meditaci\u00f3n<\/strong>\u2014 dejan de generar inspiraci\u00f3n en quienes las practican y son percibidas como carentes de significado o est\u00edmulo\u201d.\u00a0<\/p>\n<p>Para el psic\u00f3logo <strong>Thomas Goetz<\/strong>, de la universidad de Viena, el denominado desgano o <strong>cansancio espiritual<\/strong> surge tanto cuando la pr\u00e1ctica que se realiza resulta demasiado exigente como cuando es excesivamente simple.<\/p>\n<p>Y puede disminuir notablemente la <strong>motivaci\u00f3n de la persona<\/strong> que la efect\u00faa y el poder transformador de la experiencia, apunta la psic\u00f3loga de Centta.<\/p>\n<h2>El <strong>sentido profundo<\/strong> de la <strong>pr\u00e1ctica espiritual<\/strong><\/h2>\n<figure class=\"inline-block\">\n<div class=\"expand-img-placeholder\"><img loading=\"lazy\" decoding=\"async\" src=\"https:\/\/resources.diariolibre.com\/images\/expand.svg\" alt=\"Expandir imagen\" width=\"20\" height=\"20\"><span class=\"rutaimagenoriginal-placeholder\">https:\/\/resources.diariolibre.com\/images\/2026\/04\/02\/550197210274-27fa359b.jpg<\/span><\/div>\n<p><img decoding=\"async\" loading=\"lazy\" src=\"https:\/\/resources.diariolibre.com\/images\/2026\/04\/02\/550197210274-27fa359b.jpg\" width=\"auto\" height=\"350\" alt=\"Infograf\u00eda\" class=\"mx-auto\"><figcaption><span>Estudiar el origen y los fundamentos de nuestra religi\u00f3n; volver a leer las escrituras, fortalece nuestra conexi\u00f3n con lo espiritual.<\/span><span> (<strong>FREEPIK<\/strong>)<\/span><\/figcaption><\/figure>\n<p>Gonz\u00e1lez explica que \u201cesta sensaci\u00f3n de aburrirnos suele ocurrir cuando no conectamos o no entendemos el <strong>sentido profundo<\/strong> de una <strong>pr\u00e1ctica espiritual<\/strong> o religiosa y nos quedamos solo con el objetivo de calmar un estado personal negativo o conseguir nuestro propio <strong>bienestar<\/strong> como \u00fanico fin\u201d.\u00a0<\/p>\n<p>Por otra parte, se trata de un fen\u00f3meno que \u201cvuelve a poner de manifiesto como la <strong>cultura de la inmediatez<\/strong>, convierte practicas espirituales profundas en las que se necesita una formaci\u00f3n y un proceso de tiempo para vivirlas profundamente, en otro factor de <strong>estr\u00e9s<\/strong> al quedarnos solo en la <strong>superficie<\/strong>\u201d, seg\u00fan esta psic\u00f3loga.<\/p>\n<p>Desde el instituto Centta, recalcan que \u201cesta sensaci\u00f3n de <strong>tedio<\/strong> no es se\u00f1al de falta de fe o de compromiso, sino una <strong>oportunidad<\/strong> para revisar el modo en que nos relacionamos con nuestra <strong>espiritualidad<\/strong>\u201d.\u00a0<\/p>\n<p>En un contexto como la <strong>Semana Santa<\/strong>, donde las expectativas de <strong>conexi\u00f3n interior<\/strong> son especialmente altas, este centro de <strong>psicolog\u00eda<\/strong> propone tres <strong>claves pr\u00e1cticas<\/strong> para afrontar el <strong>desgano espiritual<\/strong> o religioso y volver a conectar con el <strong>sentido profundo<\/strong> asociado a una experiencia trascendente.<\/p>\n<h2>Ajusta la exigencia de tu pr\u00e1ctica religiosa<\/h2>\n<figure class=\"inline-block\">\n<div class=\"expand-img-placeholder\"><img loading=\"lazy\" decoding=\"async\" src=\"https:\/\/resources.diariolibre.com\/images\/expand.svg\" alt=\"Expandir imagen\" width=\"20\" height=\"20\"><span class=\"rutaimagenoriginal-placeholder\">https:\/\/resources.diariolibre.com\/images\/2026\/04\/02\/550197210271-1b54efc0.jpg<\/span><\/div>\n<p><img decoding=\"async\" loading=\"lazy\" src=\"https:\/\/resources.diariolibre.com\/images\/2026\/04\/02\/550197210271-1b54efc0.jpg\" width=\"auto\" height=\"350\" alt=\"Infograf\u00eda\" class=\"mx-auto\"><figcaption><span>La sensaci\u00f3n de desgano o cansancio es una oportunidad para revisar c\u00f3mo nos relacionamos con nuestra espiritualidad.<\/span><span> (<strong>FREEPIK<\/strong>)<\/span><\/figcaption><\/figure>\n<p>\u201cEl cansancio o <strong>desgano espiritual<\/strong> puede ser un indicador de <strong>desajuste<\/strong>: o bien la pr\u00e1ctica nos exige demasiado, generando <strong>saturaci\u00f3n<\/strong>, o demasiado poco, produciendo apat\u00eda\u201d, explica la psic\u00f3loga <strong>Mar\u00eda Gonz\u00e1lez<\/strong>.\u00a0<\/p>\n<ul>\n<li>Esta experta se\u00f1ala que \u201catender a nuestro propio ritmo y adaptar la <strong>intensidad<\/strong> de nuestra <strong>pr\u00e1ctica espiritual<\/strong> \u2014por ejemplo, acortando sesiones de <strong>meditaci\u00f3n<\/strong> u oraci\u00f3n o bien incorporando actividades m\u00e1s retadoras, si las actuales nos resultan mon\u00f3tonas&#8217;\u2014 nos ayudar\u00e1 a mantener el inter\u00e9s y la atenci\u00f3n plena\u201d en lo que estamos haciendo como acto de <strong>devoci\u00f3n.<\/strong><\/li>\n<\/ul>\n<h2>Cultiva la conciencia del valor personal de lo que haces<\/h2>\n<p>\u201cCuando por ejemplo nos olvidamos las <strong>razones<\/strong> de por qu\u00e9 rezamos, meditamos, asistimos a una misa, procesi\u00f3n o ritual lit\u00fargico, ayunamos o nos abstenemos de comer de carne, durante los d\u00edas de la <strong>Semana Santa<\/strong>, entonces la <strong>pr\u00e1ctica espiritual<\/strong> <strong>pierde sentido<\/strong>\u201d, de acuerdo con esta especialista.\u00a0<\/p>\n<p>Gonz\u00e1lez se\u00f1ala que, en esos casos, \u201ctomarse unos minutos para <strong>reflexionar<\/strong> sobre c\u00f3mo estas pr\u00e1cticas impactan positivamente en nuestra vida \u2014aport\u00e1ndonos calma, claridad, paz interior, <strong>bienestar<\/strong> emocional o un sentido de trascendencia o de comuni\u00f3n con los dem\u00e1s\u2014 puede contribuir a que retomemos el contacto con su <strong>prop\u00f3sito original<\/strong>\u201d.\u00a0<\/p>\n<p>\u201cEstudiar el <strong>origen<\/strong> y los fundamentos de tu <strong>religi\u00f3n<\/strong>; volver a leer las <strong>escrituras<\/strong>; entender para qu\u00e9 sirven la oraci\u00f3n o la <strong>meditaci\u00f3n<\/strong> y reconocer el <strong>valor subjetivo<\/strong> de estas pr\u00e1cticas, fortalecer\u00e1 tu conexi\u00f3n con lo espiritual y reducir\u00e1 tu sensaci\u00f3n de <strong>vac\u00edo<\/strong>\u201d, se\u00f1ala.<\/p>\n<h2>Integra la <strong>espiritualidad<\/strong> en tu <strong>vida cotidiana<\/strong><\/h2>\n<p>Para Gonz\u00e1lez \u201cla <strong>espiritualidad<\/strong> <strong>no debe limitarse<\/strong> a los templos ni a los momentos de retiro, las festividades religiosas o las actividades lit\u00fargicas\u201d.\u00a0<\/p>\n<p>Se\u00f1ala que \u201cdebemos incorporar el enfoque espiritual a nuestra <strong>vida diaria<\/strong>, escuchando y ayudando a los dem\u00e1s, y viviendo nuestras acciones con <strong>presencia mental<\/strong> y emocional\u201d, lo cual \u201cpuede convertirse en una forma profunda de <strong>conexi\u00f3n interior<\/strong>\u201d, destaca.\u00a0<\/p>\n<p>\u201cIncorporar la <strong>espiritualidad<\/strong> a nuestro d\u00eda a d\u00eda evita que se convierta en una <strong>experiencia aislada<\/strong> o espor\u00e1dica, favoreciendo una vivencia m\u00e1s coherente y sostenida\u201d de las <strong>pr\u00e1cticas religiosas<\/strong>, puntualiza.\u00a0<\/p>\n<p>Seg\u00fan esta psic\u00f3loga, nuestra <strong>espiritualidad<\/strong> no tiene que terminarse cuando la <strong>Semana Santa<\/strong> llega a su fin. En lugar de esto, el final de esta festividad puede marcar el inicio de una nueva forma de vivir la <strong>b\u00fasqueda de sentido<\/strong> y prop\u00f3sito en la vida, a un nivel m\u00e1s profundo.<\/p>\n<p>\u201cEn definitiva, el desgano o <strong>cansancio espiritual<\/strong> no debe interpretarse como un fracaso, sino como una invitaci\u00f3n a revisar nuestras expectativas y a volver a conectar con el sentido m\u00e1s humano y real de la experiencia espiritual: el <strong>encuentro aut\u00e9ntico<\/strong> con uno mismo y con Dios\u201d, concluye Gonz\u00e1lez.<\/p>\n<div class=\"read-more mb-7\">    <span class=\"block mb-2\">Leer m\u00e1s<\/span>    <\/p>\n<ul class=\"glosa\">\n<li>\n<h3><a href=\"https:\/\/www.diariolibre.com\/revista\/buena-vida\/2026\/04\/02\/dulces-de-la-semana-santa-dominicana\/3489118?utm_source=relacionadas&amp;utm_medium=nota&amp;utm_campaign=relacionadas\" title=\"Semana Santa dominicana: el dulce como memoria, identidad y tradici\u00f3n\">Semana Santa dominicana: el dulce como memoria, identidad y tradici\u00f3n<\/a><\/h3>\n<\/li>\n<li>\n<h3><a href=\"https:\/\/www.diariolibre.com\/opinion\/adc\/2026\/03\/29\/semana-santa--todos-los-dias-son-sagrados\/3485425?utm_source=relacionadas&amp;utm_medium=nota&amp;utm_campaign=relacionadas\" title=\"Todos los d\u00edas son sagrados\">Todos los d\u00edas son sagrados<\/a><\/h3>\n<\/li>\n<li>\n<h3><a href=\"https:\/\/www.diariolibre.com\/actualidad\/nacional\/2026\/03\/27\/agenda-de-semana-santa-2026-en-la-catedral-primada-de-america\/3482041?utm_source=relacionadas&amp;utm_medium=nota&amp;utm_campaign=relacionadas\" title=\"Conozca la agenda de Semana Santa 2026 en la Catedral Primada de Am\u00e9rica\">Conozca la agenda de Semana Santa 2026 en la Catedral Primada de Am\u00e9rica<\/a><\/h3>\n<\/li>\n<\/ul>\n<\/div>\n<p><\/p>\n<p>\u200b\u201cLa Semana Santa suele ser un momento propicio para el recogimiento, la introspecci\u00f3n y la b\u00fasqueda de sentido trascendente a nuestra existencia, pero a veces en su b\u00fasqueda de silencio y paz interior algunas personas pueden encontrar un cierto grado de ruido mental y de distanciamiento espiritual, explica la psic\u00f3loga sanitaria Mar\u00eda Gonz\u00e1lez.\u00a0Durante esos d\u00edas sagrados para el catolicismo \u201cmuchas personas aprovechan para vivir m\u00e1s intensamente su religiosidad, realizar pr\u00e1cticas de meditaci\u00f3n o desconectar del ritmo cotidiano con la esperanza de reconectar consigo mismas\u201d, explica Gonz\u00e1lez, especializada en psicoterapia integradora, intervenci\u00f3n en trauma y terapia EMDR, en el Instituto CENTTA.\u00a0\u201cSin embargo, algunas personas no siempre consiguen alcanzar la paz o conexi\u00f3n interior que buscan y esperan, y a veces experimentan una sensaci\u00f3n inesperada de vac\u00edo o desconexi\u00f3n que puede generarles frustraci\u00f3n, en lo que un reciente estudio europeo ha descrito como un aburrimiento o cansancio del \u00e1nimo de \u00edndole espiritual\u201d, seg\u00fan advierte.Gonz\u00e1lez explica que \u201cesta sensaci\u00f3n de tedio, descrita por investigadores de las universidades de Viena (Austria) y Essex (Reino Unido), se produce cuando las pr\u00e1cticas espirituales o religiosas \u2014como el yoga, la oraci\u00f3n, los retiros o la meditaci\u00f3n\u2014 dejan de generar inspiraci\u00f3n en quienes las practican y son percibidas como carentes de significado o est\u00edmulo\u201d.\u00a0Para el psic\u00f3logo Thomas Goetz, de la universidad de Viena, el denominado desgano o cansancio espiritual surge tanto cuando la pr\u00e1ctica que se realiza resulta demasiado exigente como cuando es excesivamente simple.Y puede disminuir notablemente la motivaci\u00f3n de la persona que la efect\u00faa y el poder transformador de la experiencia, apunta la psic\u00f3loga de Centta.El sentido profundo de la pr\u00e1ctica espiritualhttps:\/\/resources.diariolibre.com\/images\/2026\/04\/02\/550197210274-27fa359b.jpgEstudiar el origen y los fundamentos de nuestra religi\u00f3n; volver a leer las escrituras, fortalece nuestra conexi\u00f3n con lo espiritual. (FREEPIK)Gonz\u00e1lez explica que \u201cesta sensaci\u00f3n de aburrirnos suele ocurrir cuando no conectamos o no entendemos el sentido profundo de una pr\u00e1ctica espiritual o religiosa y nos quedamos solo con el objetivo de calmar un estado personal negativo o conseguir nuestro propio bienestar como \u00fanico fin\u201d.\u00a0Por otra parte, se trata de un fen\u00f3meno que \u201cvuelve a poner de manifiesto como la cultura de la inmediatez, convierte practicas espirituales profundas en las que se necesita una formaci\u00f3n y un proceso de tiempo para vivirlas profundamente, en otro factor de estr\u00e9s al quedarnos solo en la superficie\u201d, seg\u00fan esta psic\u00f3loga.Desde el instituto Centta, recalcan que \u201cesta sensaci\u00f3n de tedio no es se\u00f1al de falta de fe o de compromiso, sino una oportunidad para revisar el modo en que nos relacionamos con nuestra espiritualidad\u201d.\u00a0En un contexto como la Semana Santa, donde las expectativas de conexi\u00f3n interior son especialmente altas, este centro de psicolog\u00eda propone tres claves pr\u00e1cticas para afrontar el desgano espiritual o religioso y volver a conectar con el sentido profundo asociado a una experiencia trascendente.Ajusta la exigencia de tu pr\u00e1ctica religiosahttps:\/\/resources.diariolibre.com\/images\/2026\/04\/02\/550197210271-1b54efc0.jpgLa sensaci\u00f3n de desgano o cansancio es una oportunidad para revisar c\u00f3mo nos relacionamos con nuestra espiritualidad. (FREEPIK)\u201cEl cansancio o desgano espiritual puede ser un indicador de desajuste: o bien la pr\u00e1ctica nos exige demasiado, generando saturaci\u00f3n, o demasiado poco, produciendo apat\u00eda\u201d, explica la psic\u00f3loga Mar\u00eda Gonz\u00e1lez.\u00a0    Esta experta se\u00f1ala que \u201catender a nuestro propio ritmo y adaptar la intensidad de nuestra pr\u00e1ctica espiritual \u2014por ejemplo, acortando sesiones de meditaci\u00f3n u oraci\u00f3n o bien incorporando actividades m\u00e1s retadoras, si las actuales nos resultan mon\u00f3tonas&#8217;\u2014 nos ayudar\u00e1 a mantener el inter\u00e9s y la atenci\u00f3n plena\u201d en lo que estamos haciendo como acto de devoci\u00f3n.Cultiva la conciencia del valor personal de lo que haces\u201cCuando por ejemplo nos olvidamos las razones de por qu\u00e9 rezamos, meditamos, asistimos a una misa, procesi\u00f3n o ritual lit\u00fargico, ayunamos o nos abstenemos de comer de carne, durante los d\u00edas de la Semana Santa, entonces la pr\u00e1ctica espiritual pierde sentido\u201d, de acuerdo con esta especialista.\u00a0Gonz\u00e1lez se\u00f1ala que, en esos casos, \u201ctomarse unos minutos para reflexionar sobre c\u00f3mo estas pr\u00e1cticas impactan positivamente en nuestra vida \u2014aport\u00e1ndonos calma, claridad, paz interior, bienestar emocional o un sentido de trascendencia o de comuni\u00f3n con los dem\u00e1s\u2014 puede contribuir a que retomemos el contacto con su prop\u00f3sito original\u201d.\u00a0\u201cEstudiar el origen y los fundamentos de tu religi\u00f3n; volver a leer las escrituras; entender para qu\u00e9 sirven la oraci\u00f3n o la meditaci\u00f3n y reconocer el valor subjetivo de estas pr\u00e1cticas, fortalecer\u00e1 tu conexi\u00f3n con lo espiritual y reducir\u00e1 tu sensaci\u00f3n de vac\u00edo\u201d, se\u00f1ala.Integra la espiritualidad en tu vida cotidianaPara Gonz\u00e1lez \u201cla espiritualidad no debe limitarse a los templos ni a los momentos de retiro, las festividades religiosas o las actividades lit\u00fargicas\u201d.\u00a0Se\u00f1ala que \u201cdebemos incorporar el enfoque espiritual a nuestra vida diaria, escuchando y ayudando a los dem\u00e1s, y viviendo nuestras acciones con presencia mental y emocional\u201d, lo cual \u201cpuede convertirse en una forma profunda de conexi\u00f3n interior\u201d, destaca.\u00a0\u201cIncorporar la espiritualidad a nuestro d\u00eda a d\u00eda evita que se convierta en una experiencia aislada o espor\u00e1dica, favoreciendo una vivencia m\u00e1s coherente y sostenida\u201d de las pr\u00e1cticas religiosas, puntualiza.\u00a0Seg\u00fan esta psic\u00f3loga, nuestra espiritualidad no tiene que terminarse cuando la Semana Santa llega a su fin. En lugar de esto, el final de esta festividad puede marcar el inicio de una nueva forma de vivir la b\u00fasqueda de sentido y prop\u00f3sito en la vida, a un nivel m\u00e1s profundo.\u201cEn definitiva, el desgano o cansancio espiritual no debe interpretarse como un fracaso, sino como una invitaci\u00f3n a revisar nuestras expectativas y a volver a conectar con el sentido m\u00e1s humano y real de la experiencia espiritual: el encuentro aut\u00e9ntico con uno mismo y con Dios\u201d, concluye Gonz\u00e1lez.    Leer m\u00e1s                            Semana Santa dominicana: el dulce como memoria, identidad y tradici\u00f3n                            Todos los d\u00edas son sagrados                            Conozca la agenda de Semana Santa 2026 en la Catedral Primada de Am\u00e9rica\u00a0\u00a0Revista, Buena vida, EFE, Santo Domingo, Religi\u00f3n, Meditaci\u00f3n, Psicolog\u00eda, Semana Santa, Espiritualidad, conexi\u00f3n espiritual\u00a0<\/p>\n","protected":false},"excerpt":{"rendered":"<p>\u201cLa Semana Santa suele ser un momento propicio para el recogimiento, la introspecci\u00f3n y la b\u00fasqueda de sentido trascendente a nuestra existencia, pero a veces en su b\u00fasqueda de silencio y paz interior algunas personas pueden encontrar un cierto grado de ruido mental y de distanciamiento espiritual, explica la psic\u00f3loga sanitaria Mar\u00eda Gonz\u00e1lez.\u00a0 Durante esos [&hellip;]<\/p>\n","protected":false},"author":1,"featured_media":11604,"comment_status":"open","ping_status":"open","sticky":false,"template":"","format":"standard","meta":{"amp_status":"","footnotes":""},"categories":[9],"tags":[],"class_list":["post-11744","post","type-post","status-publish","format-standard","has-post-thumbnail","hentry","category-espectaculo"],"_links":{"self":[{"href":"https:\/\/ermdigital.com\/index.php?rest_route=\/wp\/v2\/posts\/11744","targetHints":{"allow":["GET"]}}],"collection":[{"href":"https:\/\/ermdigital.com\/index.php?rest_route=\/wp\/v2\/posts"}],"about":[{"href":"https:\/\/ermdigital.com\/index.php?rest_route=\/wp\/v2\/types\/post"}],"author":[{"embeddable":true,"href":"https:\/\/ermdigital.com\/index.php?rest_route=\/wp\/v2\/users\/1"}],"replies":[{"embeddable":true,"href":"https:\/\/ermdigital.com\/index.php?rest_route=%2Fwp%2Fv2%2Fcomments&post=11744"}],"version-history":[{"count":0,"href":"https:\/\/ermdigital.com\/index.php?rest_route=\/wp\/v2\/posts\/11744\/revisions"}],"wp:featuredmedia":[{"embeddable":true,"href":"https:\/\/ermdigital.com\/index.php?rest_route=\/wp\/v2\/media\/11604"}],"wp:attachment":[{"href":"https:\/\/ermdigital.com\/index.php?rest_route=%2Fwp%2Fv2%2Fmedia&parent=11744"}],"wp:term":[{"taxonomy":"category","embeddable":true,"href":"https:\/\/ermdigital.com\/index.php?rest_route=%2Fwp%2Fv2%2Fcategories&post=11744"},{"taxonomy":"post_tag","embeddable":true,"href":"https:\/\/ermdigital.com\/index.php?rest_route=%2Fwp%2Fv2%2Ftags&post=11744"}],"curies":[{"name":"wp","href":"https:\/\/api.w.org\/{rel}","templated":true}]}}