{"id":11718,"date":"2026-04-02T19:30:00","date_gmt":"2026-04-02T23:30:00","guid":{"rendered":"https:\/\/ermdigital.com\/index.php\/2026\/04\/02\/grupo-theou-lanza-nada-me-faltara\/"},"modified":"2026-04-02T19:30:00","modified_gmt":"2026-04-02T23:30:00","slug":"grupo-theou-lanza-nada-me-faltara","status":"publish","type":"post","link":"https:\/\/ermdigital.com\/?p=11718","title":{"rendered":"Grupo Theou lanza \u201cNada me faltar\u00e1\u201d"},"content":{"rendered":"<p>El <strong>Grupo Theou<\/strong> <strong>lanz\u00f3<\/strong> su m\u00e1s reciente sencillo, \u201c<strong>Nada me faltar\u00e1<\/strong>\u201d, una canci\u00f3n cristiana que transmite fe y confianza en Dios en tiempos dif\u00edciles.<\/p>\n<p>Disponible en plataformas digitales como <strong>Spotify<\/strong>, <strong>Apple Music<\/strong> y <strong>YouTube<\/strong>, \u201c<strong>Nada me faltar\u00e1<\/strong>\u201d busca convertirse en un himno de esperanza en momentos inciertos.<\/p>\n<p>El <strong>lanzamiento<\/strong>, que apunta a posicionarse dentro del <strong>cancionero cristiano<\/strong> como una propuesta de <strong>apoyo espiritual<\/strong>, tambi\u00e9n incluye su <strong>video oficial<\/strong> en <strong>YouTube<\/strong>.<\/p>\n<p>A trav\u00e9s del <strong>audiovisual<\/strong>, la banda, compuesta por <strong>seis integrantes<\/strong>, refuerza el <strong>mensaje de fe<\/strong> y esperanza que caracteriza su propuesta musical, detalla una nota de prensa.<\/p>\n<div class=\"social-embed mb-4\">\n<div class=\"placeholderYoutube\"><\/div>\n<\/div>\n<p>\u201c<strong>Nada Me Faltar\u00e1<\/strong>, m\u00e1s que una canci\u00f3n, es un <strong>abrazo espiritual<\/strong> que invita a <strong>confiar<\/strong>, incluso cuando la fe cuesta, porque <strong>Dios permanece fiel<\/strong>, aunque no lo entendamos en el momento\u201d, expres\u00f3 el grupo en una nota de prensa.<\/p>\n<p>Los j\u00f3venes tambi\u00e9n han lanzado \"Que se consuma\" y \"<strong>Te necesitamos<\/strong>\".<\/p>\n<p><\/p>\n<p><\/p>\n<p>\u200bEl Grupo Theou lanz\u00f3 su m\u00e1s reciente sencillo, \u201cNada me faltar\u00e1\u201d, una canci\u00f3n cristiana que transmite fe y confianza en Dios en tiempos dif\u00edciles.Disponible en plataformas digitales como Spotify, Apple Music y YouTube, \u201cNada me faltar\u00e1\u201d busca convertirse en un himno de esperanza en momentos inciertos.El lanzamiento, que apunta a posicionarse dentro del cancionero cristiano como una propuesta de apoyo espiritual, tambi\u00e9n incluye su video oficial en YouTube.A trav\u00e9s del audiovisual, la banda, compuesta por seis integrantes, refuerza el mensaje de fe y esperanza que caracteriza su propuesta musical, detalla una nota de prensa.\u201cNada Me Faltar\u00e1, m\u00e1s que una canci\u00f3n, es un abrazo espiritual que invita a confiar, incluso cuando la fe cuesta, porque Dios permanece fiel, aunque no lo entendamos en el momento\u201d, expres\u00f3 el grupo en una nota de prensa.Los j\u00f3venes tambi\u00e9n han lanzado \"Que se consuma\" y \"Te necesitamos\".\u00a0\u00a0Revista, M\u00fasica, Diario Libre, Santo Domingo, M\u00fasica cristiana, Grupo Theou\u00a0<\/p>\n","protected":false},"excerpt":{"rendered":"<p>El Grupo Theou lanz\u00f3 su m\u00e1s reciente sencillo, \u201cNada me faltar\u00e1\u201d, una canci\u00f3n cristiana que transmite fe y confianza en Dios en tiempos dif\u00edciles. Disponible en plataformas digitales como Spotify, Apple Music y YouTube, \u201cNada me faltar\u00e1\u201d busca convertirse en un himno de esperanza en momentos inciertos. El lanzamiento, que apunta a posicionarse dentro del [&hellip;]<\/p>\n","protected":false},"author":1,"featured_media":11474,"comment_status":"open","ping_status":"open","sticky":false,"template":"","format":"standard","meta":{"amp_status":"","footnotes":""},"categories":[9],"tags":[],"class_list":["post-11718","post","type-post","status-publish","format-standard","has-post-thumbnail","hentry","category-espectaculo"],"_links":{"self":[{"href":"https:\/\/ermdigital.com\/index.php?rest_route=\/wp\/v2\/posts\/11718","targetHints":{"allow":["GET"]}}],"collection":[{"href":"https:\/\/ermdigital.com\/index.php?rest_route=\/wp\/v2\/posts"}],"about":[{"href":"https:\/\/ermdigital.com\/index.php?rest_route=\/wp\/v2\/types\/post"}],"author":[{"embeddable":true,"href":"https:\/\/ermdigital.com\/index.php?rest_route=\/wp\/v2\/users\/1"}],"replies":[{"embeddable":true,"href":"https:\/\/ermdigital.com\/index.php?rest_route=%2Fwp%2Fv2%2Fcomments&post=11718"}],"version-history":[{"count":0,"href":"https:\/\/ermdigital.com\/index.php?rest_route=\/wp\/v2\/posts\/11718\/revisions"}],"wp:featuredmedia":[{"embeddable":true,"href":"https:\/\/ermdigital.com\/index.php?rest_route=\/wp\/v2\/media\/11474"}],"wp:attachment":[{"href":"https:\/\/ermdigital.com\/index.php?rest_route=%2Fwp%2Fv2%2Fmedia&parent=11718"}],"wp:term":[{"taxonomy":"category","embeddable":true,"href":"https:\/\/ermdigital.com\/index.php?rest_route=%2Fwp%2Fv2%2Fcategories&post=11718"},{"taxonomy":"post_tag","embeddable":true,"href":"https:\/\/ermdigital.com\/index.php?rest_route=%2Fwp%2Fv2%2Ftags&post=11718"}],"curies":[{"name":"wp","href":"https:\/\/api.w.org\/{rel}","templated":true}]}}