{"id":11717,"date":"2026-04-02T19:46:00","date_gmt":"2026-04-02T23:46:00","guid":{"rendered":"https:\/\/ermdigital.com\/index.php\/2026\/04\/02\/fundacion-sura-anuncia-convocatoria-cultura-latinoamerica-2026\/"},"modified":"2026-04-02T19:46:00","modified_gmt":"2026-04-02T23:46:00","slug":"fundacion-sura-anuncia-convocatoria-cultura-latinoamerica-2026","status":"publish","type":"post","link":"https:\/\/ermdigital.com\/?p=11717","title":{"rendered":"Fundaci\u00f3n SURA anuncia convocatoria Cultura Latinoam\u00e9rica 2026"},"content":{"rendered":"<p> La <strong>Fundaci\u00f3n SURA<\/strong> <strong>anunci\u00f3<\/strong> la apertura de la segunda edici\u00f3n de Cultura Latinoam\u00e9rica, una convocatoria que busca fortalecer la sostenibilidad y proyecci\u00f3n de <strong>organizaciones culturales<\/strong> mediante el desarrollo de <strong>proyectos<\/strong> colaborativos entre entidades de distintos pa\u00edses.<\/p>\n<p>En esta edici\u00f3n se seleccionar\u00e1n <strong>10 iniciativas<\/strong> presentadas por duplas de organizaciones sin \u00e1nimo de lucro provenientes de M\u00e9xico, Rep\u00fablica Dominicana, Panam\u00e1, Colombia, Brasil, Per\u00fa, Chile y Uruguay. Cada proyecto podr\u00e1 recibir <strong>hasta 100,000<\/strong>\u00a0d\u00f3lares para su ejecuci\u00f3n.<\/p>\n<p>Adem\u00e1s del <strong>financiamiento<\/strong>, las iniciativas seleccionadas participar\u00e1n durante un a\u00f1o en un <strong>proceso de acompa\u00f1amiento<\/strong> que incluir\u00e1 desarrollo institucional, comunicaci\u00f3n estrat\u00e9gica, <strong>medici\u00f3n de impacto<\/strong> e intercambio de conocimientos entre pares, indica una nota de prensa.<\/p>\n<h2>Requisitos para participar<\/h2>\n<p>La convocatoria est\u00e1 dirigida exclusivamente a <strong>organizaciones culturales<\/strong> <strong>legalmente constituidas<\/strong>, con autonom\u00eda administrativa, experiencia comprobada y reflexiones vigentes sobre su sostenibilidad. <strong>No podr\u00e1n participar<\/strong> entidades p\u00fablicas ni con fines de lucro.<\/p>\n<figure class=\"inline-block\">\n<div class=\"expand-img-placeholder\"><img loading=\"lazy\" decoding=\"async\" src=\"https:\/\/resources.diariolibre.com\/images\/expand.svg\" alt=\"Expandir imagen\" width=\"20\" height=\"20\"><span class=\"rutaimagenoriginal-placeholder\">https:\/\/resources.diariolibre.com\/images\/2026\/04\/03\/b431c2cc-5462-4d2e-8dfc-f9d9f339b382-6b8d23ed.jpg<\/span><\/div>\n<p><img decoding=\"async\" loading=\"lazy\" src=\"https:\/\/resources.diariolibre.com\/images\/2026\/04\/03\/b431c2cc-5462-4d2e-8dfc-f9d9f339b382-6b8d23ed.jpg\" width=\"auto\" height=\"350\" alt=\"Infograf\u00eda\" class=\"mx-auto\"><figcaption><span>SURA ha tenido hist\u00f3ricamente un rol activo en la promoci\u00f3n del arte y la cultura.<\/span><span> (<strong>FUENTE EXTERNA<\/strong>)<\/span><\/figcaption><\/figure>\n<p>Los <strong>proyectos<\/strong> deber\u00e1n inscribirse en una de <strong>dos categor\u00edas<\/strong>: <strong>creaci\u00f3n art\u00edstica<\/strong> y\/o comunitaria, enfocada en el desarrollo de productos o experiencias art\u00edsticas, o <strong>pr\u00e1cticas pedag\u00f3gicas<\/strong>, orientadas a procesos formativos y de transmisi\u00f3n de saberes desde el arte y la cultura.<\/p>\n<p>Asimismo, se valorar\u00e1 especialmente el potencial de las propuestas para generar <strong>conversaci\u00f3n p\u00fablica<\/strong>, incidencia cultural y <strong>articulaci\u00f3n regional<\/strong> en torno a los desaf\u00edos compartidos de Am\u00e9rica Latina.<\/p>\n<ul>\n<li>Las organizaciones interesadas podr\u00e1n postular sus iniciativas hasta el 11 de mayo de 2026. Los resultados ser\u00e1n anunciados en julio del mismo a\u00f1o.<\/li>\n<\/ul>\n<p>Con esta iniciativa, la <strong>Fundaci\u00f3n SURA<\/strong> reafirma su <strong>compromiso<\/strong> con la <strong>promoci\u00f3n del arte<\/strong> y la cultura como motores de desarrollo y transformaci\u00f3n social en la regi\u00f3n.<\/p>\n<p><\/p>\n<p>\u200bLa Fundaci\u00f3n SURA anunci\u00f3 la apertura de la segunda edici\u00f3n de Cultura Latinoam\u00e9rica, una convocatoria que busca fortalecer la sostenibilidad y proyecci\u00f3n de organizaciones culturales mediante el desarrollo de proyectos colaborativos entre entidades de distintos pa\u00edses.En esta edici\u00f3n se seleccionar\u00e1n 10 iniciativas presentadas por duplas de organizaciones sin \u00e1nimo de lucro provenientes de M\u00e9xico, Rep\u00fablica Dominicana, Panam\u00e1, Colombia, Brasil, Per\u00fa, Chile y Uruguay. Cada proyecto podr\u00e1 recibir hasta 100,000\u00a0d\u00f3lares para su ejecuci\u00f3n.Adem\u00e1s del financiamiento, las iniciativas seleccionadas participar\u00e1n durante un a\u00f1o en un proceso de acompa\u00f1amiento que incluir\u00e1 desarrollo institucional, comunicaci\u00f3n estrat\u00e9gica, medici\u00f3n de impacto e intercambio de conocimientos entre pares, indica una nota de prensa.Requisitos para participarLa convocatoria est\u00e1 dirigida exclusivamente a organizaciones culturales legalmente constituidas, con autonom\u00eda administrativa, experiencia comprobada y reflexiones vigentes sobre su sostenibilidad. No podr\u00e1n participar entidades p\u00fablicas ni con fines de lucro.https:\/\/resources.diariolibre.com\/images\/2026\/04\/03\/b431c2cc-5462-4d2e-8dfc-f9d9f339b382-6b8d23ed.jpgSURA ha tenido hist\u00f3ricamente un rol activo en la promoci\u00f3n del arte y la cultura. (FUENTE EXTERNA)Los proyectos deber\u00e1n inscribirse en una de dos categor\u00edas: creaci\u00f3n art\u00edstica y\/o comunitaria, enfocada en el desarrollo de productos o experiencias art\u00edsticas, o pr\u00e1cticas pedag\u00f3gicas, orientadas a procesos formativos y de transmisi\u00f3n de saberes desde el arte y la cultura.Asimismo, se valorar\u00e1 especialmente el potencial de las propuestas para generar conversaci\u00f3n p\u00fablica, incidencia cultural y articulaci\u00f3n regional en torno a los desaf\u00edos compartidos de Am\u00e9rica Latina.    Las organizaciones interesadas podr\u00e1n postular sus iniciativas hasta el 11 de mayo de 2026. Los resultados ser\u00e1n anunciados en julio del mismo a\u00f1o.Con esta iniciativa, la Fundaci\u00f3n SURA reafirma su compromiso con la promoci\u00f3n del arte y la cultura como motores de desarrollo y transformaci\u00f3n social en la regi\u00f3n.\u00a0\u00a0Revista, Cultura, Diario Libre, Santo Domingo, proyectos, Fundaci\u00f3n SURA, Convocatoria Cultura Latinoam\u00e9rica 2026\u00a0<\/p>\n","protected":false},"excerpt":{"rendered":"<p>La Fundaci\u00f3n SURA anunci\u00f3 la apertura de la segunda edici\u00f3n de Cultura Latinoam\u00e9rica, una convocatoria que busca fortalecer la sostenibilidad y proyecci\u00f3n de organizaciones culturales mediante el desarrollo de proyectos colaborativos entre entidades de distintos pa\u00edses. En esta edici\u00f3n se seleccionar\u00e1n 10 iniciativas presentadas por duplas de organizaciones sin \u00e1nimo de lucro provenientes de M\u00e9xico, [&hellip;]<\/p>\n","protected":false},"author":1,"featured_media":11493,"comment_status":"open","ping_status":"open","sticky":false,"template":"","format":"standard","meta":{"amp_status":"","footnotes":""},"categories":[9],"tags":[],"class_list":["post-11717","post","type-post","status-publish","format-standard","has-post-thumbnail","hentry","category-espectaculo"],"_links":{"self":[{"href":"https:\/\/ermdigital.com\/index.php?rest_route=\/wp\/v2\/posts\/11717","targetHints":{"allow":["GET"]}}],"collection":[{"href":"https:\/\/ermdigital.com\/index.php?rest_route=\/wp\/v2\/posts"}],"about":[{"href":"https:\/\/ermdigital.com\/index.php?rest_route=\/wp\/v2\/types\/post"}],"author":[{"embeddable":true,"href":"https:\/\/ermdigital.com\/index.php?rest_route=\/wp\/v2\/users\/1"}],"replies":[{"embeddable":true,"href":"https:\/\/ermdigital.com\/index.php?rest_route=%2Fwp%2Fv2%2Fcomments&post=11717"}],"version-history":[{"count":0,"href":"https:\/\/ermdigital.com\/index.php?rest_route=\/wp\/v2\/posts\/11717\/revisions"}],"wp:featuredmedia":[{"embeddable":true,"href":"https:\/\/ermdigital.com\/index.php?rest_route=\/wp\/v2\/media\/11493"}],"wp:attachment":[{"href":"https:\/\/ermdigital.com\/index.php?rest_route=%2Fwp%2Fv2%2Fmedia&parent=11717"}],"wp:term":[{"taxonomy":"category","embeddable":true,"href":"https:\/\/ermdigital.com\/index.php?rest_route=%2Fwp%2Fv2%2Fcategories&post=11717"},{"taxonomy":"post_tag","embeddable":true,"href":"https:\/\/ermdigital.com\/index.php?rest_route=%2Fwp%2Fv2%2Ftags&post=11717"}],"curies":[{"name":"wp","href":"https:\/\/api.w.org\/{rel}","templated":true}]}}