{"id":11685,"date":"2026-04-02T19:22:00","date_gmt":"2026-04-02T23:22:00","guid":{"rendered":"https:\/\/ermdigital.com\/index.php\/2026\/04\/02\/pedro-pascal-filma-cinta-de-epoca-en-ciudad-de-mexico\/"},"modified":"2026-04-02T19:22:00","modified_gmt":"2026-04-02T23:22:00","slug":"pedro-pascal-filma-cinta-de-epoca-en-ciudad-de-mexico","status":"publish","type":"post","link":"https:\/\/ermdigital.com\/?p=11685","title":{"rendered":"Pedro Pascal filma cinta de \u00e9poca en Ciudad de M\u00e9xico"},"content":{"rendered":"<p>El actor de moda en Hollywood, el chileno <strong>Pedro Pascal<\/strong>, quien <strong>filma<\/strong> un cinta de \u00e9poca en <strong>M\u00e9xico<\/strong>, fue visitado este jueves en la locaci\u00f3n de la filmaci\u00f3n en el <strong>Centro Hist\u00f3rico<\/strong> de la Ciudad de <strong>M\u00e9xico<\/strong> por la alcaldesa de la <strong>capital<\/strong>, <strong>Clara Brugada<\/strong>, quien le entreg\u00f3 un <strong>regalo<\/strong> por su <strong>cumplea\u00f1os<\/strong> 51.<\/p>\n<p>\"Es un <strong>honor<\/strong> estar en esta ciudad, en este pa\u00eds; esta <strong>pel\u00edcula<\/strong>, que es un sue\u00f1o para todos nosotros no podr\u00eda existir si no fuera por este pa\u00eds y poder rodarla ac\u00e1, realizando nuestro sue\u00f1o de contar este cuento, gracias enormes de mi coraz\u00f3n y nuestro <strong>equipo<\/strong> a todos\", dijo Pascal en un video que public\u00f3 Brugada en sus redes sociales.<\/p>\n<p>\"Que linda ciudad, es mi <strong>ciudad favorita<\/strong> de todo el mundo\", agreg\u00f3 Pascal en otro video donde saluda a Brugada. \"La ciudad tiene una <strong>magia visual<\/strong>, la <strong>pel\u00edcula<\/strong> no se podr\u00eda hacer en otro pa\u00eds\", a\u00f1adi\u00f3.<\/p>\n<div class=\"social-embed mb-4\">\n<blockquote class=\"instagram-media\" data-instgrm-captioned=\"\" data-instgrm-permalink=\"https:\/\/www.instagram.com\/reel\/DWNPjaLDbyz\/?utm_source=ig_embed&amp;utm_campaign=loading\" data-instgrm-version=\"14\">\n<div> <a href=\"https:\/\/www.instagram.com\/reel\/DWNPjaLDbyz\/?utm_source=ig_embed&amp;utm_campaign=loading\" target=\"_blank\" title=\"       Ver esta publicaci\u00f3n en Instagram            \" rel=\"nofollow noopener noreferrer\"> <\/p>\n<div>\n<div><\/div>\n<div>\n<div><\/div>\n<div><\/div>\n<\/div>\n<\/div>\n<div><\/div>\n<div><\/div>\n<div>\n<div>Ver esta publicaci\u00f3n en Instagram<\/div>\n<\/div>\n<div><\/div>\n<div>\n<div>\n<div><\/div>\n<div><\/div>\n<div><\/div>\n<\/div>\n<div>\n<div><\/div>\n<div><\/div>\n<\/div>\n<div>\n<div><\/div>\n<div><\/div>\n<div><\/div>\n<\/div>\n<\/div>\n<div>\n<div><\/div>\n<div><\/div>\n<\/div>\n<p><\/a><\/p>\n<p><a href=\"https:\/\/www.instagram.com\/reel\/DWNPjaLDbyz\/?utm_source=ig_embed&amp;utm_campaign=loading\" target=\"_blank\" title=\"Una publicaci\u00f3n compartida de Star Wars (@starwars)\" rel=\"nofollow noopener noreferrer\">Una publicaci\u00f3n compartida de Star Wars (@starwars)<\/a><\/p>\n<\/div>\n<\/blockquote>\n<div class=\"lazyload\" data-script=\"https:\/\/www.instagram.com\/embed.js\"><\/div>\n<\/div>\n<p>La alcadesa refiri\u00f3 que Pascal, quien naci\u00f3 el 2 de abril de 1975 en <strong>Santiago de Chile<\/strong>, se encuentra filmando en <strong>M\u00e9xico<\/strong>. \"Hoy visitamos la locaci\u00f3n para saludarlo y celebrar su <strong>cumplea\u00f1os<\/strong>\", coment\u00f3.<\/p>\n<div class=\"w-full pt-2 float-left inside-related\">    <span class=\"border-b border-black pb-3 mb-4 block\"><strong>RELACIONADAS<\/strong><\/span>                <\/p>\n<article class=\"flex flex-wrap border-b pb-4 mb-3 inline-block\">\n<div class=\"xl:w-2\/12 w-4\/12\">\n<figure class=\"mb-0\">                                                    <a href=\"https:\/\/www.diariolibre.com\/revista\/cine\/2025\/05\/17\/pedro-pascal-hollywood-debe-resistir-a-quienes-quieren-intimidar\/3116332?utm_source=relacionadas&amp;utm_medium=nota&amp;utm_campaign=relacionadas\" title=\"                                                                                                                            \">                                                                <img decoding=\"async\" loading=\"lazy\" src=\"https:\/\/resources.diariolibre.com\/images\/2025\/05\/17\/pedro-pascal-2-76d9330b-focus-min0.05-0.16-149-99.jpg\" width=\"149\" height=\"99\" title=\"El actor Pedro Pascal cree que Hollywood debe resistir a los que quieren intimidarnos\" alt=\"El actor Pedro Pascal cree que Hollywood debe resistir a los que quieren intimidarnos\" class=\"object-cover\">                                                            <\/a>                                            <\/figure>\n<\/p><\/div>\n<div class=\"xl:w-10\/12 w-8\/12 pl-3\">\n<div class=\"text-md mb-2 meta\">                        <a href=\"https:\/\/www.diariolibre.com\/revista\/cine\" title=\"Cine\">Cine<\/a>                    <\/div>\n<h2><a href=\"https:\/\/www.diariolibre.com\/revista\/cine\/2025\/05\/17\/pedro-pascal-hollywood-debe-resistir-a-quienes-quieren-intimidar\/3116332?utm_source=relacionadas&amp;utm_medium=nota&amp;utm_campaign=relacionadas\" title=\"El actor Pedro Pascal cree que Hollywood debe resistir a los que quieren intimidarnos\">El actor Pedro Pascal cree que Hollywood debe resistir \"a los que quieren intimidarnos\"<\/a><\/h2>\n<\/p><\/div>\n<\/article><\/div>\n<h2><strong>Talento<\/strong> latino<\/h2>\n<p>\"Reconocemos su <strong>talento<\/strong> y su destacada <strong>trayectoria<\/strong> como uno de los grandes referentes latinos de la <strong>industria audiovisual<\/strong> a nivel internacional\", apunt\u00f3 Brugada en su mensaje en redes sociales.<\/p>\n<ul>\n<li>Tambi\u00e9n dijo que Pascal lleg\u00f3 a la Ciudad de <strong>M\u00e9xico<\/strong> \"y, de pronto \u00a1la <strong>capital<\/strong> se sinti\u00f3 como de <strong>pel\u00edcula<\/strong>. Feliz <strong>cumplea\u00f1os<\/strong>, Pedrito! Gracias por poner el nombre de nuestra comunidad en lo m\u00e1s alto\".<\/li>\n<\/ul>\n<p>La gobernante de la <strong>capital<\/strong> mexicana cerr\u00f3 se\u00f1alando que \"el <strong>cine<\/strong> brilla m\u00e1s con el <strong>talento<\/strong> latino de actores como <strong>Pedro Pascal<\/strong>. Su trabajo ha trascendido g\u00e9neros, idiomas y fronteras, e inspira a nuevas generaciones que sue\u00f1an con interpretar historias desde su identidad y origen\".<\/p>\n<p>\u200bEl actor de moda en Hollywood, el chileno Pedro Pascal, quien filma un cinta de \u00e9poca en M\u00e9xico, fue visitado este jueves en la locaci\u00f3n de la filmaci\u00f3n en el Centro Hist\u00f3rico de la Ciudad de M\u00e9xico por la alcaldesa de la capital, Clara Brugada, quien le entreg\u00f3 un regalo por su cumplea\u00f1os 51.\"Es un honor estar en esta ciudad, en este pa\u00eds; esta pel\u00edcula, que es un sue\u00f1o para todos nosotros no podr\u00eda existir si no fuera por este pa\u00eds y poder rodarla ac\u00e1, realizando nuestro sue\u00f1o de contar este cuento, gracias enormes de mi coraz\u00f3n y nuestro equipo a todos\", dijo Pascal en un video que public\u00f3 Brugada en sus redes sociales.\"Que linda ciudad, es mi ciudad favorita de todo el mundo\", agreg\u00f3 Pascal en otro video donde saluda a Brugada. \"La ciudad tiene una magia visual, la pel\u00edcula no se podr\u00eda hacer en otro pa\u00eds\", a\u00f1adi\u00f3.        Ver esta publicaci\u00f3n en Instagram            Una publicaci\u00f3n compartida de Star Wars (@starwars) La alcadesa refiri\u00f3 que Pascal, quien naci\u00f3 el 2 de abril de 1975 en Santiago de Chile, se encuentra filmando en M\u00e9xico. \"Hoy visitamos la locaci\u00f3n para saludarlo y celebrar su cumplea\u00f1os\", coment\u00f3.    RELACIONADAS                                                                                                                                                                                                                                                                                                                                                            Cine                                        El actor Pedro Pascal cree que Hollywood debe resistir \"a los que quieren intimidarnos\"                                    Talento latino\"Reconocemos su talento y su destacada trayectoria como uno de los grandes referentes latinos de la industria audiovisual a nivel internacional\", apunt\u00f3 Brugada en su mensaje en redes sociales.    Tambi\u00e9n dijo que Pascal lleg\u00f3 a la Ciudad de M\u00e9xico \"y, de pronto \u00a1la capital se sinti\u00f3 como de pel\u00edcula. Feliz cumplea\u00f1os, Pedrito! Gracias por poner el nombre de nuestra comunidad en lo m\u00e1s alto\".La gobernante de la capital mexicana cerr\u00f3 se\u00f1alando que \"el cine brilla m\u00e1s con el talento latino de actores como Pedro Pascal. Su trabajo ha trascendido g\u00e9neros, idiomas y fronteras, e inspira a nuevas generaciones que sue\u00f1an con interpretar historias desde su identidad y origen\".\u00a0\u00a0Revista, Cine, EFE, M\u00e9xico, Regalo, Pedro Pascal, Clara Brugada, alcaldesa de M\u00e9xico\u00a0<\/p>\n","protected":false},"excerpt":{"rendered":"<p>El actor de moda en Hollywood, el chileno Pedro Pascal, quien filma un cinta de \u00e9poca en M\u00e9xico, fue visitado este jueves en la locaci\u00f3n de la filmaci\u00f3n en el Centro Hist\u00f3rico de la Ciudad de M\u00e9xico por la alcaldesa de la capital, Clara Brugada, quien le entreg\u00f3 un regalo por su cumplea\u00f1os 51. \"Es [&hellip;]<\/p>\n","protected":false},"author":1,"featured_media":11476,"comment_status":"open","ping_status":"open","sticky":false,"template":"","format":"standard","meta":{"amp_status":"","footnotes":""},"categories":[9],"tags":[],"class_list":["post-11685","post","type-post","status-publish","format-standard","has-post-thumbnail","hentry","category-espectaculo"],"_links":{"self":[{"href":"https:\/\/ermdigital.com\/index.php?rest_route=\/wp\/v2\/posts\/11685","targetHints":{"allow":["GET"]}}],"collection":[{"href":"https:\/\/ermdigital.com\/index.php?rest_route=\/wp\/v2\/posts"}],"about":[{"href":"https:\/\/ermdigital.com\/index.php?rest_route=\/wp\/v2\/types\/post"}],"author":[{"embeddable":true,"href":"https:\/\/ermdigital.com\/index.php?rest_route=\/wp\/v2\/users\/1"}],"replies":[{"embeddable":true,"href":"https:\/\/ermdigital.com\/index.php?rest_route=%2Fwp%2Fv2%2Fcomments&post=11685"}],"version-history":[{"count":0,"href":"https:\/\/ermdigital.com\/index.php?rest_route=\/wp\/v2\/posts\/11685\/revisions"}],"wp:featuredmedia":[{"embeddable":true,"href":"https:\/\/ermdigital.com\/index.php?rest_route=\/wp\/v2\/media\/11476"}],"wp:attachment":[{"href":"https:\/\/ermdigital.com\/index.php?rest_route=%2Fwp%2Fv2%2Fmedia&parent=11685"}],"wp:term":[{"taxonomy":"category","embeddable":true,"href":"https:\/\/ermdigital.com\/index.php?rest_route=%2Fwp%2Fv2%2Fcategories&post=11685"},{"taxonomy":"post_tag","embeddable":true,"href":"https:\/\/ermdigital.com\/index.php?rest_route=%2Fwp%2Fv2%2Ftags&post=11685"}],"curies":[{"name":"wp","href":"https:\/\/api.w.org\/{rel}","templated":true}]}}