{"id":11658,"date":"2026-04-02T12:30:00","date_gmt":"2026-04-02T16:30:00","guid":{"rendered":"https:\/\/ermdigital.com\/index.php\/2026\/04\/02\/fallece-madre-de-la-comunicadora-dafne-guzman\/"},"modified":"2026-04-02T12:30:00","modified_gmt":"2026-04-02T16:30:00","slug":"fallece-madre-de-la-comunicadora-dafne-guzman","status":"publish","type":"post","link":"https:\/\/ermdigital.com\/?p=11658","title":{"rendered":"Fallece madre de la comunicadora Dafne Guzm\u00e1n"},"content":{"rendered":"<p>Falleci\u00f3 este jueves Zeneida L\u00f3pez, la madre de la comunicadora y presentadora de televisi\u00f3n <strong>Dafne Guzm\u00e1n<\/strong>.<\/p>\n<p>Su partida se produjo a los 74 a\u00f1os, luego de varios meses con delicados problemas de salud.<\/p>\n<p>Los restos de L\u00f3pez, madre tambi\u00e9n de Lucas Guzm\u00e1n, est\u00e1n siendo velados desde esta tarde en el Jard\u00edn Memorial de la avenida 27 de Febrero y ser\u00e1 sepultada este Viernes Santo en el Cementerio Cristo Redentor.<\/p>\n<p>La comunicadora lament\u00f3 la partida de su progenitora en un emotivo mensaje. En \u00e9l record\u00f3 que, en noviembre del a\u00f1o pasado, tras recibir el alta m\u00e9dica en Miami luego de su tratamiento por c\u00e1ncer de pulm\u00f3n, se enter\u00f3 de que su madre hab\u00eda sufrido una ca\u00edda sin informarlo. Al llevarla al m\u00e9dico, fue internada y posteriormente diagnosticada con un accidente cerebrovascular (ACV).<\/p>\n<div class=\"w-full pt-2 float-left inside-related\">    <span class=\"border-b border-black pb-3 mb-4 block\"><strong>RELACIONADAS<\/strong><\/span>                <\/p>\n<article class=\"flex flex-wrap border-b pb-4 mb-3 inline-block\">\n<div class=\"xl:w-2\/12 w-4\/12\">\n<figure class=\"mb-0\">                                                    <a href=\"https:\/\/www.diariolibre.com\/revista\/farandula\/2025\/02\/10\/el-video-de-dafne-guzman-tras-superar-su-cancer\/2994897?utm_source=relacionadas&amp;utm_medium=nota&amp;utm_campaign=relacionadas\" title=\"                                                                                                                            \">                                                                <img decoding=\"async\" loading=\"lazy\" src=\"https:\/\/resources.diariolibre.com\/images\/2025\/02\/10\/el-video-de-dafne-guzman-tras-superar-su-cancer-focus-0.02-0.3-149-99.jpg\" width=\"149\" height=\"99\" title=\"El emotivo video de Dafne Guzm\u00e1n tras superar su c\u00e1ncer\" alt=\"El emotivo video de Dafne Guzm\u00e1n tras superar su c\u00e1ncer\" class=\"object-cover\">                                                            <\/a>                                            <\/figure>\n<\/p><\/div>\n<div class=\"xl:w-10\/12 w-8\/12 pl-3\">\n<div class=\"text-md mb-2 meta\">                        <a href=\"https:\/\/www.diariolibre.com\/revista\/farandula\" title=\"Far\u00e1ndula\">Far\u00e1ndula<\/a>                    <\/div>\n<h2><a href=\"https:\/\/www.diariolibre.com\/revista\/farandula\/2025\/02\/10\/el-video-de-dafne-guzman-tras-superar-su-cancer\/2994897?utm_source=relacionadas&amp;utm_medium=nota&amp;utm_campaign=relacionadas\" title=\"El emotivo video de Dafne Guzm\u00e1n tras superar su c\u00e1ncer\">El emotivo video de Dafne Guzm\u00e1n tras superar su c\u00e1ncer<\/a><\/h2>\n<\/p><\/div>\n<\/article><\/div>\n<p>Luego de varios estudios, se determin\u00f3 que ten\u00eda dos hematomas subdurales y la sometieron a una operaci\u00f3n, en la que le encontraron adem\u00e1s dos n\u00f3dulos en los <strong>pulmones <\/strong>que, al ser analizados en el<em> PET scan<\/em>, dieron positivo a c\u00e9lulas cancerosas.<\/p>\n<p>Dafne relat\u00f3 que su madre decidi\u00f3 no someterse a tratamiento y pidi\u00f3 que le permitieran vivir el tiempo que le quedaba viajando. Ante esto, la familia realiz\u00f3 varios viajes con ella.<\/p>\n<p>La comunicadora cont\u00f3 con dolor que presuntamente los m\u00e9dicos actuaron con negligencia al no detectar a tiempo el padecimiento de su madre, y que cuando fue llevada a un especialista en Miami, que vio los resultados y las im\u00e1genes adjuntas, alegadamente expres\u00f3: \"\u00a1Dios m\u00edo, pero pr\u00e1cticamente la mataron!\", al ver que el pulm\u00f3n hab\u00eda sido perforado.<\/p>\n<p>A su regreso al pa\u00eds, en una cita ya pautada con la misma doctora que la atendi\u00f3, \u00e9sta -seg\u00fan indic\u00f3 la comunicadora- no admiti\u00f3 su error y les dijo que eso hab\u00eda sido un derrame pleural, por lo que iniciaron con do\u00f1a Zeneida tratamientos paliativos.<\/p>\n<p>\u201cLa biopsia fue el 12 de agosto del pasado a\u00f1o, fruto de eso se intern\u00f3 cuatro veces, perdi\u00f3 parte de un pie ya que no le estaba llegando el ox\u00edgeno fruto de una ar\u00edtmia card\u00edaca, le dio una neumon\u00eda y muri\u00f3\u201d, explic\u00f3 Dafne.<\/p>\n<p>A la hora de su muerte, Zeneida contaba con 74 a\u00f1os.<\/p>\n<p><strong>Dafne Guzm\u00e1n<\/strong> se destac\u00f3 por a\u00f1os con su programa de televisi\u00f3n \"De calle\", por el que fue nominada en varias ocasiones a los Premios Soberano, y ganadora de dos estatuillas en el 2004 y 2011. Dafne tambi\u00e9n ha sido reconocida como Mejor Locutora, por el C\u00edrculo de Locutores, y nominada al Premio Nacional de la Juventud.<\/p>\n<p>\u200bFalleci\u00f3 este jueves Zeneida L\u00f3pez, la madre de la comunicadora y presentadora de televisi\u00f3n Dafne Guzm\u00e1n.Su partida se produjo a los 74 a\u00f1os, luego de varios meses con delicados problemas de salud.Los restos de L\u00f3pez, madre tambi\u00e9n de Lucas Guzm\u00e1n, est\u00e1n siendo velados desde esta tarde en el Jard\u00edn Memorial de la avenida 27 de Febrero y ser\u00e1 sepultada este Viernes Santo en el Cementerio Cristo Redentor.La comunicadora lament\u00f3 la partida de su progenitora en un emotivo mensaje. En \u00e9l record\u00f3 que, en noviembre del a\u00f1o pasado, tras recibir el alta m\u00e9dica en Miami luego de su tratamiento por c\u00e1ncer de pulm\u00f3n, se enter\u00f3 de que su madre hab\u00eda sufrido una ca\u00edda sin informarlo. Al llevarla al m\u00e9dico, fue internada y posteriormente diagnosticada con un accidente cerebrovascular (ACV).    RELACIONADAS                                                                                                                                                                                                                                                                                                                                                            Far\u00e1ndula                                        El emotivo video de Dafne Guzm\u00e1n tras superar su c\u00e1ncer                                    Luego de varios estudios, se determin\u00f3 que ten\u00eda dos hematomas subdurales y la sometieron a una operaci\u00f3n, en la que le encontraron adem\u00e1s dos n\u00f3dulos en los pulmones que, al ser analizados en el PET scan, dieron positivo a c\u00e9lulas cancerosas.Dafne relat\u00f3 que su madre decidi\u00f3 no someterse a tratamiento y pidi\u00f3 que le permitieran vivir el tiempo que le quedaba viajando. Ante esto, la familia realiz\u00f3 varios viajes con ella.La comunicadora cont\u00f3 con dolor que presuntamente los m\u00e9dicos actuaron con negligencia al no detectar a tiempo el padecimiento de su madre, y que cuando fue llevada a un especialista en Miami, que vio los resultados y las im\u00e1genes adjuntas, alegadamente expres\u00f3: \"\u00a1Dios m\u00edo, pero pr\u00e1cticamente la mataron!\", al ver que el pulm\u00f3n hab\u00eda sido perforado.A su regreso al pa\u00eds, en una cita ya pautada con la misma doctora que la atendi\u00f3, \u00e9sta -seg\u00fan indic\u00f3 la comunicadora- no admiti\u00f3 su error y les dijo que eso hab\u00eda sido un derrame pleural, por lo que iniciaron con do\u00f1a Zeneida tratamientos paliativos.\u201cLa biopsia fue el 12 de agosto del pasado a\u00f1o, fruto de eso se intern\u00f3 cuatro veces, perdi\u00f3 parte de un pie ya que no le estaba llegando el ox\u00edgeno fruto de una ar\u00edtmia card\u00edaca, le dio una neumon\u00eda y muri\u00f3\u201d, explic\u00f3 Dafne.A la hora de su muerte, Zeneida contaba con 74 a\u00f1os.Dafne Guzm\u00e1n se destac\u00f3 por a\u00f1os con su programa de televisi\u00f3n \"De calle\", por el que fue nominada en varias ocasiones a los Premios Soberano, y ganadora de dos estatuillas en el 2004 y 2011. Dafne tambi\u00e9n ha sido reconocida como Mejor Locutora, por el C\u00edrculo de Locutores, y nominada al Premio Nacional de la Juventud.\u00a0\u00a0Revista, Far\u00e1ndula, Diario Libre, Santo Domingo, Fallecimiento, Dafne Guzm\u00e1n, Zenaida L\u00f3pez, Madre de Dafne Guzm\u00e1n\u00a0<\/p>\n","protected":false},"excerpt":{"rendered":"<p>Falleci\u00f3 este jueves Zeneida L\u00f3pez, la madre de la comunicadora y presentadora de televisi\u00f3n Dafne Guzm\u00e1n. Su partida se produjo a los 74 a\u00f1os, luego de varios meses con delicados problemas de salud. Los restos de L\u00f3pez, madre tambi\u00e9n de Lucas Guzm\u00e1n, est\u00e1n siendo velados desde esta tarde en el Jard\u00edn Memorial de la avenida [&hellip;]<\/p>\n","protected":false},"author":1,"featured_media":11244,"comment_status":"open","ping_status":"open","sticky":false,"template":"","format":"standard","meta":{"amp_status":"","footnotes":""},"categories":[9],"tags":[],"class_list":["post-11658","post","type-post","status-publish","format-standard","has-post-thumbnail","hentry","category-espectaculo"],"_links":{"self":[{"href":"https:\/\/ermdigital.com\/index.php?rest_route=\/wp\/v2\/posts\/11658","targetHints":{"allow":["GET"]}}],"collection":[{"href":"https:\/\/ermdigital.com\/index.php?rest_route=\/wp\/v2\/posts"}],"about":[{"href":"https:\/\/ermdigital.com\/index.php?rest_route=\/wp\/v2\/types\/post"}],"author":[{"embeddable":true,"href":"https:\/\/ermdigital.com\/index.php?rest_route=\/wp\/v2\/users\/1"}],"replies":[{"embeddable":true,"href":"https:\/\/ermdigital.com\/index.php?rest_route=%2Fwp%2Fv2%2Fcomments&post=11658"}],"version-history":[{"count":0,"href":"https:\/\/ermdigital.com\/index.php?rest_route=\/wp\/v2\/posts\/11658\/revisions"}],"wp:featuredmedia":[{"embeddable":true,"href":"https:\/\/ermdigital.com\/index.php?rest_route=\/wp\/v2\/media\/11244"}],"wp:attachment":[{"href":"https:\/\/ermdigital.com\/index.php?rest_route=%2Fwp%2Fv2%2Fmedia&parent=11658"}],"wp:term":[{"taxonomy":"category","embeddable":true,"href":"https:\/\/ermdigital.com\/index.php?rest_route=%2Fwp%2Fv2%2Fcategories&post=11658"},{"taxonomy":"post_tag","embeddable":true,"href":"https:\/\/ermdigital.com\/index.php?rest_route=%2Fwp%2Fv2%2Ftags&post=11658"}],"curies":[{"name":"wp","href":"https:\/\/api.w.org\/{rel}","templated":true}]}}