{"id":11657,"date":"2026-04-02T15:49:00","date_gmt":"2026-04-02T19:49:00","guid":{"rendered":"https:\/\/ermdigital.com\/index.php\/2026\/04\/02\/alec-baldwin-disfruta-de-semana-santa-en-rd\/"},"modified":"2026-04-02T15:49:00","modified_gmt":"2026-04-02T19:49:00","slug":"alec-baldwin-disfruta-de-semana-santa-en-rd","status":"publish","type":"post","link":"https:\/\/ermdigital.com\/?p=11657","title":{"rendered":"Alec Baldwin disfruta de Semana Santa en RD"},"content":{"rendered":"<p>El actor estadounidense <strong>Alec Baldwin<\/strong> se encuentra en la <strong>Rep\u00fablica Dominicana<\/strong> disfrutando del asueto de <strong>Semana Santa. <\/strong>De acuerdo con publicaciones en redes sociales, est\u00e1 en <strong>Las Terrenas<\/strong>, en <strong>Saman\u00e1<\/strong>.<\/p>\n<p>Baldwin vacaciona acompa\u00f1ado de su <strong>esposa<\/strong>, <strong>Hilaria<\/strong>, y sus hijos, con quienes ha compartido parte de su estad\u00eda en publicaciones en redes sociales.<\/p>\n<p>Asimismo, <strong>Hilaria<\/strong> podr\u00eda estar grabando un proyecto en el pa\u00eds, debido a que, en una publicaci\u00f3n en <strong>Instagram,<\/strong> destac\u00f3 su felicidad de que sus hijos vinieran a visitarla.<\/p>\n<p>\"Me encanta que mi <strong>familia<\/strong> haya venido a verme despu\u00e9s de mi viaje de trabajo. \u00a1Qu\u00e9 momento tan especial estar aqu\u00ed juntos! Advertencia: Leo se abri\u00f3 la frente y nos atendieron muy bien en el hospital. Estoy muy agradecida por su amabilidad y <strong>atenci\u00f3n<\/strong>. Aparte de eso, hemos estado en la playa, juntos, practicando caminar como cangrejos. Creamos <strong>recuerdos<\/strong>. Los extra\u00f1\u00e9 much\u00edsimo, \u00a1me doli\u00f3!   #hilariabaldwin #viajedetrabajo #alecbaldwin #losbaldwin #familia\", escribi\u00f3 en una serie de fotos de diversos momentos divertidos.<\/p>\n<div class=\"my-12 component gallery relative small-slider\">\n<div class=\"slider-container\">\n<figure class=\"slider-item\">\n<div class=\"expand-img-placeholder\"><img loading=\"lazy\" decoding=\"async\" src=\"https:\/\/resources.diariolibre.com\/images\/expand.svg\" alt=\"Expandir imagen\" width=\"20\" height=\"20\"><span class=\"rutaimagenoriginal-placeholder\">https:\/\/resources.diariolibre.com\/images\/2026\/04\/03\/img-20260402-wa0606-540daec1.jpg<\/span><\/div>\n<p><img decoding=\"async\" src=\"https:\/\/resources.diariolibre.com\/images\/2026\/04\/03\/img-20260402-wa0606-540daec1.jpg\" width=\"100%\" alt=\"Hilaria Baldwin con uno de sus hijos.\" class=\"w-full object-cover\"><figcaption><span>Hilaria Baldwin con uno de sus hijos.<\/span><span> (<strong>FUENTE EXTERNA<\/strong>)<\/span><\/figcaption><\/figure>\n<figure class=\"slider-item\">\n<div class=\"expand-img-placeholder\"><img loading=\"lazy\" decoding=\"async\" src=\"https:\/\/resources.diariolibre.com\/images\/expand.svg\" alt=\"Expandir imagen\" width=\"20\" height=\"20\"><span class=\"rutaimagenoriginal-placeholder\">https:\/\/resources.diariolibre.com\/images\/2026\/04\/03\/img-20260402-wa0607-b9c1b7eb.jpg<\/span><\/div>\n<p><img decoding=\"async\" src=\"https:\/\/resources.diariolibre.com\/images\/2026\/04\/03\/img-20260402-wa0607-b9c1b7eb.jpg\" width=\"100%\" alt=\"Hilaria Baldwin con una de sus hijas.\" class=\"w-full object-cover\"><figcaption><span>Hilaria Baldwin con una de sus hijas.<\/span><span> (<strong>FUENTE EXTERNA<\/strong>)<\/span><\/figcaption><\/figure>\n<\/p><\/div>\n<div class=\"slider-arrows\">\n<div class=\"slider-arrow prev\">\u2039<\/div>\n<div class=\"slider-arrow next\">\u203a<\/div>\n<\/p><\/div>\n<ul class=\"slider-dots\"><\/ul>\n<\/div>\n<p>La pareja tiene <strong>siete hijos<\/strong> en com\u00fan: <strong>Carmen<\/strong>, Mar\u00eda Luc\u00eda, Rafael, Leonardo, Romeo, Eduardo e Ilaria, cuyas edades oscilan entre los tres y 12 a\u00f1os de edad.<\/p>\n<p> Durante su <strong>estancia<\/strong> en el pa\u00eds, el actor ha mostrado <strong>momentos familiares<\/strong> en un ambiente relajado, disfrutando de las <strong>playas<\/strong> que caracterizan la zona.<\/p>\n<div class=\"social-embed mb-4\">\n<blockquote class=\"instagram-media\" data-instgrm-captioned=\"\" data-instgrm-permalink=\"https:\/\/www.instagram.com\/p\/DWpI7qrEqVH\/?utm_source=ig_embed&amp;utm_campaign=loading\" data-instgrm-version=\"14\">\n<div> <a href=\"https:\/\/www.instagram.com\/p\/DWpI7qrEqVH\/?utm_source=ig_embed&amp;utm_campaign=loading\" target=\"_blank\" title=\"       Ver esta publicaci\u00f3n en Instagram            \" rel=\"nofollow noopener noreferrer\"> <\/p>\n<div>\n<div><\/div>\n<div>\n<div><\/div>\n<div><\/div>\n<\/div>\n<\/div>\n<div><\/div>\n<div><\/div>\n<div>\n<div>Ver esta publicaci\u00f3n en Instagram<\/div>\n<\/div>\n<div><\/div>\n<div>\n<div>\n<div><\/div>\n<div><\/div>\n<div><\/div>\n<\/div>\n<div>\n<div><\/div>\n<div><\/div>\n<\/div>\n<div>\n<div><\/div>\n<div><\/div>\n<div><\/div>\n<\/div>\n<\/div>\n<div>\n<div><\/div>\n<div><\/div>\n<\/div>\n<p><\/a><\/p>\n<p><a href=\"https:\/\/www.instagram.com\/p\/DWpI7qrEqVH\/?utm_source=ig_embed&amp;utm_campaign=loading\" target=\"_blank\" title=\"Una publicaci\u00f3n compartida de Alec Baldwin (@alecbaldwininsta)\" rel=\"nofollow noopener noreferrer\">Una publicaci\u00f3n compartida de Alec Baldwin (@alecbaldwininsta)<\/a><\/p>\n<\/div>\n<\/blockquote>\n<div class=\"lazyload\" data-script=\"https:\/\/www.instagram.com\/embed.js\"><\/div>\n<\/div>\n<p>La presencia del reconocido int\u00e9rprete tambi\u00e9n ha sido confirmada por <strong>im\u00e1genes<\/strong> difundidas por <strong>visitantes<\/strong> que lo han visto en la <strong>localidad<\/strong> en los \u00faltimos d\u00edas.<\/p>\n<article class=\"border-t border-b py-5 mb-5 component nota-incrustada\">    <span class=\"block mb-2\"><strong>Te puede interesar<\/strong><\/span>                <\/p>\n<h2><a href=\"https:\/\/www.diariolibre.com\/revista\/cine\/2025\/01\/10\/alec-baldwin-demanda-a-fiscales-del-caso-rust-por-acusaciones-falsas\/2963990?utm_source=relacionadas&amp;utm_medium=nota&amp;utm_campaign=relacionadas\" title=\"Alec Baldwin demanda a los fiscales del caso Rust por acusaciones falsas\">Alec Baldwin demanda a los fiscales del caso 'Rust' por acusaciones falsas<\/a><\/h2>\n<\/article>\n<div class=\"social-embed mb-4\">\n<blockquote class=\"instagram-media\" data-instgrm-captioned=\"\" data-instgrm-permalink=\"https:\/\/www.instagram.com\/p\/DWhJT40kbv1\/?utm_source=ig_embed&amp;utm_campaign=loading\" data-instgrm-version=\"14\">\n<div> <a href=\"https:\/\/www.instagram.com\/p\/DWhJT40kbv1\/?utm_source=ig_embed&amp;utm_campaign=loading\" target=\"_blank\" title=\"       Ver esta publicaci\u00f3n en Instagram            \" rel=\"nofollow noopener noreferrer\"> <\/p>\n<div>\n<div><\/div>\n<div>\n<div><\/div>\n<div><\/div>\n<\/div>\n<\/div>\n<div><\/div>\n<div><\/div>\n<div>\n<div>Ver esta publicaci\u00f3n en Instagram<\/div>\n<\/div>\n<div><\/div>\n<div>\n<div>\n<div><\/div>\n<div><\/div>\n<div><\/div>\n<\/div>\n<div>\n<div><\/div>\n<div><\/div>\n<\/div>\n<div>\n<div><\/div>\n<div><\/div>\n<div><\/div>\n<\/div>\n<\/div>\n<div>\n<div><\/div>\n<div><\/div>\n<\/div>\n<p><\/a><\/p>\n<p><a href=\"https:\/\/www.instagram.com\/p\/DWhJT40kbv1\/?utm_source=ig_embed&amp;utm_campaign=loading\" target=\"_blank\" title=\"Una publicaci\u00f3n compartida de Hilaria Thomas Baldwin (@hilariabaldwin)\" rel=\"nofollow noopener noreferrer\">Una publicaci\u00f3n compartida de Hilaria Thomas Baldwin (@hilariabaldwin)<\/a><\/p>\n<\/div>\n<\/blockquote><\/div>\n<p>En una de las fotograf\u00edas compartidas, Baldwin aparece acompa\u00f1ado de una persona con gran parecido al actor <strong>Antonio Banderas<\/strong>, a quien incluso etiquet\u00f3 en tono de broma, lo que gener\u00f3 <strong>comentarios<\/strong> entre sus seguidores.<\/p>\n<p><strong>Las Terrenas<\/strong> es uno de los destinos m\u00e1s frecuentados por <strong>turistas<\/strong> y celebridades que visitan el pa\u00eds. Una de las paradas que no faltan all\u00ed es <strong>Playa Bonita<\/strong>, en cuyos alrededores se rentan villas de mediana y alta gama.<\/p>\n<h2><strong>Caso<\/strong> que marc\u00f3 su carrera\u00a0<\/h2>\n<p>El actor qued\u00f3 marcado en los \u00faltimos a\u00f1os debido al incidente ocurrido durante el rodaje de la pel\u00edcula \"<strong>Rust<\/strong>\", en el que se produjo un disparo accidental que caus\u00f3 la muerte de la directora de <strong>fotograf\u00eda<\/strong> <strong>Halyna Hutchins<\/strong>.<\/p>\n<p> El <strong>caso<\/strong> deriv\u00f3 en un <strong>proceso judicial<\/strong> que impact\u00f3 su <strong>imagen<\/strong> p\u00fablica. En el \u00e1mbito legal, los cargos de <strong>homicidio involuntario<\/strong> en su contra fueron finalmente retirados en <strong>2023<\/strong>, tras nuevas evaluaciones de las pruebas, lo que puso fin a su situaci\u00f3n judicial directa en el <strong>caso<\/strong>.<\/p>\n<div class=\"w-full pt-2 float-left inside-related\">    <span class=\"border-b border-black pb-3 mb-4 block\"><strong>RELACIONADAS<\/strong><\/span>                <\/p>\n<article class=\"flex flex-wrap border-b pb-4 mb-3 inline-block\">\n<div class=\"xl:w-2\/12 w-4\/12\">\n<figure class=\"mb-0\">                                                    <a href=\"https:\/\/www.diariolibre.com\/revista\/cine\/2025\/03\/04\/familia-de-halyna-hutchins-critica-la-serie-de-alec-baldwin\/3021388?utm_source=relacionadas&amp;utm_medium=nota&amp;utm_campaign=relacionadas\" title=\"                                                                                                                            \">                                                                <img decoding=\"async\" loading=\"lazy\" src=\"https:\/\/resources.diariolibre.com\/images\/2025\/03\/05\/ykkzmxcfdzo6fo5vtrmzp7frku-f1b0951a-focus-min0.05-0.34-149-99.jpg\" width=\"149\" height=\"99\" title=\"Familia de Halyna Hutchins critica la serie de Alec Baldwin y le exige declarar\" alt=\"Familia de Halyna Hutchins critica la serie de Alec Baldwin y le exige declarar\" class=\"object-cover\">                                                            <\/a>                                            <\/figure>\n<\/p><\/div>\n<div class=\"xl:w-10\/12 w-8\/12 pl-3\">\n<div class=\"text-md mb-2 meta\">                        <a href=\"https:\/\/www.diariolibre.com\/revista\/cine\" title=\"Cine\">Cine<\/a>                    <\/div>\n<h2><a href=\"https:\/\/www.diariolibre.com\/revista\/cine\/2025\/03\/04\/familia-de-halyna-hutchins-critica-la-serie-de-alec-baldwin\/3021388?utm_source=relacionadas&amp;utm_medium=nota&amp;utm_campaign=relacionadas\" title=\"Familia de Halyna Hutchins critica la serie de Alec Baldwin y le exige declarar\">Familia de Halyna Hutchins critica la serie de Alec Baldwin y le exige declarar<\/a><\/h2>\n<\/p><\/div>\n<\/article>\n<article class=\"flex flex-wrap border-b pb-4 mb-3 inline-block\">\n<div class=\"xl:w-2\/12 w-4\/12\">\n<figure class=\"mb-0\">                                                    <a href=\"https:\/\/www.diariolibre.com\/revista\/cine\/2025\/05\/24\/la-armera-del-filme-rust-hannah-gutierrez-sale-de-la-carcel\/3125447?utm_source=relacionadas&amp;utm_medium=nota&amp;utm_campaign=relacionadas\" title=\"                                                                                                                            \">                                                                <img decoding=\"async\" loading=\"lazy\" src=\"https:\/\/resources.diariolibre.com\/images\/2024\/09\/30\/armera-de-rust-ve-denegada-peticion-de-nuevo-juicio-focus-0-0-149-99.jpg\" width=\"149\" height=\"99\" title=\"Armera condenada por muerte en el set de Rust sale de la c\u00e1rcel\" alt=\"Armera condenada por muerte en el set de Rust sale de la c\u00e1rcel\" class=\"object-cover\">                                                            <\/a>                                            <\/figure>\n<\/p><\/div>\n<div class=\"xl:w-10\/12 w-8\/12 pl-3\">\n<div class=\"text-md mb-2 meta\">                        <a href=\"https:\/\/www.diariolibre.com\/revista\/cine\" title=\"Cine\">Cine<\/a>                    <\/div>\n<h2><a href=\"https:\/\/www.diariolibre.com\/revista\/cine\/2025\/05\/24\/la-armera-del-filme-rust-hannah-gutierrez-sale-de-la-carcel\/3125447?utm_source=relacionadas&amp;utm_medium=nota&amp;utm_campaign=relacionadas\" title=\"Armera condenada por muerte en el set de Rust sale de la c\u00e1rcel\">Armera condenada por muerte en el set de \"Rust\" sale de la c\u00e1rcel<\/a><\/h2>\n<\/p><\/div>\n<\/article><\/div>\n<p>\u200bEl actor estadounidense Alec Baldwin se encuentra en la Rep\u00fablica Dominicana disfrutando del asueto de Semana Santa. De acuerdo con publicaciones en redes sociales, est\u00e1 en Las Terrenas, en Saman\u00e1.Baldwin vacaciona acompa\u00f1ado de su esposa, Hilaria, y sus hijos, con quienes ha compartido parte de su estad\u00eda en publicaciones en redes sociales.Asimismo, Hilaria podr\u00eda estar grabando un proyecto en el pa\u00eds, debido a que, en una publicaci\u00f3n en Instagram, destac\u00f3 su felicidad de que sus hijos vinieran a visitarla.\"Me encanta que mi familia haya venido a verme despu\u00e9s de mi viaje de trabajo. \u00a1Qu\u00e9 momento tan especial estar aqu\u00ed juntos! Advertencia: Leo se abri\u00f3 la frente y nos atendieron muy bien en el hospital. Estoy muy agradecida por su amabilidad y atenci\u00f3n. Aparte de eso, hemos estado en la playa, juntos, practicando caminar como cangrejos. Creamos recuerdos. Los extra\u00f1\u00e9 much\u00edsimo, \u00a1me doli\u00f3!   #hilariabaldwin #viajedetrabajo #alecbaldwin #losbaldwin #familia\", escribi\u00f3 en una serie de fotos de diversos momentos divertidos.            https:\/\/resources.diariolibre.com\/images\/2026\/04\/03\/img-20260402-wa0606-540daec1.jpgHilaria Baldwin con uno de sus hijos. (FUENTE EXTERNA)https:\/\/resources.diariolibre.com\/images\/2026\/04\/03\/img-20260402-wa0607-b9c1b7eb.jpgHilaria Baldwin con una de sus hijas. (FUENTE EXTERNA)                \u2039        \u203a        La pareja tiene siete hijos en com\u00fan: Carmen, Mar\u00eda Luc\u00eda, Rafael, Leonardo, Romeo, Eduardo e Ilaria, cuyas edades oscilan entre los tres y 12 a\u00f1os de edad. Durante su estancia en el pa\u00eds, el actor ha mostrado momentos familiares en un ambiente relajado, disfrutando de las playas que caracterizan la zona.        Ver esta publicaci\u00f3n en Instagram            Una publicaci\u00f3n compartida de Alec Baldwin (@alecbaldwininsta) La presencia del reconocido int\u00e9rprete tambi\u00e9n ha sido confirmada por im\u00e1genes difundidas por visitantes que lo han visto en la localidad en los \u00faltimos d\u00edas.    Te puede interesar                Alec Baldwin demanda a los fiscales del caso 'Rust' por acusaciones falsas                    Ver esta publicaci\u00f3n en Instagram            Una publicaci\u00f3n compartida de Hilaria Thomas Baldwin (@hilariabaldwin) En una de las fotograf\u00edas compartidas, Baldwin aparece acompa\u00f1ado de una persona con gran parecido al actor Antonio Banderas, a quien incluso etiquet\u00f3 en tono de broma, lo que gener\u00f3 comentarios entre sus seguidores.Las Terrenas es uno de los destinos m\u00e1s frecuentados por turistas y celebridades que visitan el pa\u00eds. Una de las paradas que no faltan all\u00ed es Playa Bonita, en cuyos alrededores se rentan villas de mediana y alta gama.Caso que marc\u00f3 su carrera\u00a0El actor qued\u00f3 marcado en los \u00faltimos a\u00f1os debido al incidente ocurrido durante el rodaje de la pel\u00edcula \"Rust\", en el que se produjo un disparo accidental que caus\u00f3 la muerte de la directora de fotograf\u00eda Halyna Hutchins. El caso deriv\u00f3 en un proceso judicial que impact\u00f3 su imagen p\u00fablica. En el \u00e1mbito legal, los cargos de homicidio involuntario en su contra fueron finalmente retirados en 2023, tras nuevas evaluaciones de las pruebas, lo que puso fin a su situaci\u00f3n judicial directa en el caso.    RELACIONADAS                                                                                                                                                                                                                                                                                                                                                            Cine                                        Familia de Halyna Hutchins critica la serie de Alec Baldwin y le exige declarar                                                                                                                                                                                                                                                                                                                                                                                            Cine                                        Armera condenada por muerte en el set de \"Rust\" sale de la c\u00e1rcel\u00a0\u00a0Revista, Far\u00e1ndula, Diario Libre, Santo Domingo, Saman\u00e1, Alec Baldwin, Las Terrenas, Actor de Hollywood\u00a0<\/p>\n","protected":false},"excerpt":{"rendered":"<p>El actor estadounidense Alec Baldwin se encuentra en la Rep\u00fablica Dominicana disfrutando del asueto de Semana Santa. De acuerdo con publicaciones en redes sociales, est\u00e1 en Las Terrenas, en Saman\u00e1. Baldwin vacaciona acompa\u00f1ado de su esposa, Hilaria, y sus hijos, con quienes ha compartido parte de su estad\u00eda en publicaciones en redes sociales. Asimismo, Hilaria [&hellip;]<\/p>\n","protected":false},"author":1,"featured_media":11398,"comment_status":"open","ping_status":"open","sticky":false,"template":"","format":"standard","meta":{"amp_status":"","footnotes":""},"categories":[9],"tags":[],"class_list":["post-11657","post","type-post","status-publish","format-standard","has-post-thumbnail","hentry","category-espectaculo"],"_links":{"self":[{"href":"https:\/\/ermdigital.com\/index.php?rest_route=\/wp\/v2\/posts\/11657","targetHints":{"allow":["GET"]}}],"collection":[{"href":"https:\/\/ermdigital.com\/index.php?rest_route=\/wp\/v2\/posts"}],"about":[{"href":"https:\/\/ermdigital.com\/index.php?rest_route=\/wp\/v2\/types\/post"}],"author":[{"embeddable":true,"href":"https:\/\/ermdigital.com\/index.php?rest_route=\/wp\/v2\/users\/1"}],"replies":[{"embeddable":true,"href":"https:\/\/ermdigital.com\/index.php?rest_route=%2Fwp%2Fv2%2Fcomments&post=11657"}],"version-history":[{"count":0,"href":"https:\/\/ermdigital.com\/index.php?rest_route=\/wp\/v2\/posts\/11657\/revisions"}],"wp:featuredmedia":[{"embeddable":true,"href":"https:\/\/ermdigital.com\/index.php?rest_route=\/wp\/v2\/media\/11398"}],"wp:attachment":[{"href":"https:\/\/ermdigital.com\/index.php?rest_route=%2Fwp%2Fv2%2Fmedia&parent=11657"}],"wp:term":[{"taxonomy":"category","embeddable":true,"href":"https:\/\/ermdigital.com\/index.php?rest_route=%2Fwp%2Fv2%2Fcategories&post=11657"},{"taxonomy":"post_tag","embeddable":true,"href":"https:\/\/ermdigital.com\/index.php?rest_route=%2Fwp%2Fv2%2Ftags&post=11657"}],"curies":[{"name":"wp","href":"https:\/\/api.w.org\/{rel}","templated":true}]}}