{"id":11612,"date":"2026-04-02T11:58:00","date_gmt":"2026-04-02T15:58:00","guid":{"rendered":"https:\/\/ermdigital.com\/index.php\/2026\/04\/02\/iglesias-se-reunen-en-santo-domingo-en-acto-musical-por-la-pascua\/"},"modified":"2026-04-02T11:58:00","modified_gmt":"2026-04-02T15:58:00","slug":"iglesias-se-reunen-en-santo-domingo-en-acto-musical-por-la-pascua","status":"publish","type":"post","link":"https:\/\/ermdigital.com\/?p=11612","title":{"rendered":"Iglesias se re\u00fanen en Santo Domingo en acto musical por la Pascua"},"content":{"rendered":"<p><strong>M\u00e1s de mil personas<\/strong> asistieron al primer <strong>Devocional Musical Interreligioso<\/strong> de <strong>Pascua<\/strong> \u201c\u00a1\u00c9l Vive!\u201d, organizado por La Iglesia de <strong>Jesucristo<\/strong> de los Santos de los \u00daltimos D\u00edas en el Aula Magna de la <strong>Universidad Aut\u00f3noma de Santo Domingo<\/strong> (<strong>UASD<\/strong>), en una actividad que reuni\u00f3 a distintas denominaciones cristianas en torno a la conmemoraci\u00f3n de la <strong>Semana Santa<\/strong>.<\/p>\n<h2>Participaci\u00f3n de coros y comunidades religiosas<\/h2>\n<p>El acto, centrado en la figura de <strong>Jesucristo<\/strong>, incluy\u00f3 <strong>presentaciones musicales<\/strong> de varias comunidades religiosas. El coro de la Fundaci\u00f3n Fe y Alegr\u00eda, en representaci\u00f3n de la <strong>Iglesia Cat\u00f3lica<\/strong>, interpret\u00f3 las piezas Ave Verum Corpus y Anima Christi. Tambi\u00e9n particip\u00f3 el coro de la Iglesia Adventista del S\u00e9ptimo D\u00eda, con la obra V\u00eda Dolorosa.<\/p>\n<p>El programa incorpor\u00f3 adem\u00e1s la intervenci\u00f3n del <strong>Coro Nacional de Ni\u00f1os Dominicanos<\/strong>, dirigido por el maestro <strong>\u00c1ngel Herdz<\/strong>, que interpret\u00f3 composiciones como Dona Nobis Pacem, Magnificat y Resurrexit. A esto se sum\u00f3 el coro de la Estaca Santo Domingo Central de la <strong>Iglesia organizadora<\/strong>, con las obras Sus Manos, No hubo un h\u00e9roe m\u00e1s grande y Yo s\u00e9 que vive mi Se\u00f1or.<\/p>\n<div class=\"w-full pt-2 float-left inside-related\">    <span class=\"border-b border-black pb-3 mb-4 block\"><strong>RELACIONADAS<\/strong><\/span>                <\/p>\n<article class=\"flex flex-wrap border-b pb-4 mb-3 inline-block\">\n<div class=\"xl:w-2\/12 w-4\/12\">\n<figure class=\"mb-0\">                                                    <a href=\"https:\/\/www.diariolibre.com\/actualidad\/nacional\/2023\/06\/07\/iglesia-mormona-lanza-campana-sigue-a-jesucristo\/2338922?utm_source=relacionadas&amp;utm_medium=nota&amp;utm_campaign=relacionadas\" title=\"                                                                                                                            \">                                                                <img decoding=\"async\" loading=\"lazy\" src=\"https:\/\/resources.diariolibre.com\/images\/2023\/06\/08\/santodomingodominicanrepublictemplelds-a6ab0deb-focus-0-0-149-99.jpg\" width=\"149\" height=\"99\" title=\"Iglesia de Jesucristo de los Santos de los \u00daltimos D\u00edas lanza la campa\u00f1a \u201cSigue a Jesucristo\u201d\" alt=\"Iglesia de Jesucristo de los Santos de los \u00daltimos D\u00edas lanza la campa\u00f1a \u201cSigue a Jesucristo\u201d\" class=\"object-cover\">                                                            <\/a>                                            <\/figure>\n<\/p><\/div>\n<div class=\"xl:w-10\/12 w-8\/12 pl-3\">\n<div class=\"text-md mb-2 meta\">                        <a href=\"https:\/\/www.diariolibre.com\/actualidad\/nacional\" title=\"Nacional\">Nacional<\/a>                    <\/div>\n<h2><a href=\"https:\/\/www.diariolibre.com\/actualidad\/nacional\/2023\/06\/07\/iglesia-mormona-lanza-campana-sigue-a-jesucristo\/2338922?utm_source=relacionadas&amp;utm_medium=nota&amp;utm_campaign=relacionadas\" title=\"Iglesia de Jesucristo de los Santos de los \u00daltimos D\u00edas lanza la campa\u00f1a \u201cSigue a Jesucristo\u201d\">Iglesia de Jesucristo de los Santos de los \u00daltimos D\u00edas lanza la campa\u00f1a \u201cSigue a Jesucristo\u201d<\/a><\/h2>\n<\/p><\/div>\n<\/article><\/div>\n<h2>Presencia de autoridades y mensajes de unidad<\/h2>\n<p>La actividad fue encabezada por el \u00e9lder <strong>Hugo Montoya<\/strong>, primer consejero de la <strong>Presidencia del \u00c1rea del Caribe<\/strong>, junto a <strong>Ahmad S. Corbitt<\/strong>, segundo consejero. Entre los asistentes figuraron representantes del \u00e1mbito p\u00fablico, como la procuradora general de la Corte de Apelaci\u00f3n de Santo Domingo, <strong>Mar\u00eda Ramos Agramonte<\/strong>; el presidente del Consejo Nacional de Discapacidad, Benny Metz; la directora de Recursos Humanos del Ministerio de la Presidencia, Yolanda Castillo; y la asesora del Ministerio de Educaci\u00f3n, Eva Fern\u00e1ndez.<\/p>\n<p>Durante el cierre, Corbitt afirm\u00f3 que la fe en <strong>Jesucristo<\/strong> permite la convergencia entre comunidades, aun en contextos de diferencias, y destac\u00f3 el valor del <strong>amor al pr\u00f3jimo<\/strong>, el servicio y la unidad.<\/p>\n<p>El devocional ser\u00e1 transmitido el Viernes Santo, 3 de abril, a las 7:00 de la noche por el canal de YouTube Iglesia de <strong>Jesucristo<\/strong> Caribe y por las televisoras Telesistema y Teleantillas. Tambi\u00e9n tendr\u00e1 una retransmisi\u00f3n el Domingo de Resurrecci\u00f3n, 5 de abril, a las 6:00 de la tarde por <strong>Color Visi\u00f3n<\/strong>.<\/p>\n<p>La actividad forma parte de la <strong>campa\u00f1a internacional de Pascua<\/strong> \u201c<strong>Mayor Amor<\/strong>\u201d, impulsada por la <strong>Iglesia organizadora<\/strong> durante la <strong>Semana Santa<\/strong>.<\/p>\n<p><\/p>\n<p>\u200bM\u00e1s de mil personas asistieron al primer Devocional Musical Interreligioso de Pascua \u201c\u00a1\u00c9l Vive!\u201d, organizado por La Iglesia de Jesucristo de los Santos de los \u00daltimos D\u00edas en el Aula Magna de la Universidad Aut\u00f3noma de Santo Domingo (UASD), en una actividad que reuni\u00f3 a distintas denominaciones cristianas en torno a la conmemoraci\u00f3n de la Semana Santa.Participaci\u00f3n de coros y comunidades religiosasEl acto, centrado en la figura de Jesucristo, incluy\u00f3 presentaciones musicales de varias comunidades religiosas. El coro de la Fundaci\u00f3n Fe y Alegr\u00eda, en representaci\u00f3n de la Iglesia Cat\u00f3lica, interpret\u00f3 las piezas Ave Verum Corpus y Anima Christi. Tambi\u00e9n particip\u00f3 el coro de la Iglesia Adventista del S\u00e9ptimo D\u00eda, con la obra V\u00eda Dolorosa.El programa incorpor\u00f3 adem\u00e1s la intervenci\u00f3n del Coro Nacional de Ni\u00f1os Dominicanos, dirigido por el maestro \u00c1ngel Herdz, que interpret\u00f3 composiciones como Dona Nobis Pacem, Magnificat y Resurrexit. A esto se sum\u00f3 el coro de la Estaca Santo Domingo Central de la Iglesia organizadora, con las obras Sus Manos, No hubo un h\u00e9roe m\u00e1s grande y Yo s\u00e9 que vive mi Se\u00f1or.    RELACIONADAS                                                                                                                                                                                                                                                                                                                                                            Nacional                                        Iglesia de Jesucristo de los Santos de los \u00daltimos D\u00edas lanza la campa\u00f1a \u201cSigue a Jesucristo\u201d                                    Presencia de autoridades y mensajes de unidadLa actividad fue encabezada por el \u00e9lder Hugo Montoya, primer consejero de la Presidencia del \u00c1rea del Caribe, junto a Ahmad S. Corbitt, segundo consejero. Entre los asistentes figuraron representantes del \u00e1mbito p\u00fablico, como la procuradora general de la Corte de Apelaci\u00f3n de Santo Domingo, Mar\u00eda Ramos Agramonte; el presidente del Consejo Nacional de Discapacidad, Benny Metz; la directora de Recursos Humanos del Ministerio de la Presidencia, Yolanda Castillo; y la asesora del Ministerio de Educaci\u00f3n, Eva Fern\u00e1ndez.Durante el cierre, Corbitt afirm\u00f3 que la fe en Jesucristo permite la convergencia entre comunidades, aun en contextos de diferencias, y destac\u00f3 el valor del amor al pr\u00f3jimo, el servicio y la unidad.El devocional ser\u00e1 transmitido el Viernes Santo, 3 de abril, a las 7:00 de la noche por el canal de YouTube Iglesia de Jesucristo Caribe y por las televisoras Telesistema y Teleantillas. Tambi\u00e9n tendr\u00e1 una retransmisi\u00f3n el Domingo de Resurrecci\u00f3n, 5 de abril, a las 6:00 de la tarde por Color Visi\u00f3n.La actividad forma parte de la campa\u00f1a internacional de Pascua \u201cMayor Amor\u201d, impulsada por la Iglesia organizadora durante la Semana Santa.\u00a0\u00a0Revista, M\u00fasica, Diario Libre, Santo Domingo, UASD, Semana Santa, Pascua, Devoci\u00f3n\u00a0<\/p>\n","protected":false},"excerpt":{"rendered":"<p>M\u00e1s de mil personas asistieron al primer Devocional Musical Interreligioso de Pascua \u201c\u00a1\u00c9l Vive!\u201d, organizado por La Iglesia de Jesucristo de los Santos de los \u00daltimos D\u00edas en el Aula Magna de la Universidad Aut\u00f3noma de Santo Domingo (UASD), en una actividad que reuni\u00f3 a distintas denominaciones cristianas en torno a la conmemoraci\u00f3n de la [&hellip;]<\/p>\n","protected":false},"author":1,"featured_media":11219,"comment_status":"open","ping_status":"open","sticky":false,"template":"","format":"standard","meta":{"amp_status":"","footnotes":""},"categories":[9],"tags":[],"class_list":["post-11612","post","type-post","status-publish","format-standard","has-post-thumbnail","hentry","category-espectaculo"],"_links":{"self":[{"href":"https:\/\/ermdigital.com\/index.php?rest_route=\/wp\/v2\/posts\/11612","targetHints":{"allow":["GET"]}}],"collection":[{"href":"https:\/\/ermdigital.com\/index.php?rest_route=\/wp\/v2\/posts"}],"about":[{"href":"https:\/\/ermdigital.com\/index.php?rest_route=\/wp\/v2\/types\/post"}],"author":[{"embeddable":true,"href":"https:\/\/ermdigital.com\/index.php?rest_route=\/wp\/v2\/users\/1"}],"replies":[{"embeddable":true,"href":"https:\/\/ermdigital.com\/index.php?rest_route=%2Fwp%2Fv2%2Fcomments&post=11612"}],"version-history":[{"count":0,"href":"https:\/\/ermdigital.com\/index.php?rest_route=\/wp\/v2\/posts\/11612\/revisions"}],"wp:featuredmedia":[{"embeddable":true,"href":"https:\/\/ermdigital.com\/index.php?rest_route=\/wp\/v2\/media\/11219"}],"wp:attachment":[{"href":"https:\/\/ermdigital.com\/index.php?rest_route=%2Fwp%2Fv2%2Fmedia&parent=11612"}],"wp:term":[{"taxonomy":"category","embeddable":true,"href":"https:\/\/ermdigital.com\/index.php?rest_route=%2Fwp%2Fv2%2Fcategories&post=11612"},{"taxonomy":"post_tag","embeddable":true,"href":"https:\/\/ermdigital.com\/index.php?rest_route=%2Fwp%2Fv2%2Ftags&post=11612"}],"curies":[{"name":"wp","href":"https:\/\/api.w.org\/{rel}","templated":true}]}}