{"id":11455,"date":"2026-04-02T11:00:00","date_gmt":"2026-04-02T15:00:00","guid":{"rendered":"https:\/\/ermdigital.com\/index.php\/2026\/04\/02\/bruce-springsteen-enciende-su-gira-con-criticas-a-donald-trump\/"},"modified":"2026-04-02T11:00:00","modified_gmt":"2026-04-02T15:00:00","slug":"bruce-springsteen-enciende-su-gira-con-criticas-a-donald-trump","status":"publish","type":"post","link":"https:\/\/ermdigital.com\/?p=11455","title":{"rendered":"Bruce Springsteen enciende su gira con cr\u00edticas a Donald Trump"},"content":{"rendered":"<p>En el inicio de su <strong>gira<\/strong> <em data-start=\"292\" data-end=\"317\"><strong>Land of Hope and Dreams<\/strong><\/em> en <strong>Minneapolis<\/strong>, <strong>Bruce Springsteen<\/strong> dej\u00f3 claro que no piensa quedarse callado. <\/p>\n<p>Fiel a su estilo directo, \u201c<strong>El Boss<\/strong>\u201d convirti\u00f3 el escenario en una tribuna para cuestionar las pol\u00edticas migratorias y el tono belicista del expresidente <strong>Donald Trump<\/strong>.<\/p>\n<figure class=\"my-12 component infografia\">\n<div class=\"expand-img-placeholder\"><img loading=\"lazy\" decoding=\"async\" src=\"https:\/\/resources.diariolibre.com\/images\/expand.svg\" alt=\"Expandir imagen\" width=\"20\" height=\"20\"><span class=\"rutaimagenoriginal-placeholder\">https:\/\/resources.diariolibre.com\/images\/2026\/04\/02\/658840276185750277190025153821922640122006758n-5d4d89a4.jpg<\/span><\/div>\n<p><img decoding=\"async\" loading=\"lazy\" src=\"https:\/\/resources.diariolibre.com\/images\/2026\/04\/02\/658840276185750277190025153821922640122006758n-5d4d89a4.jpg\" width=\"auto\" height=\"350\" alt=\"Infograf\u00eda\" class=\"mx-auto\"><\/figure>\n<p>Ya lo hab\u00eda adelantado con el lanzamiento de <em data-start=\"634\" data-end=\"658\"><strong>Streets of Minneapolis<\/strong><\/em>, una canci\u00f3n con la que puso el foco en las <strong>acciones del ICE<\/strong>. Pero en vivo, el mensaje cobr\u00f3 a\u00fan m\u00e1s fuerza. <\/p>\n<p>Acompa\u00f1ado por la <strong>E Street Band<\/strong>, el artista abri\u00f3 un <strong>tour de m\u00e1s de 20 fechas<\/strong> con un <strong>discurso<\/strong> que mezcl\u00f3 m\u00fasica, pol\u00edtica y emoci\u00f3n.<\/p>\n<h2>Un <strong>concierto con mensaje<\/strong><\/h2>\n<p>Desde los primeros minutos, <strong>Springsteen<\/strong> apel\u00f3 al p\u00fablico con una invitaci\u00f3n clara: elegir la <strong>esperanza por encima del miedo<\/strong>. En un tono firme, habl\u00f3 de <strong>democracia<\/strong>, unidad y resistencia, conceptos que han marcado su carrera durante d\u00e9cadas.<\/p>\n<div class=\"social-embed mb-4\">\n<blockquote class=\"instagram-media\" data-instgrm-captioned=\"\" data-instgrm-permalink=\"https:\/\/www.instagram.com\/reel\/DWl6FhgiATX\/?utm_source=ig_embed&amp;utm_campaign=loading\" data-instgrm-version=\"14\">\n<div> <a href=\"https:\/\/www.instagram.com\/reel\/DWl6FhgiATX\/?utm_source=ig_embed&amp;utm_campaign=loading\" target=\"_blank\" title=\"       Ver esta publicaci\u00f3n en Instagram            \" rel=\"nofollow noopener noreferrer\"> <\/p>\n<div>\n<div><\/div>\n<div>\n<div><\/div>\n<div><\/div>\n<\/div>\n<\/div>\n<div><\/div>\n<div><\/div>\n<div>\n<div>Ver esta publicaci\u00f3n en Instagram<\/div>\n<\/div>\n<div><\/div>\n<div>\n<div>\n<div><\/div>\n<div><\/div>\n<div><\/div>\n<\/div>\n<div>\n<div><\/div>\n<div><\/div>\n<\/div>\n<div>\n<div><\/div>\n<div><\/div>\n<div><\/div>\n<\/div>\n<\/div>\n<div>\n<div><\/div>\n<div><\/div>\n<\/div>\n<p><\/a><\/p>\n<p><a href=\"https:\/\/www.instagram.com\/reel\/DWl6FhgiATX\/?utm_source=ig_embed&amp;utm_campaign=loading\" target=\"_blank\" title=\"Una publicaci\u00f3n compartida de Bruce Springsteen (@springsteen)\" rel=\"nofollow noopener noreferrer\">Una publicaci\u00f3n compartida de Bruce Springsteen (@springsteen)<\/a><\/p>\n<\/div>\n<\/blockquote>\n<div class=\"lazyload\" data-script=\"https:\/\/www.instagram.com\/embed.js\"><\/div>\n<\/div>\n<p>El cantante no se qued\u00f3 en generalidades. Fue m\u00e1s all\u00e1 y describi\u00f3 a la actual administraci\u00f3n como corrupta e incompetente, cuestionando incluso el <strong>manejo de la historia<\/strong> en instituciones culturales y la situaci\u00f3n de los <strong>trabajadores estadounidenses<\/strong>.<\/p>\n<p>\"La\u00a0<strong>Am\u00e9rica que amo<\/strong>, la Am\u00e9rica sobre la que he escrito durante 50 a\u00f1os, que ha sido un faro de esperanza y libertad en todo el mundo, se encuentra en manos de una administraci\u00f3n corrupta, incompetente, racista, imprudente y traidora\", dijo en pleno <strong>concierto<\/strong>.<\/p>\n<p>Tambi\u00e9n hizo referencia a los episodios recientes en <strong>Minneapolis<\/strong>, destacando la <strong>respuesta de la comunidad<\/strong> frente a <strong>acciones del ICE<\/strong>. Para \u00e9l, esos gestos son prueba de que el <strong>esp\u00edritu de resistencia<\/strong> sigue vivo en el pa\u00eds.<\/p>\n<h3 data-section-id=\"m54e3c\" data-start=\"1666\" data-end=\"1691\">La respuesta no tard\u00f3<\/h3>\n<p>Como era de esperarse, <strong>Donald Trump<\/strong> reaccion\u00f3 r\u00e1pidamente. A trav\u00e9s de su red <strong>Truth Social<\/strong>, arremeti\u00f3 contra el m\u00fasico con descalificaciones personales y acusaciones, llegando incluso a pedir a sus seguidores del movimiento MAGA que boicoteen sus conciertos.<\/p>\n<p>El expresidente no solo critic\u00f3 el <strong>mensaje pol\u00edtico<\/strong> de <strong>Springsteen<\/strong>, sino tambi\u00e9n su imagen y su carrera, elevando el tono de un enfrentamiento que refleja la creciente tensi\u00f3n entre cultura y pol\u00edtica en Estados Unidos.<\/p>\n<p>Mientras tanto, <strong>Springsteen<\/strong> sigue adelante con su <strong>gira<\/strong>, reafirmando su papel como una de las voces m\u00e1s cr\u00edticas \u2014y escuchadas\u2014 dentro de la m\u00fasica estadounidense actual.<\/p>\n<div class=\"read-more mb-7\">    <span class=\"block mb-2\">Leer m\u00e1s<\/span>    <\/p>\n<ul class=\"glosa\">\n<li>\n<h3><a href=\"https:\/\/www.diariolibre.com\/revista\/musica\/2026\/01\/28\/streets-of-minneapolis-bruce-springsteen-critica-violencia-estatal\/3418905?utm_source=relacionadas&amp;utm_medium=nota&amp;utm_campaign=relacionadas\" title=\"Bruce Springsteen lanza canci\u00f3n protesta contra ICE tras muertes en Mine\u00e1polis\">Bruce Springsteen lanza canci\u00f3n protesta contra ICE tras muertes en Mine\u00e1polis<\/a><\/h3>\n<\/li>\n<li>\n<h3><a href=\"https:\/\/www.diariolibre.com\/revista\/cine\/2025\/10\/30\/10-datos-que-hacen-unica-springsteen-deliver-me-from-nowhere\/3295943?utm_source=relacionadas&amp;utm_medium=nota&amp;utm_campaign=relacionadas\" title=\"Detr\u00e1s del mito: 10 datos que hacen \u00fanica Springsteen: Deliver Me From Nowhere\">Detr\u00e1s del mito: 10 datos que hacen \u00fanica \"Springsteen: Deliver Me From Nowhere\"<\/a><\/h3>\n<\/li>\n<li>\n<h3><a href=\"https:\/\/www.diariolibre.com\/revista\/musica\/2025\/06\/21\/bruce-springsteen-publica-las-canciones-que-nunca-vieron-la-luz\/3157814?utm_source=relacionadas&amp;utm_medium=nota&amp;utm_campaign=relacionadas\" title=\"Springsteen publica las canciones que nunca vieron la luz\">Springsteen publica las canciones que nunca vieron la luz<\/a><\/h3>\n<\/li>\n<\/ul>\n<\/div>\n<p><\/p>\n<p>\u200bEn el inicio de su gira Land of Hope and Dreams en Minneapolis, Bruce Springsteen dej\u00f3 claro que no piensa quedarse callado. Fiel a su estilo directo, \u201cEl Boss\u201d convirti\u00f3 el escenario en una tribuna para cuestionar las pol\u00edticas migratorias y el tono belicista del expresidente Donald Trump.https:\/\/resources.diariolibre.com\/images\/2026\/04\/02\/658840276185750277190025153821922640122006758n-5d4d89a4.jpgYa lo hab\u00eda adelantado con el lanzamiento de Streets of Minneapolis, una canci\u00f3n con la que puso el foco en las acciones del ICE. Pero en vivo, el mensaje cobr\u00f3 a\u00fan m\u00e1s fuerza. Acompa\u00f1ado por la E Street Band, el artista abri\u00f3 un tour de m\u00e1s de 20 fechas con un discurso que mezcl\u00f3 m\u00fasica, pol\u00edtica y emoci\u00f3n.Un concierto con mensajeDesde los primeros minutos, Springsteen apel\u00f3 al p\u00fablico con una invitaci\u00f3n clara: elegir la esperanza por encima del miedo. En un tono firme, habl\u00f3 de democracia, unidad y resistencia, conceptos que han marcado su carrera durante d\u00e9cadas.        Ver esta publicaci\u00f3n en Instagram            Una publicaci\u00f3n compartida de Bruce Springsteen (@springsteen) El cantante no se qued\u00f3 en generalidades. Fue m\u00e1s all\u00e1 y describi\u00f3 a la actual administraci\u00f3n como corrupta e incompetente, cuestionando incluso el manejo de la historia en instituciones culturales y la situaci\u00f3n de los trabajadores estadounidenses.\"La\u00a0Am\u00e9rica que amo, la Am\u00e9rica sobre la que he escrito durante 50 a\u00f1os, que ha sido un faro de esperanza y libertad en todo el mundo, se encuentra en manos de una administraci\u00f3n corrupta, incompetente, racista, imprudente y traidora\", dijo en pleno concierto.Tambi\u00e9n hizo referencia a los episodios recientes en Minneapolis, destacando la respuesta de la comunidad frente a acciones del ICE. Para \u00e9l, esos gestos son prueba de que el esp\u00edritu de resistencia sigue vivo en el pa\u00eds.La respuesta no tard\u00f3Como era de esperarse, Donald Trump reaccion\u00f3 r\u00e1pidamente. A trav\u00e9s de su red Truth Social, arremeti\u00f3 contra el m\u00fasico con descalificaciones personales y acusaciones, llegando incluso a pedir a sus seguidores del movimiento MAGA que boicoteen sus conciertos.El expresidente no solo critic\u00f3 el mensaje pol\u00edtico de Springsteen, sino tambi\u00e9n su imagen y su carrera, elevando el tono de un enfrentamiento que refleja la creciente tensi\u00f3n entre cultura y pol\u00edtica en Estados Unidos.Mientras tanto, Springsteen sigue adelante con su gira, reafirmando su papel como una de las voces m\u00e1s cr\u00edticas \u2014y escuchadas\u2014 dentro de la m\u00fasica estadounidense actual.    Leer m\u00e1s                            Bruce Springsteen lanza canci\u00f3n protesta contra ICE tras muertes en Mine\u00e1polis                            Detr\u00e1s del mito: 10 datos que hacen \u00fanica \"Springsteen: Deliver Me From Nowhere\"                            Springsteen publica las canciones que nunca vieron la luz\u00a0\u00a0Revista, M\u00fasica, Diario Libre, Santo Domingo, Concierto, Bruce Springsteen, Mensaje Pol\u00edtico, Cr\u00edticas a Trump, Land of Hope and Dreams\u00a0<\/p>\n","protected":false},"excerpt":{"rendered":"<p>En el inicio de su gira Land of Hope and Dreams en Minneapolis, Bruce Springsteen dej\u00f3 claro que no piensa quedarse callado. Fiel a su estilo directo, \u201cEl Boss\u201d convirti\u00f3 el escenario en una tribuna para cuestionar las pol\u00edticas migratorias y el tono belicista del expresidente Donald Trump. https:\/\/resources.diariolibre.com\/images\/2026\/04\/02\/658840276185750277190025153821922640122006758n-5d4d89a4.jpg Ya lo hab\u00eda adelantado con el [&hellip;]<\/p>\n","protected":false},"author":1,"featured_media":11183,"comment_status":"open","ping_status":"open","sticky":false,"template":"","format":"standard","meta":{"amp_status":"","footnotes":""},"categories":[9],"tags":[],"class_list":["post-11455","post","type-post","status-publish","format-standard","has-post-thumbnail","hentry","category-espectaculo"],"_links":{"self":[{"href":"https:\/\/ermdigital.com\/index.php?rest_route=\/wp\/v2\/posts\/11455","targetHints":{"allow":["GET"]}}],"collection":[{"href":"https:\/\/ermdigital.com\/index.php?rest_route=\/wp\/v2\/posts"}],"about":[{"href":"https:\/\/ermdigital.com\/index.php?rest_route=\/wp\/v2\/types\/post"}],"author":[{"embeddable":true,"href":"https:\/\/ermdigital.com\/index.php?rest_route=\/wp\/v2\/users\/1"}],"replies":[{"embeddable":true,"href":"https:\/\/ermdigital.com\/index.php?rest_route=%2Fwp%2Fv2%2Fcomments&post=11455"}],"version-history":[{"count":0,"href":"https:\/\/ermdigital.com\/index.php?rest_route=\/wp\/v2\/posts\/11455\/revisions"}],"wp:featuredmedia":[{"embeddable":true,"href":"https:\/\/ermdigital.com\/index.php?rest_route=\/wp\/v2\/media\/11183"}],"wp:attachment":[{"href":"https:\/\/ermdigital.com\/index.php?rest_route=%2Fwp%2Fv2%2Fmedia&parent=11455"}],"wp:term":[{"taxonomy":"category","embeddable":true,"href":"https:\/\/ermdigital.com\/index.php?rest_route=%2Fwp%2Fv2%2Fcategories&post=11455"},{"taxonomy":"post_tag","embeddable":true,"href":"https:\/\/ermdigital.com\/index.php?rest_route=%2Fwp%2Fv2%2Ftags&post=11455"}],"curies":[{"name":"wp","href":"https:\/\/api.w.org\/{rel}","templated":true}]}}