{"id":11195,"date":"2026-04-02T08:00:00","date_gmt":"2026-04-02T12:00:00","guid":{"rendered":"https:\/\/ermdigital.com\/index.php\/2026\/04\/02\/misterios-mantel-de-la-ultima-cena-que-guarda-la-catedral-de-coria\/"},"modified":"2026-04-02T08:00:00","modified_gmt":"2026-04-02T12:00:00","slug":"misterios-mantel-de-la-ultima-cena-que-guarda-la-catedral-de-coria","status":"publish","type":"post","link":"https:\/\/ermdigital.com\/?p=11195","title":{"rendered":"Misterios mantel de la \u00faltima cena que guarda la catedral de Coria"},"content":{"rendered":"<p>La \u00faltima o sagrada cena, la comida final que, seg\u00fan los escritos evang\u00e9licos, <strong>Jes\u00fas comparti\u00f3<\/strong> con sus 12 ap\u00f3stoles en Jerusal\u00e9n antes de su crucifixi\u00f3n, en la que instituy\u00f3 los sacramentos de la Eucarist\u00eda y el sacerdocio y es conmemorada por los fieles cristianos el Jueves Santo, es uno de los episodios fundamentales de la liturgia cat\u00f3lica, enfatizan fuentes religiosas.<\/p>\n<p>Esta comida celebrada por Cristo y sus disc\u00edpulos, y que marca el \u201cinicio\u201d del <strong>Triduo Pascual<\/strong> en el que se conmemoran la Pasi\u00f3n, Muerte y Resurrecci\u00f3n de Jes\u00fas, fue inmortalizada en el siglo XV por el pol\u00edmata florentino <strong>Leonardo da Vinci<\/strong>, en una de las obras pict\u00f3ricas m\u00e1s famosas del mundo\u00d1<\/p>\n<ul>\n<li><strong>\u201dLa \u00faltima cena\u201d<\/strong>, una <strong>pintura mural<\/strong> de casi 9 metros de ancho, ubicada en el convento de Santa Maria delle Grazie (Mil\u00e1n, Italia).\u00a0<\/li>\n<\/ul>\n<p>La mirada del observador se centra naturalmente en los protagonistas de esta pintura de 8.80 metros de ancho por 4.60 metros de alto, pero en \u2018<strong>La \u00faltima cena<\/strong>\u2019 aparecen numerosos elementos cargados de simbolismo (pan, vino, platos, cuchillos, vasos, un salero derramado y diversos alimentos adicionales).<\/p>\n<p>Todos estos elementos descansan sobre una pieza especialmente llamativa y extensa: un <strong>largo mantel<\/strong> de color blanco decorado con nudos y <strong>bordados azules<\/strong>, seg\u00fan explica a Efe\u00a0<strong><a href=\"https:\/\/antoniopuentemayor.com\/\" title=\"Antonio Puente Mayor\" target=\"_blank\" rel=\"nofollow noopener noreferrer\">Antonio Puente Mayor<\/a><\/strong>, escritor, fil\u00f3logo, especialista en teatro y literatura, e investigador de curiosidades hist\u00f3ricas, naturales, art\u00edsticas y geogr\u00e1ficas.\u00a0 \u00a0<\/p>\n<h2>Una <strong>reliquia<\/strong> sobresaliente en la <strong>catedral de Coria<\/strong><\/h2>\n<figure class=\"inline-block\">\n<div class=\"expand-img-placeholder\"><img loading=\"lazy\" decoding=\"async\" src=\"https:\/\/resources.diariolibre.com\/images\/expand.svg\" alt=\"Expandir imagen\" width=\"20\" height=\"20\"><span class=\"rutaimagenoriginal-placeholder\">https:\/\/resources.diariolibre.com\/images\/2026\/04\/02\/550197312332-copia-33afefdd.jpg<\/span><\/div>\n<p><img decoding=\"async\" loading=\"lazy\" src=\"https:\/\/resources.diariolibre.com\/images\/2026\/04\/02\/550197312332-copia-33afefdd.jpg\" width=\"auto\" height=\"350\" alt=\"Infograf\u00eda\" class=\"mx-auto\"><figcaption><span>La pieza original del mantel de la \u00faltima cena, descrito por Antonio Puente en su libro \u2018Espa\u00f1a in\u00e9dita\u2019, est\u00e1 guardado en una arca de plata en la Catedral de Coria (C\u00e1ceres, Espa\u00f1a).<\/span><span> (<strong>LUISTXO<\/strong>)<\/span><\/figcaption><\/figure>\n<p>\u201cEl claustro de la <strong>catedral de Coria<\/strong> (C\u00e1ceres, Espa\u00f1a) encierra una <strong>reliquia<\/strong> que podr\u00eda ser el mantel utilizado por Jes\u00fas y sus 12 ap\u00f3stoles en <strong>la \u00faltima cena<\/strong> y que <strong>Leonardo da Vinci<\/strong> pint\u00f3: <\/p>\n<ul>\n<li>una pieza de lino de 4.42 metros de largo y 92 cent\u00edmetros de ancho, blanca por un lado y con sencillos adornos de azul por el otro\u201d, se\u00f1ala Puente, que dedica a este objeto un cap\u00edtulo de su libro \u2018Espa\u00f1a In\u00e9dita. 100 lugares fascinantes que debes conocer\u2019.<\/li>\n<\/ul>\n<p>El <strong>mantel de la \u00faltima cena<\/strong> encaja a la perfecci\u00f3n en la definici\u00f3n de <strong>reliquia<\/strong> (\u201caquello que, por haber tocado el cuerpo de un santo, es digno de veneraci\u00f3n\u201d), aunque en este caso esta pieza habr\u00eda estado en contacto con m\u00faltiples fuentes de santidad, desde la principal, <strong>Jes\u00fas de Nazaret<\/strong>, hasta sus disc\u00edpulos.\u00a0<\/p>\n<p>\u201cSe calcula que el mantel fue descubierto entre <strong>los a\u00f1os 1370 y 1403<\/strong>, y la tintura que decora sus bandas es \u00edndigo natural, un colorante de uso com\u00fan en la antig\u00fcedad\u201d, seg\u00fan Puente.<\/p>\n<p>\u201cEsto conduce a pensar que este mantel podr\u00eda ser el mismo que Leonardo inmortaliz\u00f3 en su c\u00e9lebre pintura, ya que ambas telas est\u00e1n decoradas con <strong>bandas azul<\/strong>\u201d, puntualiza.\u00a0<\/p>\n<p>\u201cSu tejido, sometido a varios <strong>an\u00e1lisis cient\u00edficos<\/strong>, es de <strong>procedencia ar\u00e1biga<\/strong>, coincidiendo las dimensiones del mantel casi id\u00e9nticamente con las del lienzo que se conserva en Tur\u00edn, Italia (la <strong>S\u00e1bana Santa<\/strong> o S\u00edndone), lo que parece indicar que ambos fueron utilizados conjuntamente en <strong>la \u00faltima cena<\/strong>\u201d, asegura este investigador.<\/p>\n<h2>El <strong>primer templo cristiano<\/strong> de la <strong>Pen\u00ednsula Ib\u00e9rica<\/strong><\/h2>\n<p>Puente se\u00f1ala que su inter\u00e9s por esta pieza es tal que decidi\u00f3 \u201cdifundir su historia en entrevistas, conferencias y en sus actividades divulgativas como <strong>gu\u00eda tur\u00edstico<\/strong>\u201d, destacando que en \u201ctodas las ocasiones, el p\u00fablico qued\u00f3 asombrado ante la descripci\u00f3n de una <strong>reliquia \u00fanica<\/strong> en su g\u00e9nero cuyas caracter\u00edsticas contin\u00faa siendo motivo de investigaci\u00f3n\u201d.\u00a0\u00a0<\/p>\n<p>Y explica que \u201cun <strong>mosaico romano<\/strong> hallado en el claustro de la <strong>catedral de Coria<\/strong> (C\u00e1ceres) apunta a que en ese lugar se ubic\u00f3 el <strong>primer templo cristiano<\/strong> de toda la <strong>Pen\u00ednsula Ib\u00e9rica<\/strong>\u201d.\u00a0<\/p>\n<figure class=\"inline-block\">\n<div class=\"expand-img-placeholder\"><img loading=\"lazy\" decoding=\"async\" src=\"https:\/\/resources.diariolibre.com\/images\/expand.svg\" alt=\"Expandir imagen\" width=\"20\" height=\"20\"><span class=\"rutaimagenoriginal-placeholder\">https:\/\/resources.diariolibre.com\/images\/2026\/04\/02\/550197312334-copia-5b1d6ff1.jpg<\/span><\/div>\n<p><img decoding=\"async\" loading=\"lazy\" src=\"https:\/\/resources.diariolibre.com\/images\/2026\/04\/02\/550197312334-copia-5b1d6ff1.jpg\" width=\"auto\" height=\"350\" alt=\"Infograf\u00eda\" class=\"mx-auto\"><figcaption><span>La Catedral de Coria, en C\u00e1ceres, Espa\u00f1a, cuya fachada septentrional se aprecia en la imagen, aloja una reliquia \u00fanica en su g\u00e9nero, el supuesto mantel de la \u00faltima cena.<\/span><span> (<strong>JOS\u00c9 LUIS FILPO CABANA<\/strong>)<\/span><\/figcaption><\/figure>\n<p>Esta catedral es \u201cun continente repleto de historia cuyo contenido es asimismo fascinante. Aunque ninguna de sus piezas merece tanta atenci\u00f3n como su <strong>gran reliquia<\/strong>: el supuesto mantel utilizado por Jes\u00fas y los Doce Ap\u00f3stoles en <strong>la \u00faltima cena<\/strong>\u201d, enfatiza.\u00a0<\/p>\n<p>\u201cUna bula (documento oficial) firmada por Benedicto XIII \u2014el Papa Luna\u2014 y fechada en el a\u00f1o <strong>1404<\/strong>, ya menciona la aparici\u00f3n de la <strong>reliquia<\/strong>, aunque no existen datos fidedignos sobre su <strong>llegada a Coria<\/strong>\u201d, se\u00f1ala Puente.\u00a0<\/p>\n<h2>Teor\u00edas, tradiciones y estudios cient\u00edficos<\/h2>\n<p>\u201cUna teor\u00eda relaciona el mantel con el c\u00e9lebre <strong>Lignum Crucis<\/strong> (fragmentos del madero utilizado para la crucifixi\u00f3n de Jes\u00fas) del monasterio de Santo Toribio de Li\u00e9bana (Cantabria), pues, seg\u00fan la tradici\u00f3n, ambas piezas habr\u00edan sido tra\u00eddas por <strong>Santa Elena<\/strong>, madre del emperador Constantino, tras una peregrinaci\u00f3n a Tierra Santa en el siglo III d.C.\u201d, puntualiza.<\/p>\n<p>Para otros, \u201cel lienzo habr\u00eda llegado desde Francia tras la conquista de Coria por <strong>Alfonso VII<\/strong> en 1142, siendo su portador <strong>\u00cd\u00f1igo Navarr\u00f3n<\/strong>, primer obispo de la ciudad\u201d, seg\u00fan a\u00f1ade.\u00a0<\/p>\n<p>Por \u00faltimo, \u201cexiste una tradici\u00f3n que se\u00f1ala que el mantel se conserva al menos desde el siglo XIV como consecuencia de un regalo de San Luis Rey de Francia al emperador <strong>Rodolfo de Habsburgo<\/strong>, a lo que se a\u00f1ade la fiesta que cada 3 de mayo se celebraba en Coria entre los a\u00f1os 1495 y 1791, la de \u2018las tres reliquias\u2019\u201d, apunta el investigador.\u00a0<\/p>\n<p>Ese d\u00eda festivo, \u201cel <strong>Lignum Crucis<\/strong> y la <strong>Santa Espina<\/strong> eran expuestos, mientras que el sagrado mantel se colgaba de un balc\u00f3n, pasando por debajo vecinos y peregrinos para besarlo y tocarlo. Usos que le produjeron graves desgarros y que obligaron a suprimir su adoraci\u00f3n\u201d, lamenta Puente.<\/p>\n<p>Y a\u00f1ade que \u201cen la d\u00e9cada de 1960 la tela fue sometida a un an\u00e1lisis en los laboratorios del Museo de Ciencias Naturales de Madrid, dictamin\u00e1ndose que el tejido era \u2018de <strong>procedencia ar\u00e1biga<\/strong>\u2019\u201d.<\/p>\n<p>Dicho estudio no ser\u00eda superado hasta 2007, cuando el <strong>profesor John Jackson<\/strong>, director del <strong>Turin Shroud Center<\/strong> de Colorado (EE. UU.) y uno de los treinta expertos escogidos por el Vaticano para estudiar la <strong>S\u00e1bana Santa<\/strong> en 1978, se interes\u00f3 por la <strong>reliquia<\/strong>, de acuerdo con Puente.\u00a0<\/p>\n<h2>Sorprendentes semejanzas con la <strong>S\u00e1bana Santa<\/strong><\/h2>\n<p>Destaca que \u201cpara el equipo de cient\u00edficos de la <strong>NASA<\/strong> que acometi\u00f3 las pruebas en la misma <strong>catedral de Coria<\/strong>, las dimensiones del mantel son casi id\u00e9nticas al lienzo que se conserva en Tur\u00edn, lo que parece indicar que ambos fueron usados conjuntamente en <strong>la \u00faltima cena\u201d<\/strong>.\u00a0<\/p>\n<p>\u201cEsto podr\u00eda deberse a que los jud\u00edos sol\u00edan utilizar <strong>dos manteles<\/strong> en las grandes solemnidades, coloc\u00e1ndose un primero para depositar los alimentos y un segundo sobre estos, para evitar que les cayese arena o fuesen contaminados por insectos\u201d, explica.\u00a0<\/p>\n<p>A juicio de Puente \u201cla intuici\u00f3n de Jackson (acerca de los <strong>dos manteles<\/strong> superpuestos) podr\u00eda tener sentido debido a la precipitaci\u00f3n para enterrar a Cristo, quien muri\u00f3 a las tres de la tarde de un viernes y deb\u00eda ser enterrado antes de las seis, momento en el que comenzaba el Sabbath\u201d.\u00a0<\/p>\n<p>\u201cLo razonable es que <strong>Jos\u00e9 de Arimatea<\/strong> utilizara los elementos que tuviera a mano, y un mantel de esas caracter\u00edsticas era perfecto para envolver un cuerpo\u201d, argumenta.<\/p>\n<p>\u201cAsimismo, el hilo que conforma la trama de la tela posee el mismo tipo de <strong>torsi\u00f3n en \u00abz\u00bb<\/strong> de la <strong>S\u00e1bana Santa<\/strong>, mientras que la tintura azul que decora sus bandas es \u00edndigo natural, colorante de uso com\u00fan en la antig\u00fcedad\u201d, destaca.\u00a0<\/p>\n<p>\u201cMi <strong>conexi\u00f3n personal<\/strong> con el mantel de <strong>la \u00faltima cena<\/strong> surgi\u00f3 en 2010, cuando visit\u00e9 por primera vez la localidad extreme\u00f1a donde se custodia. <strong>\u00d3scar Garc\u00eda<\/strong>, t\u00e9cnico y gu\u00eda del museo de la <strong>Catedral de Coria<\/strong>, me explic\u00f3 su historia y me lo ense\u00f1\u00f3 personalmente, dej\u00e1ndome impresionado\u201d, recuerda Puente.<\/p>\n<p>\u201cPosteriormente, y dado que tambi\u00e9n soy gu\u00eda de turismo, regres\u00e9 a la localidad con <strong>grupos organizados<\/strong>, y en todas las ocasiones fuimos a ver el mantel\u201d, concluye.<\/p>\n<div class=\"read-more mb-7\">    <span class=\"block mb-2\">Leer m\u00e1s<\/span>    <\/p>\n<ul class=\"glosa\">\n<li>\n<h3><a href=\"https:\/\/www.diariolibre.com\/revista\/cultura\/2026\/04\/01\/una-visita-cultural-si-te-quedas-en-la-ciudad-en-semana-santa\/3489439?utm_source=relacionadas&amp;utm_medium=nota&amp;utm_campaign=relacionadas\" title=\"Una visita cultural y de fe te espera si te quedas en la ciudad en Semana Santa\">Una visita cultural y de fe te espera si te quedas en la ciudad en Semana Santa<\/a><\/h3>\n<\/li>\n<li>\n<h3><a href=\"https:\/\/www.diariolibre.com\/revista\/cultura\/2025\/04\/17\/tradiciones-de-la-semana-santa-dominicana\/3076541?utm_source=relacionadas&amp;utm_medium=nota&amp;utm_campaign=relacionadas\" title=\"Semana Santa: un viaje espiritual a trav\u00e9s de sus tradiciones\">Semana Santa: un viaje espiritual a trav\u00e9s de sus tradiciones<\/a><\/h3>\n<\/li>\n<li>\n<h3><a href=\"https:\/\/www.diariolibre.com\/revista\/buena-vida\/2024\/03\/23\/semana-santa-reflexion-y-renovacion-espiritual\/2651811?utm_source=relacionadas&amp;utm_medium=nota&amp;utm_campaign=relacionadas\" title=\"Explorando la Espiritualidad en Semana Santa\">Explorando la Espiritualidad en Semana Santa<\/a><\/h3>\n<\/li>\n<\/ul>\n<\/div>\n<p><\/p>\n<p>\u200bLa \u00faltima o sagrada cena, la comida final que, seg\u00fan los escritos evang\u00e9licos, Jes\u00fas comparti\u00f3 con sus 12 ap\u00f3stoles en Jerusal\u00e9n antes de su crucifixi\u00f3n, en la que instituy\u00f3 los sacramentos de la Eucarist\u00eda y el sacerdocio y es conmemorada por los fieles cristianos el Jueves Santo, es uno de los episodios fundamentales de la liturgia cat\u00f3lica, enfatizan fuentes religiosas.Esta comida celebrada por Cristo y sus disc\u00edpulos, y que marca el \u201cinicio\u201d del Triduo Pascual en el que se conmemoran la Pasi\u00f3n, Muerte y Resurrecci\u00f3n de Jes\u00fas, fue inmortalizada en el siglo XV por el pol\u00edmata florentino Leonardo da Vinci, en una de las obras pict\u00f3ricas m\u00e1s famosas del mundo\u00d1    \u201dLa \u00faltima cena\u201d, una pintura mural de casi 9 metros de ancho, ubicada en el convento de Santa Maria delle Grazie (Mil\u00e1n, Italia).\u00a0La mirada del observador se centra naturalmente en los protagonistas de esta pintura de 8.80 metros de ancho por 4.60 metros de alto, pero en \u2018La \u00faltima cena\u2019 aparecen numerosos elementos cargados de simbolismo (pan, vino, platos, cuchillos, vasos, un salero derramado y diversos alimentos adicionales).Todos estos elementos descansan sobre una pieza especialmente llamativa y extensa: un largo mantel de color blanco decorado con nudos y bordados azules, seg\u00fan explica a Efe\u00a0Antonio Puente Mayor, escritor, fil\u00f3logo, especialista en teatro y literatura, e investigador de curiosidades hist\u00f3ricas, naturales, art\u00edsticas y geogr\u00e1ficas.\u00a0 \u00a0Una reliquia sobresaliente en la catedral de Coriahttps:\/\/resources.diariolibre.com\/images\/2026\/04\/02\/550197312332-copia-33afefdd.jpgLa pieza original del mantel de la \u00faltima cena, descrito por Antonio Puente en su libro \u2018Espa\u00f1a in\u00e9dita\u2019, est\u00e1 guardado en una arca de plata en la Catedral de Coria (C\u00e1ceres, Espa\u00f1a). (LUISTXO)\u201cEl claustro de la catedral de Coria (C\u00e1ceres, Espa\u00f1a) encierra una reliquia que podr\u00eda ser el mantel utilizado por Jes\u00fas y sus 12 ap\u00f3stoles en la \u00faltima cena y que Leonardo da Vinci pint\u00f3:     una pieza de lino de 4.42 metros de largo y 92 cent\u00edmetros de ancho, blanca por un lado y con sencillos adornos de azul por el otro\u201d, se\u00f1ala Puente, que dedica a este objeto un cap\u00edtulo de su libro \u2018Espa\u00f1a In\u00e9dita. 100 lugares fascinantes que debes conocer\u2019.El mantel de la \u00faltima cena encaja a la perfecci\u00f3n en la definici\u00f3n de reliquia (\u201caquello que, por haber tocado el cuerpo de un santo, es digno de veneraci\u00f3n\u201d), aunque en este caso esta pieza habr\u00eda estado en contacto con m\u00faltiples fuentes de santidad, desde la principal, Jes\u00fas de Nazaret, hasta sus disc\u00edpulos.\u00a0\u201cSe calcula que el mantel fue descubierto entre los a\u00f1os 1370 y 1403, y la tintura que decora sus bandas es \u00edndigo natural, un colorante de uso com\u00fan en la antig\u00fcedad\u201d, seg\u00fan Puente.\u201cEsto conduce a pensar que este mantel podr\u00eda ser el mismo que Leonardo inmortaliz\u00f3 en su c\u00e9lebre pintura, ya que ambas telas est\u00e1n decoradas con bandas azul\u201d, puntualiza.\u00a0\u201cSu tejido, sometido a varios an\u00e1lisis cient\u00edficos, es de procedencia ar\u00e1biga, coincidiendo las dimensiones del mantel casi id\u00e9nticamente con las del lienzo que se conserva en Tur\u00edn, Italia (la S\u00e1bana Santa o S\u00edndone), lo que parece indicar que ambos fueron utilizados conjuntamente en la \u00faltima cena\u201d, asegura este investigador.El primer templo cristiano de la Pen\u00ednsula Ib\u00e9ricaPuente se\u00f1ala que su inter\u00e9s por esta pieza es tal que decidi\u00f3 \u201cdifundir su historia en entrevistas, conferencias y en sus actividades divulgativas como gu\u00eda tur\u00edstico\u201d, destacando que en \u201ctodas las ocasiones, el p\u00fablico qued\u00f3 asombrado ante la descripci\u00f3n de una reliquia \u00fanica en su g\u00e9nero cuyas caracter\u00edsticas contin\u00faa siendo motivo de investigaci\u00f3n\u201d.\u00a0\u00a0Y explica que \u201cun mosaico romano hallado en el claustro de la catedral de Coria (C\u00e1ceres) apunta a que en ese lugar se ubic\u00f3 el primer templo cristiano de toda la Pen\u00ednsula Ib\u00e9rica\u201d.\u00a0https:\/\/resources.diariolibre.com\/images\/2026\/04\/02\/550197312334-copia-5b1d6ff1.jpgLa Catedral de Coria, en C\u00e1ceres, Espa\u00f1a, cuya fachada septentrional se aprecia en la imagen, aloja una reliquia \u00fanica en su g\u00e9nero, el supuesto mantel de la \u00faltima cena. (JOS\u00c9 LUIS FILPO CABANA)Esta catedral es \u201cun continente repleto de historia cuyo contenido es asimismo fascinante. Aunque ninguna de sus piezas merece tanta atenci\u00f3n como su gran reliquia: el supuesto mantel utilizado por Jes\u00fas y los Doce Ap\u00f3stoles en la \u00faltima cena\u201d, enfatiza.\u00a0\u201cUna bula (documento oficial) firmada por Benedicto XIII \u2014el Papa Luna\u2014 y fechada en el a\u00f1o 1404, ya menciona la aparici\u00f3n de la reliquia, aunque no existen datos fidedignos sobre su llegada a Coria\u201d, se\u00f1ala Puente.\u00a0Teor\u00edas, tradiciones y estudios cient\u00edficos\u201cUna teor\u00eda relaciona el mantel con el c\u00e9lebre Lignum Crucis (fragmentos del madero utilizado para la crucifixi\u00f3n de Jes\u00fas) del monasterio de Santo Toribio de Li\u00e9bana (Cantabria), pues, seg\u00fan la tradici\u00f3n, ambas piezas habr\u00edan sido tra\u00eddas por Santa Elena, madre del emperador Constantino, tras una peregrinaci\u00f3n a Tierra Santa en el siglo III d.C.\u201d, puntualiza.Para otros, \u201cel lienzo habr\u00eda llegado desde Francia tras la conquista de Coria por Alfonso VII en 1142, siendo su portador \u00cd\u00f1igo Navarr\u00f3n, primer obispo de la ciudad\u201d, seg\u00fan a\u00f1ade.\u00a0Por \u00faltimo, \u201cexiste una tradici\u00f3n que se\u00f1ala que el mantel se conserva al menos desde el siglo XIV como consecuencia de un regalo de San Luis Rey de Francia al emperador Rodolfo de Habsburgo, a lo que se a\u00f1ade la fiesta que cada 3 de mayo se celebraba en Coria entre los a\u00f1os 1495 y 1791, la de \u2018las tres reliquias\u2019\u201d, apunta el investigador.\u00a0Ese d\u00eda festivo, \u201cel Lignum Crucis y la Santa Espina eran expuestos, mientras que el sagrado mantel se colgaba de un balc\u00f3n, pasando por debajo vecinos y peregrinos para besarlo y tocarlo. Usos que le produjeron graves desgarros y que obligaron a suprimir su adoraci\u00f3n\u201d, lamenta Puente.Y a\u00f1ade que \u201cen la d\u00e9cada de 1960 la tela fue sometida a un an\u00e1lisis en los laboratorios del Museo de Ciencias Naturales de Madrid, dictamin\u00e1ndose que el tejido era \u2018de procedencia ar\u00e1biga\u2019\u201d.Dicho estudio no ser\u00eda superado hasta 2007, cuando el profesor John Jackson, director del Turin Shroud Center de Colorado (EE. UU.) y uno de los treinta expertos escogidos por el Vaticano para estudiar la S\u00e1bana Santa en 1978, se interes\u00f3 por la reliquia, de acuerdo con Puente.\u00a0Sorprendentes semejanzas con la S\u00e1bana SantaDestaca que \u201cpara el equipo de cient\u00edficos de la NASA que acometi\u00f3 las pruebas en la misma catedral de Coria, las dimensiones del mantel son casi id\u00e9nticas al lienzo que se conserva en Tur\u00edn, lo que parece indicar que ambos fueron usados conjuntamente en la \u00faltima cena\u201d.\u00a0\u201cEsto podr\u00eda deberse a que los jud\u00edos sol\u00edan utilizar dos manteles en las grandes solemnidades, coloc\u00e1ndose un primero para depositar los alimentos y un segundo sobre estos, para evitar que les cayese arena o fuesen contaminados por insectos\u201d, explica.\u00a0A juicio de Puente \u201cla intuici\u00f3n de Jackson (acerca de los dos manteles superpuestos) podr\u00eda tener sentido debido a la precipitaci\u00f3n para enterrar a Cristo, quien muri\u00f3 a las tres de la tarde de un viernes y deb\u00eda ser enterrado antes de las seis, momento en el que comenzaba el Sabbath\u201d.\u00a0\u201cLo razonable es que Jos\u00e9 de Arimatea utilizara los elementos que tuviera a mano, y un mantel de esas caracter\u00edsticas era perfecto para envolver un cuerpo\u201d, argumenta.\u201cAsimismo, el hilo que conforma la trama de la tela posee el mismo tipo de torsi\u00f3n en \u00abz\u00bb de la S\u00e1bana Santa, mientras que la tintura azul que decora sus bandas es \u00edndigo natural, colorante de uso com\u00fan en la antig\u00fcedad\u201d, destaca.\u00a0\u201cMi conexi\u00f3n personal con el mantel de la \u00faltima cena surgi\u00f3 en 2010, cuando visit\u00e9 por primera vez la localidad extreme\u00f1a donde se custodia. \u00d3scar Garc\u00eda, t\u00e9cnico y gu\u00eda del museo de la Catedral de Coria, me explic\u00f3 su historia y me lo ense\u00f1\u00f3 personalmente, dej\u00e1ndome impresionado\u201d, recuerda Puente.\u201cPosteriormente, y dado que tambi\u00e9n soy gu\u00eda de turismo, regres\u00e9 a la localidad con grupos organizados, y en todas las ocasiones fuimos a ver el mantel\u201d, concluye.    Leer m\u00e1s                            Una visita cultural y de fe te espera si te quedas en la ciudad en Semana Santa                            Semana Santa: un viaje espiritual a trav\u00e9s de sus tradiciones                            Explorando la Espiritualidad en Semana Santa\u00a0\u00a0Revista, Cultura, EFE, Santo Domingo, Semana Santa, Jes\u00fas de Nazareth, Reliquia, mantel de la \u00daltima Cena, \u00faltima cena\u00a0<\/p>\n","protected":false},"excerpt":{"rendered":"<p>La \u00faltima o sagrada cena, la comida final que, seg\u00fan los escritos evang\u00e9licos, Jes\u00fas comparti\u00f3 con sus 12 ap\u00f3stoles en Jerusal\u00e9n antes de su crucifixi\u00f3n, en la que instituy\u00f3 los sacramentos de la Eucarist\u00eda y el sacerdocio y es conmemorada por los fieles cristianos el Jueves Santo, es uno de los episodios fundamentales de la [&hellip;]<\/p>\n","protected":false},"author":1,"featured_media":11077,"comment_status":"open","ping_status":"open","sticky":false,"template":"","format":"standard","meta":{"amp_status":"","footnotes":""},"categories":[9],"tags":[],"class_list":["post-11195","post","type-post","status-publish","format-standard","has-post-thumbnail","hentry","category-espectaculo"],"_links":{"self":[{"href":"https:\/\/ermdigital.com\/index.php?rest_route=\/wp\/v2\/posts\/11195","targetHints":{"allow":["GET"]}}],"collection":[{"href":"https:\/\/ermdigital.com\/index.php?rest_route=\/wp\/v2\/posts"}],"about":[{"href":"https:\/\/ermdigital.com\/index.php?rest_route=\/wp\/v2\/types\/post"}],"author":[{"embeddable":true,"href":"https:\/\/ermdigital.com\/index.php?rest_route=\/wp\/v2\/users\/1"}],"replies":[{"embeddable":true,"href":"https:\/\/ermdigital.com\/index.php?rest_route=%2Fwp%2Fv2%2Fcomments&post=11195"}],"version-history":[{"count":0,"href":"https:\/\/ermdigital.com\/index.php?rest_route=\/wp\/v2\/posts\/11195\/revisions"}],"wp:featuredmedia":[{"embeddable":true,"href":"https:\/\/ermdigital.com\/index.php?rest_route=\/wp\/v2\/media\/11077"}],"wp:attachment":[{"href":"https:\/\/ermdigital.com\/index.php?rest_route=%2Fwp%2Fv2%2Fmedia&parent=11195"}],"wp:term":[{"taxonomy":"category","embeddable":true,"href":"https:\/\/ermdigital.com\/index.php?rest_route=%2Fwp%2Fv2%2Fcategories&post=11195"},{"taxonomy":"post_tag","embeddable":true,"href":"https:\/\/ermdigital.com\/index.php?rest_route=%2Fwp%2Fv2%2Ftags&post=11195"}],"curies":[{"name":"wp","href":"https:\/\/api.w.org\/{rel}","templated":true}]}}