{"id":11148,"date":"2026-04-02T07:41:00","date_gmt":"2026-04-02T11:41:00","guid":{"rendered":"https:\/\/ermdigital.com\/index.php\/2026\/04\/02\/cuando-inicia-rodaje-de-pelicula-el-verano-en-que-me-enamore\/"},"modified":"2026-04-02T07:41:00","modified_gmt":"2026-04-02T11:41:00","slug":"cuando-inicia-rodaje-de-pelicula-el-verano-en-que-me-enamore","status":"publish","type":"post","link":"https:\/\/ermdigital.com\/?p=11148","title":{"rendered":"Cu\u00e1ndo inicia rodaje de pel\u00edcula \"El verano en que me enamor\u00e9\""},"content":{"rendered":"<p>Buenas noticias para los fan\u00e1ticos de <em><strong>El verano en que me enamor\u00e9<\/strong><\/em>. La esperada <strong>adaptaci\u00f3n cinematogr\u00e1fica<\/strong> de la exitosa saga est\u00e1 cada vez m\u00e1s cerca, tras revelarse que comenzar\u00e1 su <strong>rodaje<\/strong> el 27 de abril de este a\u00f1o en Wilmington, Carolina del Norte, seg\u00fan el medio Deadline.<\/p>\n<p>Desde que se anunci\u00f3 que la <strong>tercera temporada<\/strong> de <em><strong>El verano en que me enamor\u00e9<\/strong><\/em> no ser\u00eda el final definitivo, sino el paso previo a una <strong>pel\u00edcula<\/strong>, la expectaci\u00f3n no ha dejado de crecer. Ahora, con el inicio de producci\u00f3n ya fijado, el proyecto da su primer gran paso.<\/p>\n<p>La <strong>pel\u00edcula<\/strong> contar\u00e1 nuevamente con la escritora de la saga,\u00a0<strong>Jenny Han,<\/strong> al frente, quien asumir\u00e1 tanto el guion como la direcci\u00f3n. Sobre esta decisi\u00f3n, la autora explic\u00f3: \"A\u00fan queda un gran hito en el viaje de Belly, y pens\u00e9 que solo una <strong>pel\u00edcula<\/strong> podr\u00eda darle la <strong>relevancia que merece<\/strong>\".<\/p>\n<p>El anuncio del largometraje se hizo oficial el <strong>17 de septiembre de 2025<\/strong>, el mismo d\u00eda en que se emiti\u00f3 el <strong>episodio final<\/strong> de la <strong>tercera temporada<\/strong>.<\/p>\n<p> Con una <strong>duraci\u00f3n extendida<\/strong> de <strong>una hora y veinte minutos<\/strong>, el cierre tuvo un aire cinematogr\u00e1fico, pero dej\u00f3 a muchos seguidores con ganas de m\u00e1s, especialmente en lo que respecta a la <strong>historia de Belly y Conrad<\/strong>.<\/p>\n<div class=\"social-embed mb-4\">\n<div class=\"placeholderYoutube\"><\/div>\n<\/div>\n<h2>La historia contin\u00faa<\/h2>\n<p>Fue la propia <strong>Jenny Han<\/strong> quien confirm\u00f3 la <strong>pel\u00edcula<\/strong> durante un evento especial en Par\u00eds, donde celebraba el final de la serie. All\u00ed adelant\u00f3 que este nuevo proyecto funcionar\u00e1 como la <strong>verdadera conclusi\u00f3n<\/strong> de la historia que ha conquistado a una audiencia global.<\/p>\n<p>Desde <strong>Amazon MGM Studios<\/strong> y <strong>Prime Video<\/strong>, responsables del fen\u00f3meno, tambi\u00e9n han destacado el impacto de la franquicia en un comunicado: \u201c<em><strong>El verano en que me enamor\u00e9<\/strong><\/em> ha conectado con audiencias de todo el mundo, creando momentos de alegr\u00eda, nostalgia y conexi\u00f3n que la han convertido en una <strong>sensaci\u00f3n global<\/strong>\u201d.<\/p>\n<article class=\"border-t border-b py-5 mb-5 component nota-incrustada\">    <span class=\"block mb-2\"><strong>Te puede interesar<\/strong><\/span>                <\/p>\n<h2><a href=\"https:\/\/www.diariolibre.com\/revista\/cine\/2025\/02\/14\/10-peliculas-perfectas-para-el-dia-de-san-valentin\/2999421?utm_source=relacionadas&amp;utm_medium=nota&amp;utm_campaign=relacionadas\" title=\"10 pel\u00edculas perfectas para una noche rom\u00e1ntica\">10 pel\u00edculas perfectas para una noche rom\u00e1ntica<\/a><\/h2>\n<\/article>\n<p><\/p>\n<p>\u200bBuenas noticias para los fan\u00e1ticos de El verano en que me enamor\u00e9. La esperada adaptaci\u00f3n cinematogr\u00e1fica de la exitosa saga est\u00e1 cada vez m\u00e1s cerca, tras revelarse que comenzar\u00e1 su rodaje el 27 de abril de este a\u00f1o en Wilmington, Carolina del Norte, seg\u00fan el medio Deadline.Desde que se anunci\u00f3 que la tercera temporada de El verano en que me enamor\u00e9 no ser\u00eda el final definitivo, sino el paso previo a una pel\u00edcula, la expectaci\u00f3n no ha dejado de crecer. Ahora, con el inicio de producci\u00f3n ya fijado, el proyecto da su primer gran paso.La pel\u00edcula contar\u00e1 nuevamente con la escritora de la saga,\u00a0Jenny Han, al frente, quien asumir\u00e1 tanto el guion como la direcci\u00f3n. Sobre esta decisi\u00f3n, la autora explic\u00f3: \"A\u00fan queda un gran hito en el viaje de Belly, y pens\u00e9 que solo una pel\u00edcula podr\u00eda darle la relevancia que merece\".El anuncio del largometraje se hizo oficial el 17 de septiembre de 2025, el mismo d\u00eda en que se emiti\u00f3 el episodio final de la tercera temporada. Con una duraci\u00f3n extendida de una hora y veinte minutos, el cierre tuvo un aire cinematogr\u00e1fico, pero dej\u00f3 a muchos seguidores con ganas de m\u00e1s, especialmente en lo que respecta a la historia de Belly y Conrad.La historia contin\u00faaFue la propia Jenny Han quien confirm\u00f3 la pel\u00edcula durante un evento especial en Par\u00eds, donde celebraba el final de la serie. All\u00ed adelant\u00f3 que este nuevo proyecto funcionar\u00e1 como la verdadera conclusi\u00f3n de la historia que ha conquistado a una audiencia global.Desde Amazon MGM Studios y Prime Video, responsables del fen\u00f3meno, tambi\u00e9n han destacado el impacto de la franquicia en un comunicado: \u201cEl verano en que me enamor\u00e9 ha conectado con audiencias de todo el mundo, creando momentos de alegr\u00eda, nostalgia y conexi\u00f3n que la han convertido en una sensaci\u00f3n global\u201d.    Te puede interesar                10 pel\u00edculas perfectas para una noche rom\u00e1ntica\u00a0\u00a0Revista, Cultura, Diario Libre, Santo Domingo, Pel\u00edcula, Rodaje, Prime Video, El verano en que me enamor\u00e9\u00a0<\/p>\n","protected":false},"excerpt":{"rendered":"<p>Buenas noticias para los fan\u00e1ticos de El verano en que me enamor\u00e9. La esperada adaptaci\u00f3n cinematogr\u00e1fica de la exitosa saga est\u00e1 cada vez m\u00e1s cerca, tras revelarse que comenzar\u00e1 su rodaje el 27 de abril de este a\u00f1o en Wilmington, Carolina del Norte, seg\u00fan el medio Deadline. Desde que se anunci\u00f3 que la tercera temporada [&hellip;]<\/p>\n","protected":false},"author":1,"featured_media":11083,"comment_status":"open","ping_status":"open","sticky":false,"template":"","format":"standard","meta":{"amp_status":"","footnotes":""},"categories":[9],"tags":[],"class_list":["post-11148","post","type-post","status-publish","format-standard","has-post-thumbnail","hentry","category-espectaculo"],"_links":{"self":[{"href":"https:\/\/ermdigital.com\/index.php?rest_route=\/wp\/v2\/posts\/11148","targetHints":{"allow":["GET"]}}],"collection":[{"href":"https:\/\/ermdigital.com\/index.php?rest_route=\/wp\/v2\/posts"}],"about":[{"href":"https:\/\/ermdigital.com\/index.php?rest_route=\/wp\/v2\/types\/post"}],"author":[{"embeddable":true,"href":"https:\/\/ermdigital.com\/index.php?rest_route=\/wp\/v2\/users\/1"}],"replies":[{"embeddable":true,"href":"https:\/\/ermdigital.com\/index.php?rest_route=%2Fwp%2Fv2%2Fcomments&post=11148"}],"version-history":[{"count":0,"href":"https:\/\/ermdigital.com\/index.php?rest_route=\/wp\/v2\/posts\/11148\/revisions"}],"wp:featuredmedia":[{"embeddable":true,"href":"https:\/\/ermdigital.com\/index.php?rest_route=\/wp\/v2\/media\/11083"}],"wp:attachment":[{"href":"https:\/\/ermdigital.com\/index.php?rest_route=%2Fwp%2Fv2%2Fmedia&parent=11148"}],"wp:term":[{"taxonomy":"category","embeddable":true,"href":"https:\/\/ermdigital.com\/index.php?rest_route=%2Fwp%2Fv2%2Fcategories&post=11148"},{"taxonomy":"post_tag","embeddable":true,"href":"https:\/\/ermdigital.com\/index.php?rest_route=%2Fwp%2Fv2%2Ftags&post=11148"}],"curies":[{"name":"wp","href":"https:\/\/api.w.org\/{rel}","templated":true}]}}