{"id":11147,"date":"2026-04-02T07:56:00","date_gmt":"2026-04-02T11:56:00","guid":{"rendered":"https:\/\/ermdigital.com\/index.php\/2026\/04\/02\/el-principito-celebra-los-80-anos-con-una-version-llena-de-color\/"},"modified":"2026-04-02T07:56:00","modified_gmt":"2026-04-02T11:56:00","slug":"el-principito-celebra-los-80-anos-con-una-version-llena-de-color","status":"publish","type":"post","link":"https:\/\/ermdigital.com\/?p=11147","title":{"rendered":"\"El principito\" celebra los 80 a\u00f1os con una versi\u00f3n llena de color"},"content":{"rendered":"<p>Para celebrar sus <strong>80 a\u00f1os<\/strong>, \"<strong>El principito<\/strong>\" sale en una nueva edici\u00f3n, creada por el <strong>estudio MinaLima<\/strong>, conocido por el dise\u00f1o gr\u00e1fico en la saga de <strong>Harry Potter<\/strong>, que invita a releer la historia de Antoine de <strong>Saint-Exup\u00e9ry<\/strong> en una versi\u00f3n ilustrada con mucho color y <strong>animaciones desplegables<\/strong>.\u00a0<\/p>\n<p>Este \u00e1lbum, publicado el <strong>jueves<\/strong> en <strong>22 idiomas<\/strong>, es la <strong>primera readaptaci\u00f3n<\/strong> de \"<strong>El principito<\/strong>\" editada desde su aparici\u00f3n en <strong>Francia<\/strong> en abril de <strong>1946<\/strong>.<\/p>\n<p>Sus ilustraciones de colores intensos contrastan con los dibujos realizados con <strong>acuarela<\/strong> y en tonos pastel por <strong>Saint-Exup\u00e9ry<\/strong> sobre el joven h\u00e9roe.<\/p>\n<ul>\n<li>\"Era importante tomar el contrapunto de lo que todo el mundo conoce y de lo que se ha vuelto tan familiar desde hace <strong>80 a\u00f1os<\/strong>. Proyectamos '<strong>El principito<\/strong>' en un universo muy colorido, sin utilizar el blanco\", tan presente en los dibujos de <strong>Saint-Exup\u00e9ry<\/strong>, explican la brit\u00e1nica <strong>Miraphora Mina<\/strong> y el brasile\u00f1o <strong>Eduardo Lima<\/strong>, los dos creadores del <strong>estudio MinaLima<\/strong>, en una entrevista con AFP.<\/li>\n<\/ul>\n<p>Su <strong>libro<\/strong> cuenta con un centenar de ilustraciones, muchas m\u00e1s que el original, que a veces ocupan una <strong>doble p\u00e1gina<\/strong> e incluye una decena de <strong>animaciones desplegables<\/strong>.<\/p>\n<p>El estudio, con sede en <strong>Londres<\/strong>, tuvo \"carta blanca\" de <strong>Gallimard<\/strong>, el editor hist\u00f3rico franc\u00e9s de <strong>Saint-Exup\u00e9ry<\/strong>, que se puso en contacto con ellos hace dos a\u00f1os tras quedar satisfecho con su colaboraci\u00f3n en los \u00e1lbumes de <strong>Harry Potter<\/strong>, la famosa saga del aprendiz de mago escrita por J.K. Rowling.<\/p>\n<p>Readaptaciones como esta \"pueden aportar un <strong>nuevo brillo<\/strong> al texto y facilitar su <strong>transmisi\u00f3n<\/strong> de una generaci\u00f3n a otra\", sostiene Antoine <strong>Gallimard<\/strong>, el director general de la editorial.<\/p>\n<p>\"<strong>El principito<\/strong>\" de <strong>MinaLima<\/strong> cuenta con una <strong>primera tirada<\/strong> de <strong>250.000 ejemplares<\/strong> en todo el mundo.<\/p>\n<p>En su versi\u00f3n original, el <strong>libro<\/strong> bate <strong>r\u00e9cords editoriales<\/strong> desde hace ocho d\u00e9cadas: se han vendido <strong>300 millones<\/strong> de ejemplares, 18 millones de ellos en <strong>Francia<\/strong>, seg\u00fan la editorial. Tambi\u00e9n es la obra m\u00e1s traducida, a <strong>650 lenguas<\/strong> y dialectos, despu\u00e9s de la Biblia.<\/p>\n<div class=\"social-embed mb-4\">\n<blockquote class=\"instagram-media\" data-instgrm-permalink=\"https:\/\/www.instagram.com\/reel\/DWoBNewkST3\/?utm_source=ig_embed&amp;utm_campaign=loading\" data-instgrm-version=\"14\">\n<div> <a href=\"https:\/\/www.instagram.com\/reel\/DWoBNewkST3\/?utm_source=ig_embed&amp;utm_campaign=loading\" target=\"_blank\" title=\"       Ver esta publicaci\u00f3n en Instagram            \" rel=\"nofollow noopener noreferrer\"> <\/p>\n<div>\n<div><\/div>\n<div>\n<div><\/div>\n<div><\/div>\n<\/div>\n<\/div>\n<div><\/div>\n<div><\/div>\n<div>\n<div>Ver esta publicaci\u00f3n en Instagram<\/div>\n<\/div>\n<div><\/div>\n<div>\n<div>\n<div><\/div>\n<div><\/div>\n<div><\/div>\n<\/div>\n<div>\n<div><\/div>\n<div><\/div>\n<\/div>\n<div>\n<div><\/div>\n<div><\/div>\n<div><\/div>\n<\/div>\n<\/div>\n<div>\n<div><\/div>\n<div><\/div>\n<\/div>\n<p><\/a><\/p>\n<p><a href=\"https:\/\/www.instagram.com\/reel\/DWoBNewkST3\/?utm_source=ig_embed&amp;utm_campaign=loading\" target=\"_blank\" title=\"Una publicaci\u00f3n compartida de MinaLima: Graphic Designers of the Harry Potter Films (@minalimadesign)\" rel=\"nofollow noopener noreferrer\">Una publicaci\u00f3n compartida de MinaLima: Graphic Designers of the Harry Potter Films (@minalimadesign)<\/a><\/p>\n<\/div>\n<\/blockquote>\n<div class=\"lazyload\" data-script=\"https:\/\/www.instagram.com\/embed.js\"><\/div>\n<\/div>\n<h2>Garabatos\u00a0<\/h2>\n<p>Antoine de <strong>Saint-Exup\u00e9ry<\/strong>, conocido por sus novelas \"<strong>Vuelo nocturno<\/strong>\" y \"Tierra de hombres\", public\u00f3 \"<strong>El principito<\/strong>\" en 1943 en Estados Unidos, donde viv\u00eda tras la invasi\u00f3n de <strong>Francia<\/strong> por el ej\u00e9rcito alem\u00e1n. Su editor estadounidense le sugiri\u00f3 que escribiera un <strong>cuento para ni\u00f1os<\/strong> despu\u00e9s de verlo garabatear en una esquina de la mesa.<\/p>\n<p>El <strong>libro<\/strong> sali\u00f3 en <strong>Francia<\/strong> en <strong>1946<\/strong>, dos a\u00f1os despu\u00e9s de la muerte del escritor y piloto en un vuelo de reconocimiento sobre el Mediterr\u00e1neo el 31 de julio de 1944.<\/p>\n<p>\"Qu\u00e9 destino tan singular el de este peque\u00f1o hombre, nacido con toda humildad en unas hojas garabateadas a toda prisa por un escritor conocido, y que se convirti\u00f3 en una de las figuras imaginarias m\u00e1s presentes en el mundo, un <strong>mito<\/strong> quiz\u00e1\", afirma <strong>Alban Cerisier<\/strong>, especialista en <strong>Saint-Exup\u00e9ry<\/strong>.<\/p>\n<p>Para <strong>Miraphora Mina<\/strong>, leer \"<strong>El principito<\/strong>\" es m\u00e1s necesario que nunca porque \"aporta <strong>luz<\/strong> en un mundo muy oscuro\" y \"una <strong>perspectiva diferente<\/strong> sobre cosas que creemos inmutables\".<\/p>\n<p>Con los a\u00f1os, \"<strong>El principito<\/strong>\" se ha convertido en un <strong>colosal negocio<\/strong>, que incluye <strong>pel\u00edculas<\/strong>, dibujos animados, tiendas y <strong>parques de atracciones<\/strong>. Se trata de una lucrativa licencia comercial gestionada por la Sucesi\u00f3n Saint Exup\u00e9ry &#8211; d&#8217;Agay.<\/p>\n<p>Pero en todo ello no hay \"nada de comida r\u00e1pida, nada de compa\u00f1\u00edas petroleras, nada de sufrimiento animal, nada de proyectos incompatibles con el <strong>esp\u00edritu del texto<\/strong>\", asegura <strong>Thomas Rivi\u00e8re<\/strong>, sobrino bisnieto del escritor.<\/p>\n<div class=\"w-full pt-2 float-left inside-related\">    <span class=\"border-b border-black pb-3 mb-4 block\"><strong>RELACIONADAS<\/strong><\/span>                <\/p>\n<article class=\"flex flex-wrap border-b pb-4 mb-3 inline-block\">\n<div class=\"xl:w-2\/12 w-4\/12\">\n<figure class=\"mb-0\">                                                    <a href=\"https:\/\/www.diariolibre.com\/mundo\/europa\/2024\/07\/30\/hace-80-anos-antoine-de-saint-exupery-muere-autor-de-el-principito\/2802944?utm_source=relacionadas&amp;utm_medium=nota&amp;utm_campaign=relacionadas\" title=\"                                                                                                                            \">                                                                <img decoding=\"async\" loading=\"lazy\" src=\"https:\/\/resources.diariolibre.com\/images\/2024\/07\/30\/hace-80-anos-antoine-de-saint-exupery-autor-de-el-principito-desaparecia-en-el-mediterraneo_1-focus-0.3-0.22-149-99.jpg\" width=\"149\" height=\"99\" title=\"Hace 80 a\u00f1os, Antoine de Saint-Exup\u00e9ry, autor de El Principito, desaparec\u00eda en el Mediterr\u00e1neo\" alt=\"Hace 80 a\u00f1os, Antoine de Saint-Exup\u00e9ry, autor de El Principito, desaparec\u00eda en el Mediterr\u00e1neo\" class=\"object-cover\">                                                            <\/a>                                            <\/figure>\n<\/p><\/div>\n<div class=\"xl:w-10\/12 w-8\/12 pl-3\">\n<div class=\"text-md mb-2 meta\">                        <a href=\"https:\/\/www.diariolibre.com\/mundo\/europa\" title=\"Europa\">Europa<\/a>                    <\/div>\n<h2><a href=\"https:\/\/www.diariolibre.com\/mundo\/europa\/2024\/07\/30\/hace-80-anos-antoine-de-saint-exupery-muere-autor-de-el-principito\/2802944?utm_source=relacionadas&amp;utm_medium=nota&amp;utm_campaign=relacionadas\" title=\"Hace 80 a\u00f1os, Antoine de Saint-Exup\u00e9ry, autor de El Principito, desaparec\u00eda en el Mediterr\u00e1neo\">Hace 80 a\u00f1os, Antoine de Saint-Exup\u00e9ry, autor de El Principito, desaparec\u00eda en el Mediterr\u00e1neo<\/a><\/h2>\n<\/p><\/div>\n<\/article>\n<article class=\"flex flex-wrap border-b pb-4 mb-3 inline-block\">\n<div class=\"xl:w-2\/12 w-4\/12\">\n<figure class=\"mb-0\">                                                    <a href=\"https:\/\/www.diariolibre.com\/revista\/cultura\/2025\/09\/18\/el-nuevo-viaje-de-el-principito-sale-este-25-de-diciembre\/3249559?utm_source=relacionadas&amp;utm_medium=nota&amp;utm_campaign=relacionadas\" title=\"                                                                                                                            \">                                                                <img decoding=\"async\" loading=\"lazy\" src=\"https:\/\/resources.diariolibre.com\/images\/2025\/09\/18\/el-nuevo-viaje-de-el-principito-sale-este-25-de-diciembre-2e00cf65-focus-0.14-0.2-149-99.jpg\" width=\"149\" height=\"99\" title=\"\u00bfQu\u00e9 pas\u00f3 con El Principito? La respuesta, el 25 de septiembre\" alt=\"\u00bfQu\u00e9 pas\u00f3 con El Principito? La respuesta, el 25 de septiembre\" class=\"object-cover\">                                                            <\/a>                                            <\/figure>\n<\/p><\/div>\n<div class=\"xl:w-10\/12 w-8\/12 pl-3\">\n<div class=\"text-md mb-2 meta\">                        <a href=\"https:\/\/www.diariolibre.com\/revista\/cultura\" title=\"Cultura\">Cultura<\/a>                    <\/div>\n<h2><a href=\"https:\/\/www.diariolibre.com\/revista\/cultura\/2025\/09\/18\/el-nuevo-viaje-de-el-principito-sale-este-25-de-diciembre\/3249559?utm_source=relacionadas&amp;utm_medium=nota&amp;utm_campaign=relacionadas\" title=\"\u00bfQu\u00e9 pas\u00f3 con El Principito? La respuesta, el 25 de septiembre\">\u00bfQu\u00e9 pas\u00f3 con El Principito? La respuesta, el 25 de septiembre<\/a><\/h2>\n<\/p><\/div>\n<\/article><\/div>\n<p>Los <strong>derechos<\/strong> de \"<strong>El principito<\/strong>\" pasaron al <strong>dominio p\u00fablico<\/strong> en casi todos los pa\u00edses, salvo en <strong>Francia<\/strong>, donde se prolongan hasta 2032, debido a la condici\u00f3n de h\u00e9roe de guerra del autor, y en Estados Unidos hasta 2034.<\/p>\n<p><\/p>\n<p>\u200bPara celebrar sus 80 a\u00f1os, \"El principito\" sale en una nueva edici\u00f3n, creada por el estudio MinaLima, conocido por el dise\u00f1o gr\u00e1fico en la saga de Harry Potter, que invita a releer la historia de Antoine de Saint-Exup\u00e9ry en una versi\u00f3n ilustrada con mucho color y animaciones desplegables.\u00a0Este \u00e1lbum, publicado el jueves en 22 idiomas, es la primera readaptaci\u00f3n de \"El principito\" editada desde su aparici\u00f3n en Francia en abril de 1946.Sus ilustraciones de colores intensos contrastan con los dibujos realizados con acuarela y en tonos pastel por Saint-Exup\u00e9ry sobre el joven h\u00e9roe.    \"Era importante tomar el contrapunto de lo que todo el mundo conoce y de lo que se ha vuelto tan familiar desde hace 80 a\u00f1os. Proyectamos 'El principito' en un universo muy colorido, sin utilizar el blanco\", tan presente en los dibujos de Saint-Exup\u00e9ry, explican la brit\u00e1nica Miraphora Mina y el brasile\u00f1o Eduardo Lima, los dos creadores del estudio MinaLima, en una entrevista con AFP.Su libro cuenta con un centenar de ilustraciones, muchas m\u00e1s que el original, que a veces ocupan una doble p\u00e1gina e incluye una decena de animaciones desplegables.El estudio, con sede en Londres, tuvo \"carta blanca\" de Gallimard, el editor hist\u00f3rico franc\u00e9s de Saint-Exup\u00e9ry, que se puso en contacto con ellos hace dos a\u00f1os tras quedar satisfecho con su colaboraci\u00f3n en los \u00e1lbumes de Harry Potter, la famosa saga del aprendiz de mago escrita por J.K. Rowling.Readaptaciones como esta \"pueden aportar un nuevo brillo al texto y facilitar su transmisi\u00f3n de una generaci\u00f3n a otra\", sostiene Antoine Gallimard, el director general de la editorial.\"El principito\" de MinaLima cuenta con una primera tirada de 250.000 ejemplares en todo el mundo.En su versi\u00f3n original, el libro bate r\u00e9cords editoriales desde hace ocho d\u00e9cadas: se han vendido 300 millones de ejemplares, 18 millones de ellos en Francia, seg\u00fan la editorial. Tambi\u00e9n es la obra m\u00e1s traducida, a 650 lenguas y dialectos, despu\u00e9s de la Biblia.        Ver esta publicaci\u00f3n en Instagram            Una publicaci\u00f3n compartida de MinaLima: Graphic Designers of the Harry Potter Films (@minalimadesign) Garabatos\u00a0Antoine de Saint-Exup\u00e9ry, conocido por sus novelas \"Vuelo nocturno\" y \"Tierra de hombres\", public\u00f3 \"El principito\" en 1943 en Estados Unidos, donde viv\u00eda tras la invasi\u00f3n de Francia por el ej\u00e9rcito alem\u00e1n. Su editor estadounidense le sugiri\u00f3 que escribiera un cuento para ni\u00f1os despu\u00e9s de verlo garabatear en una esquina de la mesa.El libro sali\u00f3 en Francia en 1946, dos a\u00f1os despu\u00e9s de la muerte del escritor y piloto en un vuelo de reconocimiento sobre el Mediterr\u00e1neo el 31 de julio de 1944.\"Qu\u00e9 destino tan singular el de este peque\u00f1o hombre, nacido con toda humildad en unas hojas garabateadas a toda prisa por un escritor conocido, y que se convirti\u00f3 en una de las figuras imaginarias m\u00e1s presentes en el mundo, un mito quiz\u00e1\", afirma Alban Cerisier, especialista en Saint-Exup\u00e9ry.Para Miraphora Mina, leer \"El principito\" es m\u00e1s necesario que nunca porque \"aporta luz en un mundo muy oscuro\" y \"una perspectiva diferente sobre cosas que creemos inmutables\".Con los a\u00f1os, \"El principito\" se ha convertido en un colosal negocio, que incluye pel\u00edculas, dibujos animados, tiendas y parques de atracciones. Se trata de una lucrativa licencia comercial gestionada por la Sucesi\u00f3n Saint Exup\u00e9ry &#8211; d&#8217;Agay.Pero en todo ello no hay \"nada de comida r\u00e1pida, nada de compa\u00f1\u00edas petroleras, nada de sufrimiento animal, nada de proyectos incompatibles con el esp\u00edritu del texto\", asegura Thomas Rivi\u00e8re, sobrino bisnieto del escritor.    RELACIONADAS                                                                                                                                                                                                                                                                                                                                                            Europa                                        Hace 80 a\u00f1os, Antoine de Saint-Exup\u00e9ry, autor de El Principito, desaparec\u00eda en el Mediterr\u00e1neo                                                                                                                                                                                                                                                                                                                                                                                            Cultura                                        \u00bfQu\u00e9 pas\u00f3 con El Principito? La respuesta, el 25 de septiembre                                    Los derechos de \"El principito\" pasaron al dominio p\u00fablico en casi todos los pa\u00edses, salvo en Francia, donde se prolongan hasta 2032, debido a la condici\u00f3n de h\u00e9roe de guerra del autor, y en Estados Unidos hasta 2034.\u00a0\u00a0Revista, Cultura, AFP, Paris, Libro, El principito, 80 a\u00f1os de El principito\u00a0<\/p>\n","protected":false},"excerpt":{"rendered":"<p>Para celebrar sus 80 a\u00f1os, \"El principito\" sale en una nueva edici\u00f3n, creada por el estudio MinaLima, conocido por el dise\u00f1o gr\u00e1fico en la saga de Harry Potter, que invita a releer la historia de Antoine de Saint-Exup\u00e9ry en una versi\u00f3n ilustrada con mucho color y animaciones desplegables.\u00a0 Este \u00e1lbum, publicado el jueves en 22 [&hellip;]<\/p>\n","protected":false},"author":1,"featured_media":11081,"comment_status":"open","ping_status":"open","sticky":false,"template":"","format":"standard","meta":{"amp_status":"","footnotes":""},"categories":[9],"tags":[],"class_list":["post-11147","post","type-post","status-publish","format-standard","has-post-thumbnail","hentry","category-espectaculo"],"_links":{"self":[{"href":"https:\/\/ermdigital.com\/index.php?rest_route=\/wp\/v2\/posts\/11147","targetHints":{"allow":["GET"]}}],"collection":[{"href":"https:\/\/ermdigital.com\/index.php?rest_route=\/wp\/v2\/posts"}],"about":[{"href":"https:\/\/ermdigital.com\/index.php?rest_route=\/wp\/v2\/types\/post"}],"author":[{"embeddable":true,"href":"https:\/\/ermdigital.com\/index.php?rest_route=\/wp\/v2\/users\/1"}],"replies":[{"embeddable":true,"href":"https:\/\/ermdigital.com\/index.php?rest_route=%2Fwp%2Fv2%2Fcomments&post=11147"}],"version-history":[{"count":0,"href":"https:\/\/ermdigital.com\/index.php?rest_route=\/wp\/v2\/posts\/11147\/revisions"}],"wp:featuredmedia":[{"embeddable":true,"href":"https:\/\/ermdigital.com\/index.php?rest_route=\/wp\/v2\/media\/11081"}],"wp:attachment":[{"href":"https:\/\/ermdigital.com\/index.php?rest_route=%2Fwp%2Fv2%2Fmedia&parent=11147"}],"wp:term":[{"taxonomy":"category","embeddable":true,"href":"https:\/\/ermdigital.com\/index.php?rest_route=%2Fwp%2Fv2%2Fcategories&post=11147"},{"taxonomy":"post_tag","embeddable":true,"href":"https:\/\/ermdigital.com\/index.php?rest_route=%2Fwp%2Fv2%2Ftags&post=11147"}],"curies":[{"name":"wp","href":"https:\/\/api.w.org\/{rel}","templated":true}]}}