{"id":11056,"date":"2026-04-02T04:01:00","date_gmt":"2026-04-02T08:01:00","guid":{"rendered":"https:\/\/ermdigital.com\/index.php\/2026\/04\/02\/pal-cora-tour-de-christian-nodal-llega-a-la-romana\/"},"modified":"2026-04-02T04:01:00","modified_gmt":"2026-04-02T08:01:00","slug":"pal-cora-tour-de-christian-nodal-llega-a-la-romana","status":"publish","type":"post","link":"https:\/\/ermdigital.com\/?p=11056","title":{"rendered":"Pa`l Cora Tour de Christian Nodal llega a La Romana"},"content":{"rendered":"<p>Christian Nodal se presentar\u00e1 el s\u00e1bado 4 de abril en el anfiteatro de <strong>Altos de Chav\u00f3n<\/strong>, en <strong>La Romana<\/strong>, como parte de su gira internacional <strong>Pa\u2019l Cora Tour<\/strong>, en el marco de la tradicional cartelera art\u00edstica de <strong>S\u00e1bado Santo<\/strong>.<\/p>\n<p>El cantautor mexicano ofrecer\u00e1 un recorrido por los temas m\u00e1s reconocidos de su carrera ante miles de fan\u00e1ticos dominicanos, con una puesta en escena de alto nivel producida por <strong>Gamal Hach\u00e9<\/strong>.<\/p>\n<p>Entre los temas que sonar\u00e1n esta noche figuran <em>Dime c\u00f3mo quieres<\/em>, <em><strong>Ya no somos ni seremos<\/strong><\/em>,<em> Adi\u00f3s amor, Botella tras botella, De los besos que te di, No te contaron mal y Probablemente<\/em>, canciones que lo han consolidado como una de las figuras m\u00e1s importantes del regional mexicano en Latinoam\u00e9rica.<\/p>\n<h2>Tradici\u00f3n cultural en <strong>Altos de Chav\u00f3n<\/strong><\/h2>\n<p><strong>Altos de Chav\u00f3n<\/strong> mantiene su tradici\u00f3n como punto de encuentro cultural durante la <strong>Semana Santa<\/strong>, con d\u00e9cadas de presentaciones memorables que convierten cada edici\u00f3n en una cita ineludible.<\/p>\n<p>Las boletas est\u00e1n disponibles a trav\u00e9s de <strong>Uepa Tickets<\/strong>.<\/p>\n<article class=\"border-t border-b py-5 mb-5 component nota-incrustada\">    <span class=\"block mb-2\"><strong>Te puede interesar<\/strong><\/span>                <\/p>\n<h2><a href=\"https:\/\/www.diariolibre.com\/revista\/musica\/2025\/11\/19\/victoria-de-christian-nodal-en-su-disputa-con-universal-music\/3327914?utm_source=relacionadas&amp;utm_medium=nota&amp;utm_campaign=relacionadas\" title=\"Christian Nodal obtiene victoria en su batalla legal contra Universal Music\">Christian Nodal obtiene victoria en su batalla legal contra Universal Music<\/a><\/h2>\n<\/article>\n<h2>Trayectoria de Christian Nodal<\/h2>\n<p><strong>Christian Nodal<\/strong> naci\u00f3 el 11 de enero de 1999 en <strong>Caborca<\/strong>, <strong>Sonora<\/strong>, <strong>M\u00e9xico<\/strong>, en el seno de una familia de m\u00fasicos. Su padre, <strong>Jaime Gonz\u00e1lez<\/strong>, es productor de la discogr\u00e1fica <strong>JG MUSIC<\/strong>, y su madre, <strong>Silvia Cristina Nodal Jim\u00e9nez<\/strong>, es su m\u00e1nager. Comenz\u00f3 a cantar a los cuatro a\u00f1os y aprendi\u00f3 por cuenta propia a tocar el piano, la trompeta y la guitarra. A los trece ya compon\u00eda canciones y a los diecis\u00e9is ofrec\u00eda conciertos en <strong>Mexicali<\/strong>.<\/p>\n<p>En 2016 lanz\u00f3 <strong>Adi\u00f3s amor<\/strong>, que alcanz\u00f3 el n\u00famero uno en la lista de canciones regionales mexicanas y permaneci\u00f3 m\u00e1s de veinticinco semanas en el <strong>Top Latin Songs<\/strong>. Su estilo, mezcla de mariachi con banda y m\u00fasica norte\u00f1a, fue bautizado como <strong>mariache\u00f1o<\/strong>. <\/p>\n<p>En 2017 debut\u00f3 con <strong>Me dej\u00e9 llevar<\/strong>, que le vali\u00f3 un <strong>Grammy Latino<\/strong>, y desde entonces ha sumado una discograf\u00eda consistente con \u00e1lbumes y EP como <strong>Ahora<\/strong>, <strong>AYAYAY!<\/strong> y <strong>Forajido<\/strong>. Ha colaborado con <strong>David Bisbal<\/strong>, <strong>Ricky Martin<\/strong>, <strong>Romeo Santos<\/strong>, <strong>Christina Aguilera<\/strong>, <strong>Maluma<\/strong>, <strong>Camilo<\/strong> y <strong>Juanes<\/strong>, entre otros.<\/p>\n<p>\u200bChristian Nodal se presentar\u00e1 el s\u00e1bado 4 de abril en el anfiteatro de Altos de Chav\u00f3n, en La Romana, como parte de su gira internacional Pa\u2019l Cora Tour, en el marco de la tradicional cartelera art\u00edstica de S\u00e1bado Santo.El cantautor mexicano ofrecer\u00e1 un recorrido por los temas m\u00e1s reconocidos de su carrera ante miles de fan\u00e1ticos dominicanos, con una puesta en escena de alto nivel producida por Gamal Hach\u00e9.Entre los temas que sonar\u00e1n esta noche figuran Dime c\u00f3mo quieres, Ya no somos ni seremos, Adi\u00f3s amor, Botella tras botella, De los besos que te di, No te contaron mal y Probablemente, canciones que lo han consolidado como una de las figuras m\u00e1s importantes del regional mexicano en Latinoam\u00e9rica.Tradici\u00f3n cultural en Altos de Chav\u00f3nAltos de Chav\u00f3n mantiene su tradici\u00f3n como punto de encuentro cultural durante la Semana Santa, con d\u00e9cadas de presentaciones memorables que convierten cada edici\u00f3n en una cita ineludible.Las boletas est\u00e1n disponibles a trav\u00e9s de Uepa Tickets.    Te puede interesar                Christian Nodal obtiene victoria en su batalla legal contra Universal Music            Trayectoria de Christian NodalChristian Nodal naci\u00f3 el 11 de enero de 1999 en Caborca, Sonora, M\u00e9xico, en el seno de una familia de m\u00fasicos. Su padre, Jaime Gonz\u00e1lez, es productor de la discogr\u00e1fica JG MUSIC, y su madre, Silvia Cristina Nodal Jim\u00e9nez, es su m\u00e1nager. Comenz\u00f3 a cantar a los cuatro a\u00f1os y aprendi\u00f3 por cuenta propia a tocar el piano, la trompeta y la guitarra. A los trece ya compon\u00eda canciones y a los diecis\u00e9is ofrec\u00eda conciertos en Mexicali.En 2016 lanz\u00f3 Adi\u00f3s amor, que alcanz\u00f3 el n\u00famero uno en la lista de canciones regionales mexicanas y permaneci\u00f3 m\u00e1s de veinticinco semanas en el Top Latin Songs. Su estilo, mezcla de mariachi con banda y m\u00fasica norte\u00f1a, fue bautizado como mariache\u00f1o. En 2017 debut\u00f3 con Me dej\u00e9 llevar, que le vali\u00f3 un Grammy Latino, y desde entonces ha sumado una discograf\u00eda consistente con \u00e1lbumes y EP como Ahora, AYAYAY! y Forajido. Ha colaborado con David Bisbal, Ricky Martin, Romeo Santos, Christina Aguilera, Maluma, Camilo y Juanes, entre otros.\u00a0\u00a0Revista, M\u00fasica, Diario Libre, Santo Domingo, Altos de Chav\u00f3n, M\u00fasica regional mexicana, Christian Nodal concierto La Romana, Pa`l Cora Tour, boletas Christian Nodal\u00a0<\/p>\n","protected":false},"excerpt":{"rendered":"<p>Christian Nodal se presentar\u00e1 el s\u00e1bado 4 de abril en el anfiteatro de Altos de Chav\u00f3n, en La Romana, como parte de su gira internacional Pa\u2019l Cora Tour, en el marco de la tradicional cartelera art\u00edstica de S\u00e1bado Santo. El cantautor mexicano ofrecer\u00e1 un recorrido por los temas m\u00e1s reconocidos de su carrera ante miles [&hellip;]<\/p>\n","protected":false},"author":1,"featured_media":10938,"comment_status":"open","ping_status":"open","sticky":false,"template":"","format":"standard","meta":{"amp_status":"","footnotes":""},"categories":[9],"tags":[],"class_list":["post-11056","post","type-post","status-publish","format-standard","has-post-thumbnail","hentry","category-espectaculo"],"_links":{"self":[{"href":"https:\/\/ermdigital.com\/index.php?rest_route=\/wp\/v2\/posts\/11056","targetHints":{"allow":["GET"]}}],"collection":[{"href":"https:\/\/ermdigital.com\/index.php?rest_route=\/wp\/v2\/posts"}],"about":[{"href":"https:\/\/ermdigital.com\/index.php?rest_route=\/wp\/v2\/types\/post"}],"author":[{"embeddable":true,"href":"https:\/\/ermdigital.com\/index.php?rest_route=\/wp\/v2\/users\/1"}],"replies":[{"embeddable":true,"href":"https:\/\/ermdigital.com\/index.php?rest_route=%2Fwp%2Fv2%2Fcomments&post=11056"}],"version-history":[{"count":0,"href":"https:\/\/ermdigital.com\/index.php?rest_route=\/wp\/v2\/posts\/11056\/revisions"}],"wp:featuredmedia":[{"embeddable":true,"href":"https:\/\/ermdigital.com\/index.php?rest_route=\/wp\/v2\/media\/10938"}],"wp:attachment":[{"href":"https:\/\/ermdigital.com\/index.php?rest_route=%2Fwp%2Fv2%2Fmedia&parent=11056"}],"wp:term":[{"taxonomy":"category","embeddable":true,"href":"https:\/\/ermdigital.com\/index.php?rest_route=%2Fwp%2Fv2%2Fcategories&post=11056"},{"taxonomy":"post_tag","embeddable":true,"href":"https:\/\/ermdigital.com\/index.php?rest_route=%2Fwp%2Fv2%2Ftags&post=11056"}],"curies":[{"name":"wp","href":"https:\/\/api.w.org\/{rel}","templated":true}]}}