{"id":11053,"date":"2026-04-02T05:18:00","date_gmt":"2026-04-02T09:18:00","guid":{"rendered":"https:\/\/ermdigital.com\/index.php\/2026\/04\/02\/dos-cuadros-de-claude-monet-a-subasta-en-paris-el-16-de-abril\/"},"modified":"2026-04-02T05:18:00","modified_gmt":"2026-04-02T09:18:00","slug":"dos-cuadros-de-claude-monet-a-subasta-en-paris-el-16-de-abril","status":"publish","type":"post","link":"https:\/\/ermdigital.com\/?p=11053","title":{"rendered":"Dos cuadros de Claude Monet a subasta en Par\u00eds el 16 de abril"},"content":{"rendered":"<p>Dos cuadros de paisajes in\u00e9ditos del pintor impresionista <strong>Claude Monet<\/strong>, en manos privadas durante casi 115 a\u00f1os en un caso y 98 a\u00f1os en el otro, ser\u00e1n <strong>subastados<\/strong> el pr\u00f3ximo 16 de abril por <strong>Sotheby\u2019s<\/strong> en su sede de Par\u00eds, por un valor estimado de hasta cinco y ocho millones de euros para cada obra.<\/p>\n<p>Se trata de los lienzos '<strong>Les \u00celes de Port-Villez<\/strong>' (<strong>Las islas de Port-Villez<\/strong>), de 1883, y '<strong>V\u00e9theuil, effet du matin<\/strong>' (<strong>V\u00e9theuil, efecto de la ma\u00f1ana<\/strong>, de 1901), que juntos ofrecen una visi\u00f3n \u00fanica de la <strong>evoluci\u00f3n art\u00edstica<\/strong> de Monet, seg\u00fan destac\u00f3 este mi\u00e9rcoles la casa de subastas en un comunicado.<\/p>\n<p>Pintadas con <strong>veinte a\u00f1os<\/strong> de diferencia, ambas escenas reflejan dos momentos clave de su carrera en la <strong>regi\u00f3n del Sena<\/strong>, cerca de la localidad de <strong>Giverny<\/strong>, donde el artista se estableci\u00f3 en 1883.<\/p>\n<article class=\"border-t border-b py-5 mb-5 component nota-incrustada\">    <span class=\"block mb-2\"><strong>Te puede interesar<\/strong><\/span>                <\/p>\n<h2><a href=\"https:\/\/www.diariolibre.com\/revista\/musica\/2026\/03\/30\/mescyt-impulsa-la-transformacion-del-conservatorio-nacional-de-musica\/3487076?utm_source=relacionadas&amp;utm_medium=nota&amp;utm_campaign=relacionadas\" title=\"MESCyT promueve la transformaci\u00f3n del Conservatorio Nacional de M\u00fasica\">MESCyT promueve la transformaci\u00f3n del Conservatorio Nacional de M\u00fasica<\/a><\/h2>\n<\/article>\n<h2>Un hecho excepcional<\/h2>\n<p>La <strong>reaparici\u00f3n simult\u00e1nea<\/strong> de estas obras constituye \"un acontecimiento verdaderamente excepcional\", debido tanto a su relevancia como a su notable estado de conservaci\u00f3n, destac\u00f3 el codirector del departamento de <strong>Arte Moderno<\/strong> y Contempor\u00e1neo de Sotherby&#8217;s Par\u00eds, <strong>Thomas Bompard<\/strong>.<\/p>\n<p>El cuadro '<strong>Las islas de Port-Villez<\/strong>', con un valor estimado de entre <strong>3 y 5 millones<\/strong> de euros, fue pintado poco despu\u00e9s de la llegada de Monet a <strong>Giverny<\/strong> y refleja sus primeras exploraciones de la <strong>luz sobre el agua<\/strong>, un elemento central en su obra posterior.<\/p>\n<figure class=\"inline-block\">\n<div class=\"expand-img-placeholder\"><img loading=\"lazy\" decoding=\"async\" src=\"https:\/\/resources.diariolibre.com\/images\/expand.svg\" alt=\"Expandir imagen\" width=\"20\" height=\"20\"><span class=\"rutaimagenoriginal-placeholder\">https:\/\/resources.diariolibre.com\/images\/2026\/04\/02\/sothebys-mdbrightspotcdn-a76e3198.jpg<\/span><\/div>\n<p><img decoding=\"async\" loading=\"lazy\" src=\"https:\/\/resources.diariolibre.com\/images\/2026\/04\/02\/sothebys-mdbrightspotcdn-a76e3198.jpg\" width=\"auto\" height=\"350\" alt=\"Infograf\u00eda\" class=\"mx-auto\"><figcaption><span>La obra \u201cLes \u00celes de Port-Villez\u201d, de Claude Monet.<\/span><span> (<strong>FUENTE EXTERNA<\/strong>)<\/span><\/figcaption><\/figure>\n<p>La pintura, adquirida en su d\u00eda por el marchante <strong>Paul Durand-Ruel<\/strong> y <strong>vendida en 1954<\/strong> a sus actuales propietarios, cuya identidad no se facilit\u00f3, solo se conoc\u00eda hasta ahora por <strong>reproducciones en blanco y negro<\/strong>.<\/p>\n<p>Por su parte, '<strong>V\u00e9theuil, efecto de la ma\u00f1ana<\/strong>', valorada entre <strong>6 y 8 millones<\/strong> de euros, no se mostraba p\u00fablicamente desde 1928 y estaba en manos de la familia que la pone en venta desde 1972.<\/p>\n<figure class=\"inline-block\">\n<div class=\"expand-img-placeholder\"><img loading=\"lazy\" decoding=\"async\" src=\"https:\/\/resources.diariolibre.com\/images\/expand.svg\" alt=\"Expandir imagen\" width=\"20\" height=\"20\"><span class=\"rutaimagenoriginal-placeholder\">https:\/\/resources.diariolibre.com\/images\/2026\/04\/02\/sothebys-mdbrightspotcdn-1-e342bfb5.jpg<\/span><\/div>\n<p><img decoding=\"async\" loading=\"lazy\" src=\"https:\/\/resources.diariolibre.com\/images\/2026\/04\/02\/sothebys-mdbrightspotcdn-1-e342bfb5.jpg\" width=\"auto\" height=\"350\" alt=\"Infograf\u00eda\" class=\"mx-auto\"><figcaption><span>El cuadro \u201cV\u00e9theuil, effet du matin\u201d, de Claude Monet.<\/span><span> (<strong>FUENTE EXTERNA<\/strong>)<\/span><\/figcaption><\/figure>\n<p>Esta obra forma parte de una <strong>serie tard\u00eda<\/strong> en la que Monet revisita el paisaje de V\u00e9theuil con un enfoque m\u00e1s experimental, centrado en los efectos atmosf\u00e9ricos y los <strong>reflejos del r\u00edo Sena<\/strong>, explic\u00f3 la casa de subastas.<\/p>\n<p>Hoy en d\u00eda, muchas de las obras de esta serie se conservan en importantes colecciones muse\u00edsticas, entre ellas las del <strong>Museo de Orsay<\/strong>, el <strong>Art Institute of Chicago<\/strong> y el <strong>Museo Pushkin<\/strong>.<\/p>\n<p>Estas dos obras permiten apreciar \"la <strong>evoluci\u00f3n de un artista<\/strong> cuya investigaci\u00f3n sobre la luz y la atm\u00f3sfera transform\u00f3 profundamente la historia del <strong>arte moderno<\/strong>\", se\u00f1al\u00f3 por su parte la tambi\u00e9n codirectora del departamento de <strong>Arte Moderno<\/strong> y Contempor\u00e1neo de Sotherby&#8217;s Par\u00eds, Aur\u00e9lie Vandevoorde.<\/p>\n<p>Las dos obras juntas podr\u00e1n verse <strong>expuestas<\/strong> en los <strong>d\u00edas previos<\/strong> a la subasta en la <strong>sede parisina<\/strong> de <strong>Sotheby\u2019s<\/strong>.\u00a0<\/p>\n<div class=\"read-more mb-7\">    <span class=\"block mb-2\">Leer m\u00e1s<\/span>    <\/p>\n<ul class=\"glosa\">\n<li>\n<h3><a href=\"https:\/\/www.diariolibre.com\/revista\/cultura\/2026\/04\/01\/exposicion-inmersiva-en-paris-rememora-naugrafio-de-titanic\/3488984?utm_source=relacionadas&amp;utm_medium=nota&amp;utm_campaign=relacionadas\" title=\"Una exposici\u00f3n inmersiva en Par\u00eds rememora el naufragio del Titanic\">Una exposici\u00f3n inmersiva en Par\u00eds rememora el naufragio del Titanic<\/a><\/h3>\n<\/li>\n<li>\n<h3><a href=\"https:\/\/www.diariolibre.com\/revista\/cultura\/2026\/03\/30\/experto-holandes-descubre-rembrandt-autentico-que-creian-copia\/3486354?utm_source=relacionadas&amp;utm_medium=nota&amp;utm_campaign=relacionadas\" title=\"Un experto holand\u00e9s descubre un Rembrandt aut\u00e9ntico que se cre\u00eda copia de un seguidor\">Un experto holand\u00e9s \"descubre\" un Rembrandt aut\u00e9ntico que se cre\u00eda copia de un seguidor<\/a><\/h3>\n<\/li>\n<li>\n<h3><a href=\"https:\/\/www.diariolibre.com\/revista\/cultura\/2026\/03\/27\/retrato-de-mujer-un-homenaje-al-legado-de-las-pintoras-dominicanas\/3484166?utm_source=relacionadas&amp;utm_medium=nota&amp;utm_campaign=relacionadas\" title=\"Retrato de Mujer: un homenaje al legado de las grandes pintoras dominicanas\">Retrato de Mujer: un homenaje al legado de las grandes pintoras dominicanas<\/a><\/h3>\n<\/li>\n<\/ul>\n<\/div>\n<p><\/p>\n<p>\u200bDos cuadros de paisajes in\u00e9ditos del pintor impresionista Claude Monet, en manos privadas durante casi 115 a\u00f1os en un caso y 98 a\u00f1os en el otro, ser\u00e1n subastados el pr\u00f3ximo 16 de abril por Sotheby\u2019s en su sede de Par\u00eds, por un valor estimado de hasta cinco y ocho millones de euros para cada obra.Se trata de los lienzos 'Les \u00celes de Port-Villez' (Las islas de Port-Villez), de 1883, y 'V\u00e9theuil, effet du matin' (V\u00e9theuil, efecto de la ma\u00f1ana, de 1901), que juntos ofrecen una visi\u00f3n \u00fanica de la evoluci\u00f3n art\u00edstica de Monet, seg\u00fan destac\u00f3 este mi\u00e9rcoles la casa de subastas en un comunicado.Pintadas con veinte a\u00f1os de diferencia, ambas escenas reflejan dos momentos clave de su carrera en la regi\u00f3n del Sena, cerca de la localidad de Giverny, donde el artista se estableci\u00f3 en 1883.    Te puede interesar                MESCyT promueve la transformaci\u00f3n del Conservatorio Nacional de M\u00fasica            Un hecho excepcionalLa reaparici\u00f3n simult\u00e1nea de estas obras constituye \"un acontecimiento verdaderamente excepcional\", debido tanto a su relevancia como a su notable estado de conservaci\u00f3n, destac\u00f3 el codirector del departamento de Arte Moderno y Contempor\u00e1neo de Sotherby&#8217;s Par\u00eds, Thomas Bompard.El cuadro 'Las islas de Port-Villez', con un valor estimado de entre 3 y 5 millones de euros, fue pintado poco despu\u00e9s de la llegada de Monet a Giverny y refleja sus primeras exploraciones de la luz sobre el agua, un elemento central en su obra posterior.https:\/\/resources.diariolibre.com\/images\/2026\/04\/02\/sothebys-mdbrightspotcdn-a76e3198.jpgLa obra \u201cLes \u00celes de Port-Villez\u201d, de Claude Monet. (FUENTE EXTERNA)La pintura, adquirida en su d\u00eda por el marchante Paul Durand-Ruel y vendida en 1954 a sus actuales propietarios, cuya identidad no se facilit\u00f3, solo se conoc\u00eda hasta ahora por reproducciones en blanco y negro.Por su parte, 'V\u00e9theuil, efecto de la ma\u00f1ana', valorada entre 6 y 8 millones de euros, no se mostraba p\u00fablicamente desde 1928 y estaba en manos de la familia que la pone en venta desde 1972.https:\/\/resources.diariolibre.com\/images\/2026\/04\/02\/sothebys-mdbrightspotcdn-1-e342bfb5.jpgEl cuadro \u201cV\u00e9theuil, effet du matin\u201d, de Claude Monet. (FUENTE EXTERNA)Esta obra forma parte de una serie tard\u00eda en la que Monet revisita el paisaje de V\u00e9theuil con un enfoque m\u00e1s experimental, centrado en los efectos atmosf\u00e9ricos y los reflejos del r\u00edo Sena, explic\u00f3 la casa de subastas.Hoy en d\u00eda, muchas de las obras de esta serie se conservan en importantes colecciones muse\u00edsticas, entre ellas las del Museo de Orsay, el Art Institute of Chicago y el Museo Pushkin.Estas dos obras permiten apreciar \"la evoluci\u00f3n de un artista cuya investigaci\u00f3n sobre la luz y la atm\u00f3sfera transform\u00f3 profundamente la historia del arte moderno\", se\u00f1al\u00f3 por su parte la tambi\u00e9n codirectora del departamento de Arte Moderno y Contempor\u00e1neo de Sotherby&#8217;s Par\u00eds, Aur\u00e9lie Vandevoorde.Las dos obras juntas podr\u00e1n verse expuestas en los d\u00edas previos a la subasta en la sede parisina de Sotheby\u2019s.\u00a0    Leer m\u00e1s                            Una exposici\u00f3n inmersiva en Par\u00eds rememora el naufragio del Titanic                            Un experto holand\u00e9s \"descubre\" un Rembrandt aut\u00e9ntico que se cre\u00eda copia de un seguidor                            Retrato de Mujer: un homenaje al legado de las grandes pintoras dominicanas\u00a0\u00a0Revista, Cultura, EFE, Par\u00eds, Arte, Claude Monet, Impresionismo, Sotheby`s, Subasta de arte\u00a0<\/p>\n","protected":false},"excerpt":{"rendered":"<p>Dos cuadros de paisajes in\u00e9ditos del pintor impresionista Claude Monet, en manos privadas durante casi 115 a\u00f1os en un caso y 98 a\u00f1os en el otro, ser\u00e1n subastados el pr\u00f3ximo 16 de abril por Sotheby\u2019s en su sede de Par\u00eds, por un valor estimado de hasta cinco y ocho millones de euros para cada obra. [&hellip;]<\/p>\n","protected":false},"author":1,"featured_media":11008,"comment_status":"open","ping_status":"open","sticky":false,"template":"","format":"standard","meta":{"amp_status":"","footnotes":""},"categories":[9],"tags":[],"class_list":["post-11053","post","type-post","status-publish","format-standard","has-post-thumbnail","hentry","category-espectaculo"],"_links":{"self":[{"href":"https:\/\/ermdigital.com\/index.php?rest_route=\/wp\/v2\/posts\/11053","targetHints":{"allow":["GET"]}}],"collection":[{"href":"https:\/\/ermdigital.com\/index.php?rest_route=\/wp\/v2\/posts"}],"about":[{"href":"https:\/\/ermdigital.com\/index.php?rest_route=\/wp\/v2\/types\/post"}],"author":[{"embeddable":true,"href":"https:\/\/ermdigital.com\/index.php?rest_route=\/wp\/v2\/users\/1"}],"replies":[{"embeddable":true,"href":"https:\/\/ermdigital.com\/index.php?rest_route=%2Fwp%2Fv2%2Fcomments&post=11053"}],"version-history":[{"count":0,"href":"https:\/\/ermdigital.com\/index.php?rest_route=\/wp\/v2\/posts\/11053\/revisions"}],"wp:featuredmedia":[{"embeddable":true,"href":"https:\/\/ermdigital.com\/index.php?rest_route=\/wp\/v2\/media\/11008"}],"wp:attachment":[{"href":"https:\/\/ermdigital.com\/index.php?rest_route=%2Fwp%2Fv2%2Fmedia&parent=11053"}],"wp:term":[{"taxonomy":"category","embeddable":true,"href":"https:\/\/ermdigital.com\/index.php?rest_route=%2Fwp%2Fv2%2Fcategories&post=11053"},{"taxonomy":"post_tag","embeddable":true,"href":"https:\/\/ermdigital.com\/index.php?rest_route=%2Fwp%2Fv2%2Ftags&post=11053"}],"curies":[{"name":"wp","href":"https:\/\/api.w.org\/{rel}","templated":true}]}}