{"id":11015,"date":"2026-04-01T19:00:00","date_gmt":"2026-04-01T23:00:00","guid":{"rendered":"https:\/\/ermdigital.com\/index.php\/2026\/04\/01\/la-fotografia-como-relato-de-ricardo-piantini\/"},"modified":"2026-04-01T19:00:00","modified_gmt":"2026-04-01T23:00:00","slug":"la-fotografia-como-relato-de-ricardo-piantini","status":"publish","type":"post","link":"https:\/\/ermdigital.com\/?p=11015","title":{"rendered":"La fotograf\u00eda como relato de Ricardo Piantini"},"content":{"rendered":"<p>Cuando conoc\u00ed a <strong>Ricardo Piantini<\/strong> no ten\u00eda una c\u00e1mara en las manos. \u00c9ramos compa\u00f1eros de aula como <strong>estudiantes de Derecho<\/strong> en la universidad. En aquellos <strong>a\u00f1os noventa<\/strong> elegir una carrera parec\u00eda responder a una l\u00f3gica bastante clara: estudiar algo formal que pudiera garantizar un sustento.<\/p>\n<p><strong>Ejerci\u00f3 la abogac\u00eda<\/strong> durante <strong>una d\u00e9cada<\/strong> y, aunque nunca le gener\u00f3 una inconformidad abierta, tampoco encontr\u00f3 all\u00ed su <strong>vocaci\u00f3n<\/strong>. Desde temprano le atra\u00edan las artes: la pintura, el cine, la arquitectura. <\/p>\n<p>En la <strong>fotograf\u00eda<\/strong> hall\u00f3 un refugio, un espacio propio que equilibraba las jornadas largas en la oficina \u2014tomaba <strong>cursos<\/strong>, participaba en grupos de fot\u00f3grafos aficionados\u2014 y, sin saberlo, comenzaba a <strong>entrenar la mirada<\/strong>.<\/p>\n<p>La vida, sin embargo, tiene formas inesperadas de reordenar las prioridades. Un <strong>proceso delicado de salud<\/strong> lo oblig\u00f3 a detenerse y replantearse su rumbo. Fue entonces cuando <strong>decidi\u00f3 apostar<\/strong> por aquello que realmente lo apasionaba.<\/p>\n<article class=\"border-t border-b py-5 mb-5 component nota-incrustada\">    <span class=\"block mb-2\"><strong>Te puede interesar<\/strong><\/span>                <\/p>\n<h2><a href=\"https:\/\/www.diariolibre.com\/revista\/columnistas\/2026\/03\/19\/entre-la-memoria-y-el-instante-victor-colden\/3473637?utm_source=relacionadas&amp;utm_medium=nota&amp;utm_campaign=relacionadas\" title=\"V\u00edctor Colden, entre la memoria y el instante\">V\u00edctor Colden, entre la memoria y el instante<\/a><\/h2>\n<h2><a href=\"https:\/\/www.diariolibre.com\/revista\/columnistas\/2026\/03\/04\/maria-amalia-leon-una-maestra-constante\/3457386?utm_source=relacionadas&amp;utm_medium=nota&amp;utm_campaign=relacionadas\" title=\"Mar\u00eda Amalia Le\u00f3n, una maestra constante\">Mar\u00eda Amalia Le\u00f3n, una maestra constante<\/a><\/h2>\n<\/article>\n<p>Empezar significaba construir una carrera desde cero: <strong>buscar clientes<\/strong>, <strong>descubrir qu\u00e9 fotografiar<\/strong> y en qu\u00e9 terreno pod\u00eda desarrollar su propia voz. Poco a poco las oportunidades comenzaron a aparecer. <\/p>\n<p>Hasta que en <strong>2007<\/strong> gan\u00f3 el primer <strong>premio de fotograf\u00eda<\/strong> en la XXIV Bienal Nacional de Artes Visuales de Santo Domingo con una obra sobre el <strong>feminicidio<\/strong>, un tema social que ya revelaba la sensibilidad de su propuesta.<\/p>\n<p>Hoy su enfoque profesional abarca el retrato, la <strong>fotograf\u00eda corporativa<\/strong>, de interiores y de arquitectura, as\u00ed como la editorial. Pero en su obra m\u00e1s personal hay una b\u00fasqueda distinta: una <strong>mirada atenta<\/strong> a la sociedad, a esas escenas de lo cotidiano que revelan algo sobre nosotros.<\/p>\n<p>Para Piantini, una <strong>fotograf\u00eda<\/strong> no se agota en ser una imagen bella. Le interesa que <strong>cuente algo<\/strong>, que invite a pensar. Por eso se involucra tanto en cada retrato. <\/p>\n<p>Como fot\u00f3grafo oficial de la primera edici\u00f3n del <strong>Festival Mar de Palabras<\/strong>, investig\u00f3 a los autores invitados para comprender su obra y su personalidad antes de retratarlos. La luz, los \u00e1ngulos y la composici\u00f3n son herramientas; lo esencial es <strong>capturar a la persona<\/strong> en ese momento.<\/p>\n<p>Su <strong>formaci\u00f3n jur\u00eddica<\/strong>, curiosamente, tambi\u00e9n dej\u00f3 una huella en su m\u00e9todo. Aquella disciplina rigurosa y meticulosa que exige el Derecho se transform\u00f3 en una manera de trabajar cada imagen con minuciosidad. Investiga, observa, estudia el contexto. Nada queda completamente al azar.<\/p>\n<p>Despu\u00e9s de <strong>m\u00e1s de veinte a\u00f1os<\/strong> dedicado a la <strong>fotograf\u00eda<\/strong>, sigue sinti\u00e9ndose un aprendiz. Mantiene una inquietud constante: hacer mejores fotos, <strong>seguir aprendiendo<\/strong> y evolucionar. M\u00e1s que tomar im\u00e1genes, Ricardo busca <strong>contar historias<\/strong>.<\/p>\n<div class=\"read-more mb-7\">    <span class=\"block mb-2\">Leer m\u00e1s<\/span>    <\/p>\n<ul class=\"glosa\">\n<li>\n<h3><a href=\"https:\/\/www.diariolibre.com\/revista\/columnistas\/2026\/02\/18\/nathalie-pena-comas-la-voz-como-instrumento\/3440035?utm_source=relacionadas&amp;utm_medium=nota&amp;utm_campaign=relacionadas\" title=\"Nathalie Pe\u00f1a Comas y la voz como instrumento\">Nathalie Pe\u00f1a Comas y la voz como instrumento<\/a><\/h3>\n<\/li>\n<li>\n<h3><a href=\"https:\/\/www.diariolibre.com\/revista\/columnistas\/2026\/02\/04\/humus-literario-de-diego-perez-ordonez\/3426270?utm_source=relacionadas&amp;utm_medium=nota&amp;utm_campaign=relacionadas\" title=\"El humus literario de Diego P\u00e9rez Ord\u00f3\u00f1ez\">El humus literario de Diego P\u00e9rez Ord\u00f3\u00f1ez<\/a><\/h3>\n<\/li>\n<li>\n<h3><a href=\"https:\/\/www.diariolibre.com\/revista\/columnistas\/2026\/01\/21\/manuel-arias-maldonado-piensa-desde-el-cine\/3409407?utm_source=relacionadas&amp;utm_medium=nota&amp;utm_campaign=relacionadas\" title=\"Manuel Arias Maldonado, pensar desde el cine\">Manuel Arias Maldonado, pensar desde el cine<\/a><\/h3>\n<\/li>\n<\/ul>\n<\/div>\n<p>\u200bCuando conoc\u00ed a Ricardo Piantini no ten\u00eda una c\u00e1mara en las manos. \u00c9ramos compa\u00f1eros de aula como estudiantes de Derecho en la universidad. En aquellos a\u00f1os noventa elegir una carrera parec\u00eda responder a una l\u00f3gica bastante clara: estudiar algo formal que pudiera garantizar un sustento.Ejerci\u00f3 la abogac\u00eda durante una d\u00e9cada y, aunque nunca le gener\u00f3 una inconformidad abierta, tampoco encontr\u00f3 all\u00ed su vocaci\u00f3n. Desde temprano le atra\u00edan las artes: la pintura, el cine, la arquitectura. En la fotograf\u00eda hall\u00f3 un refugio, un espacio propio que equilibraba las jornadas largas en la oficina \u2014tomaba cursos, participaba en grupos de fot\u00f3grafos aficionados\u2014 y, sin saberlo, comenzaba a entrenar la mirada.La vida, sin embargo, tiene formas inesperadas de reordenar las prioridades. Un proceso delicado de salud lo oblig\u00f3 a detenerse y replantearse su rumbo. Fue entonces cuando decidi\u00f3 apostar por aquello que realmente lo apasionaba.    Te puede interesar                V\u00edctor Colden, entre la memoria y el instante                    Mar\u00eda Amalia Le\u00f3n, una maestra constante            Empezar significaba construir una carrera desde cero: buscar clientes, descubrir qu\u00e9 fotografiar y en qu\u00e9 terreno pod\u00eda desarrollar su propia voz. Poco a poco las oportunidades comenzaron a aparecer. Hasta que en 2007 gan\u00f3 el primer premio de fotograf\u00eda en la XXIV Bienal Nacional de Artes Visuales de Santo Domingo con una obra sobre el feminicidio, un tema social que ya revelaba la sensibilidad de su propuesta.Hoy su enfoque profesional abarca el retrato, la fotograf\u00eda corporativa, de interiores y de arquitectura, as\u00ed como la editorial. Pero en su obra m\u00e1s personal hay una b\u00fasqueda distinta: una mirada atenta a la sociedad, a esas escenas de lo cotidiano que revelan algo sobre nosotros.Para Piantini, una fotograf\u00eda no se agota en ser una imagen bella. Le interesa que cuente algo, que invite a pensar. Por eso se involucra tanto en cada retrato. Como fot\u00f3grafo oficial de la primera edici\u00f3n del Festival Mar de Palabras, investig\u00f3 a los autores invitados para comprender su obra y su personalidad antes de retratarlos. La luz, los \u00e1ngulos y la composici\u00f3n son herramientas; lo esencial es capturar a la persona en ese momento.Su formaci\u00f3n jur\u00eddica, curiosamente, tambi\u00e9n dej\u00f3 una huella en su m\u00e9todo. Aquella disciplina rigurosa y meticulosa que exige el Derecho se transform\u00f3 en una manera de trabajar cada imagen con minuciosidad. Investiga, observa, estudia el contexto. Nada queda completamente al azar.Despu\u00e9s de m\u00e1s de veinte a\u00f1os dedicado a la fotograf\u00eda, sigue sinti\u00e9ndose un aprendiz. Mantiene una inquietud constante: hacer mejores fotos, seguir aprendiendo y evolucionar. M\u00e1s que tomar im\u00e1genes, Ricardo busca contar historias.    Leer m\u00e1s                            Nathalie Pe\u00f1a Comas y la voz como instrumento                            El humus literario de Diego P\u00e9rez Ord\u00f3\u00f1ez                            Manuel Arias Maldonado, pensar desde el cine\u00a0\u00a0Revista, columnistas, Jarouska Cocco, Santo Domingo, Fotograf\u00eda, vocaci\u00f3n, narrativa visual, Ricardo Piantini, Sensibilidad social\u00a0<\/p>\n","protected":false},"excerpt":{"rendered":"<p>Cuando conoc\u00ed a Ricardo Piantini no ten\u00eda una c\u00e1mara en las manos. \u00c9ramos compa\u00f1eros de aula como estudiantes de Derecho en la universidad. En aquellos a\u00f1os noventa elegir una carrera parec\u00eda responder a una l\u00f3gica bastante clara: estudiar algo formal que pudiera garantizar un sustento. Ejerci\u00f3 la abogac\u00eda durante una d\u00e9cada y, aunque nunca le [&hellip;]<\/p>\n","protected":false},"author":1,"featured_media":10779,"comment_status":"open","ping_status":"open","sticky":false,"template":"","format":"standard","meta":{"amp_status":"","footnotes":""},"categories":[9],"tags":[],"class_list":["post-11015","post","type-post","status-publish","format-standard","has-post-thumbnail","hentry","category-espectaculo"],"_links":{"self":[{"href":"https:\/\/ermdigital.com\/index.php?rest_route=\/wp\/v2\/posts\/11015","targetHints":{"allow":["GET"]}}],"collection":[{"href":"https:\/\/ermdigital.com\/index.php?rest_route=\/wp\/v2\/posts"}],"about":[{"href":"https:\/\/ermdigital.com\/index.php?rest_route=\/wp\/v2\/types\/post"}],"author":[{"embeddable":true,"href":"https:\/\/ermdigital.com\/index.php?rest_route=\/wp\/v2\/users\/1"}],"replies":[{"embeddable":true,"href":"https:\/\/ermdigital.com\/index.php?rest_route=%2Fwp%2Fv2%2Fcomments&post=11015"}],"version-history":[{"count":0,"href":"https:\/\/ermdigital.com\/index.php?rest_route=\/wp\/v2\/posts\/11015\/revisions"}],"wp:featuredmedia":[{"embeddable":true,"href":"https:\/\/ermdigital.com\/index.php?rest_route=\/wp\/v2\/media\/10779"}],"wp:attachment":[{"href":"https:\/\/ermdigital.com\/index.php?rest_route=%2Fwp%2Fv2%2Fmedia&parent=11015"}],"wp:term":[{"taxonomy":"category","embeddable":true,"href":"https:\/\/ermdigital.com\/index.php?rest_route=%2Fwp%2Fv2%2Fcategories&post=11015"},{"taxonomy":"post_tag","embeddable":true,"href":"https:\/\/ermdigital.com\/index.php?rest_route=%2Fwp%2Fv2%2Ftags&post=11015"}],"curies":[{"name":"wp","href":"https:\/\/api.w.org\/{rel}","templated":true}]}}