{"id":11014,"date":"2026-04-01T19:02:00","date_gmt":"2026-04-01T23:02:00","guid":{"rendered":"https:\/\/ermdigital.com\/index.php\/2026\/04\/01\/una-visita-cultural-si-te-quedas-en-la-ciudad-en-semana-santa\/"},"modified":"2026-04-01T19:02:00","modified_gmt":"2026-04-01T23:02:00","slug":"una-visita-cultural-si-te-quedas-en-la-ciudad-en-semana-santa","status":"publish","type":"post","link":"https:\/\/ermdigital.com\/?p=11014","title":{"rendered":"Una visita cultural si te quedas en la ciudad en Semana Santa"},"content":{"rendered":"<p>\"La ciudad se queda vac\u00eda en <strong>Semana Santa\"<\/strong>. Esta afirmaci\u00f3n es com\u00fan cada a\u00f1o entre los <strong>capitale\u00f1os<\/strong> que deciden <strong>quedarse en la ciudad<\/strong> en estos d\u00edas de asueto.<\/p>\n<p>Y tienen raz\u00f3n, durante la <strong>semana mayor<\/strong> la <strong>ciudad se libera<\/strong> del <strong>tap\u00f3n<\/strong> y es una excelente idea para recorrerla despacio y apreciar sus atractivos hist\u00f3ricos, sus patrimonios y religiosidad. Las calles de la <strong>Ciudad Colonial<\/strong>, los <strong>museos<\/strong> p\u00fablicos y los centros culturales privados tienen una interesante <strong>agenda<\/strong> para visitarlos en familia.<\/p>\n<p>A continuaci\u00f3n, compartimos una <strong>agenda<\/strong> de<strong> exposiciones<\/strong> y <strong>actividades <\/strong>que integran reflexi\u00f3n, fe, cultura y esparcimiento.<\/p>\n<div class=\"w-full pt-2 float-left inside-related\">    <span class=\"border-b border-black pb-3 mb-4 block\"><strong>RELACIONADAS<\/strong><\/span>                <\/p>\n<article class=\"flex flex-wrap border-b pb-4 mb-3 inline-block\">\n<div class=\"xl:w-2\/12 w-4\/12\">\n<figure class=\"mb-0\">                                                    <a href=\"https:\/\/www.diariolibre.com\/revista\/columnistas\/2026\/04\/01\/habichuelas-con-dulce-postre-dominicano-por-cuaresma\/3488732?utm_source=relacionadas&amp;utm_medium=nota&amp;utm_campaign=relacionadas\" title=\"                                                                                                                            \">                                                                <img decoding=\"async\" loading=\"lazy\" src=\"https:\/\/resources.diariolibre.com\/images\/2026\/04\/01\/habichuelas-con-dulce-postre-dominicano-por-cuaresma-987d6811-focus-0.03-0.05-149-99.jpg\" width=\"149\" height=\"99\" title=\"Habichuelas con dulce: un postre con identidad dominicana y de Cuaresma\" alt=\"Habichuelas con dulce: un postre con identidad dominicana y de Cuaresma\" class=\"object-cover\">                                                            <\/a>                                            <\/figure>\n<\/p><\/div>\n<div class=\"xl:w-10\/12 w-8\/12 pl-3\">\n<div class=\"text-md mb-2 meta\">                        <a href=\"https:\/\/www.diariolibre.com\/revista\/columnistas\/raices\" title=\"Ra\u00edces\">Ra\u00edces<\/a>                    <\/div>\n<h2><a href=\"https:\/\/www.diariolibre.com\/revista\/columnistas\/2026\/04\/01\/habichuelas-con-dulce-postre-dominicano-por-cuaresma\/3488732?utm_source=relacionadas&amp;utm_medium=nota&amp;utm_campaign=relacionadas\" title=\"Habichuelas con dulce: un postre con identidad dominicana y de Cuaresma\">Habichuelas con dulce: un postre con identidad dominicana y de Cuaresma<\/a><\/h2>\n<\/p><\/div>\n<\/article>\n<article class=\"flex flex-wrap border-b pb-4 mb-3 inline-block\">\n<div class=\"xl:w-2\/12 w-4\/12\">\n<figure class=\"mb-0\">                                                    <a href=\"https:\/\/www.diariolibre.com\/actualidad\/salud\/2026\/04\/01\/lo-que-no-puede-faltar-en-tu-botiquin-esta-semana-santa\/3489239?utm_source=relacionadas&amp;utm_medium=nota&amp;utm_campaign=relacionadas\" title=\"                                                                                                                            \">                                                                <img decoding=\"async\" loading=\"lazy\" src=\"https:\/\/resources.diariolibre.com\/images\/2026\/04\/01\/lo-que-no-puede-faltar-en-tu-botiquin-esta-semana-santa-20d84b75-focus-0-0-149-99.jpg\" width=\"149\" height=\"99\" title=\"\u00bfDe viaje en Semana Santa? Esto es lo que no puede faltar en tu botiqu\u00edn\" alt=\"\u00bfDe viaje en Semana Santa? Esto es lo que no puede faltar en tu botiqu\u00edn\" class=\"object-cover\">                                                            <\/a>                                            <\/figure>\n<\/p><\/div>\n<div class=\"xl:w-10\/12 w-8\/12 pl-3\">\n<div class=\"text-md mb-2 meta\">                        <a href=\"https:\/\/www.diariolibre.com\/actualidad\/salud\" title=\"Salud\">Salud<\/a>                    <\/div>\n<h2><a href=\"https:\/\/www.diariolibre.com\/actualidad\/salud\/2026\/04\/01\/lo-que-no-puede-faltar-en-tu-botiquin-esta-semana-santa\/3489239?utm_source=relacionadas&amp;utm_medium=nota&amp;utm_campaign=relacionadas\" title=\"\u00bfDe viaje en Semana Santa? Esto es lo que no puede faltar en tu botiqu\u00edn\">\u00bfDe viaje en Semana Santa? Esto es lo que no puede faltar en tu botiqu\u00edn<\/a><\/h2>\n<\/p><\/div>\n<\/article><\/div>\n<h2><strong>Calendario lit\u00fargico<\/strong><\/h2>\n<div class=\"social-embed mb-4\">\n<blockquote class=\"instagram-media\" data-instgrm-captioned=\"\" data-instgrm-permalink=\"https:\/\/www.instagram.com\/p\/DWccXzgCahf\/?utm_source=ig_embed&amp;utm_campaign=loading\" data-instgrm-version=\"14\">\n<div> <a href=\"https:\/\/www.instagram.com\/p\/DWccXzgCahf\/?utm_source=ig_embed&amp;utm_campaign=loading\" target=\"_blank\" title=\"       View this post on Instagram            \" rel=\"nofollow noopener noreferrer\"> <\/p>\n<div>\n<div><\/div>\n<div>\n<div><\/div>\n<div><\/div>\n<\/div>\n<\/div>\n<div><\/div>\n<div><\/div>\n<div>\n<div>View this post on Instagram<\/div>\n<\/div>\n<div><\/div>\n<div>\n<div>\n<div><\/div>\n<div><\/div>\n<div><\/div>\n<\/div>\n<div>\n<div><\/div>\n<div><\/div>\n<\/div>\n<div>\n<div><\/div>\n<div><\/div>\n<div><\/div>\n<\/div>\n<\/div>\n<div>\n<div><\/div>\n<div><\/div>\n<\/div>\n<p><\/a><\/p>\n<p><a href=\"https:\/\/www.instagram.com\/p\/DWccXzgCahf\/?utm_source=ig_embed&amp;utm_campaign=loading\" target=\"_blank\" title=\"A post shared by Ministerio de Cultura RD (@miculturard)\" rel=\"nofollow noopener noreferrer\">A post shared by Ministerio de Cultura RD (@miculturard)<\/a><\/p>\n<\/div>\n<\/blockquote>\n<div class=\"lazyload\" data-script=\"https:\/\/www.instagram.com\/embed.js\"><\/div>\n<\/div>\n<p>Este <strong>Jueves Santo<\/strong>, 2 de abril, en la <strong>Catedral Primada de Am\u00e9rica<\/strong>, de la <strong>Ciudad Colonial<\/strong>, se llevar\u00e1 a cabo la <strong>misa crismal<\/strong>, a las 9:30 de la ma\u00f1ana. Posteriormente, la <strong>visita a los monumentos<\/strong> de la iglesias, desde las <strong>8:30 de la noche<\/strong>.<\/p>\n<p>El <strong>Viernes Santo<\/strong>, 3 de abril, en la <strong>iglesia Nuestra Se\u00f1ora de las Mercedes<\/strong>, se efectuar\u00e1 el descendimiento de Jes\u00fas en la cruz, a las 5:00 de la tarde. Luego la <strong>procesi\u00f3n del Santo Entierro<\/strong>, celebrando 500 a\u00f1os.<\/p>\n<p>El <strong>S\u00e1bado Santo<\/strong>, 4 de abril, se realizar\u00e1 el p\u00e9same a Nuestra Se\u00f1ora de los Dolores, a las 8:00 de la ma\u00f1ana, en el <strong>Convento de los Dominicos<\/strong>. Y la solemne <strong>vigilia pascual<\/strong>, a las 7:00 de la noche.<\/p>\n<p>El <strong>Domingo Santo<\/strong>, domingo de resurrecci\u00f3n, 5 de abril, ser\u00e1 oficiada la <strong>solemnidad de la Pascua<\/strong> del Se\u00f1or, a las 11:00 de la ma\u00f1ana, en la <strong>Catedral Primada de Am\u00e9rica<\/strong>.<\/p>\n<h2><strong>Visita a los monumentos<\/strong><\/h2>\n<figure class=\"inline-block\">\n<div class=\"expand-img-placeholder\"><img loading=\"lazy\" decoding=\"async\" src=\"https:\/\/resources.diariolibre.com\/images\/expand.svg\" alt=\"Expandir imagen\" width=\"20\" height=\"20\"><span class=\"rutaimagenoriginal-placeholder\">https:\/\/resources.diariolibre.com\/images\/2026\/04\/02\/f2dfe1a2-959a-4767-8222-e87bd2396381-ebc9aa0b.jpg<\/span><\/div>\n<p><img decoding=\"async\" loading=\"lazy\" src=\"https:\/\/resources.diariolibre.com\/images\/2026\/04\/02\/f2dfe1a2-959a-4767-8222-e87bd2396381-ebc9aa0b.jpg\" width=\"auto\" height=\"350\" alt=\"Infograf\u00eda\" class=\"mx-auto\"><figcaption><span>La Iglesia Convento Regina Angelorum.<\/span><span> (<strong>@MICULTURARD<\/strong>)<\/span><\/figcaption><\/figure>\n<p>Dentro de las <strong>actividades<\/strong> promovidas por el <strong>Ministerio de Cultura<\/strong>, este <strong>Jueves Santo<\/strong> se realizar\u00e1 una <strong>visita guiada<\/strong> a los <strong>monumentos<\/strong>, <strong>saliendo<\/strong>\u00a0desde la <strong>Iglesia Convento Regina Angelorum<\/strong> a las <strong>8:30 de la noche<\/strong>.<\/p>\n<p>El <strong>recorrido<\/strong> ser\u00e1 guiado por el teatrista <strong>Luis Marcell Ricart<\/strong>, quien acompa\u00f1ar\u00e1 a los participantes a lo largo de este trayecto lleno de historia, arte y tradici\u00f3n. En este convento, Ricart realiz\u00f3 dos funciones del<strong> emotivo musical \"7 palabras\"<\/strong>, gratis para el p\u00fablico, con un elenco de destacados actores.<\/p>\n<p>La visita propone una <strong>experiencia cultural<\/strong> y espiritual por algunos de los <strong>monumentos<\/strong> y espacios hist\u00f3ricos m\u00e1s importantes de la <strong>Ciudad Colonial<\/strong>, permitiendo a los participantes conocer su historia, su valor patrimonial y su relaci\u00f3n con las <strong>tradiciones <\/strong>de la <strong>Semana Santa<\/strong>.<\/p>\n<h2><strong>El Prado en las calles<\/strong><\/h2>\n<div class=\"social-embed mb-4\">\n<blockquote class=\"instagram-media\" data-instgrm-captioned=\"\" data-instgrm-permalink=\"https:\/\/www.instagram.com\/p\/DUioPwQkdCc\/?utm_source=ig_embed&amp;utm_campaign=loading\" data-instgrm-version=\"14\">\n<div> <a href=\"https:\/\/www.instagram.com\/p\/DUioPwQkdCc\/?utm_source=ig_embed&amp;utm_campaign=loading\" target=\"_blank\" title=\"       View this post on Instagram            \" rel=\"nofollow noopener noreferrer\"> <\/p>\n<div>\n<div><\/div>\n<div>\n<div><\/div>\n<div><\/div>\n<\/div>\n<\/div>\n<div><\/div>\n<div><\/div>\n<div>\n<div>View this post on Instagram<\/div>\n<\/div>\n<div><\/div>\n<div>\n<div>\n<div><\/div>\n<div><\/div>\n<div><\/div>\n<\/div>\n<div>\n<div><\/div>\n<div><\/div>\n<\/div>\n<div>\n<div><\/div>\n<div><\/div>\n<div><\/div>\n<\/div>\n<\/div>\n<div>\n<div><\/div>\n<div><\/div>\n<\/div>\n<p><\/a><\/p>\n<p><a href=\"https:\/\/www.instagram.com\/p\/DUioPwQkdCc\/?utm_source=ig_embed&amp;utm_campaign=loading\" target=\"_blank\" title=\"A post shared by Centro Leo\u00b4n (@centroleonrd)\" rel=\"nofollow noopener noreferrer\">A post shared by Centro Leo\u00b4n (@centroleonrd)<\/a><\/p>\n<\/div>\n<\/blockquote><\/div>\n<p>Tras su paso por Santiago de los Caballeros, el <strong>proyecto<\/strong> <em>El Prado en nosotros\u00a0<\/em>est\u00e1 en la capital dominicana como parte de un <strong>recorrido nacional<\/strong> que propone algo tan simple como ambicioso: acercar una de las colecciones m\u00e1s importantes del mundo a la experiencia urbana y cotidiana del pa\u00eds.<\/p>\n<p><strong><em>El Prado en las calles<\/em><\/strong> puede ser contemplado en una <strong>muestra a cielo abierto<\/strong> en:<\/p>\n<p> <strong>Calle las Damas<\/strong><\/p>\n<p> <strong>Calle Mercedes<\/strong>\u00a0<\/p>\n<p> <strong>Padre Billini<\/strong><\/p>\n<p> <strong>Calle Isabel La Cat\u00f3lica<\/strong>\u00a0<\/p>\n<p> <strong>El Conde<\/strong><\/p>\n<p> <strong>Hostos<\/strong><\/p>\n<figure class=\"inline-block\">\n<div class=\"expand-img-placeholder\"><img loading=\"lazy\" decoding=\"async\" src=\"https:\/\/resources.diariolibre.com\/images\/expand.svg\" alt=\"Expandir imagen\" width=\"20\" height=\"20\"><span class=\"rutaimagenoriginal-placeholder\">https:\/\/resources.diariolibre.com\/images\/2026\/04\/02\/el-prado-en-las-calles-a47fbcda.jpg<\/span><\/div>\n<p><img decoding=\"async\" loading=\"lazy\" src=\"https:\/\/resources.diariolibre.com\/images\/2026\/04\/02\/el-prado-en-las-calles-a47fbcda.jpg\" width=\"auto\" height=\"350\" alt=\"Infograf\u00eda\" class=\"mx-auto\"><figcaption><span>Santa B\u00e1rbara del Maestro de Fl\u00e9malle.<\/span><span> (<strong>DANIA ACEVEDO<\/strong>)<\/span><\/figcaption><\/figure>\n<p>Adem\u00e1s de las sedes de la <strong>exposici\u00f3n<\/strong> en el\u00a0<strong>Centro Cultural de Espa\u00f1a<\/strong>, el Centro Cultural Ta\u00edno y el Centro Cultural Banreservas .<\/p>\n<p>La iniciativa es impulsada por la <strong>Fundaci\u00f3n Eduardo Le\u00f3n Jimenes<\/strong>, el Centro Le\u00f3n y el <strong>Museo Nacional del Prado<\/strong> de Espa\u00f1a, junto a la Fundaci\u00f3n Amigos del Museo del Prado, Kahkow y el <strong>Banco Popular Dominicano<\/strong>.<\/p>\n<h2><strong>Vida y pasi\u00f3n<\/strong><\/h2>\n<p><em><strong>Exposici\u00f3n<\/strong> de Cruces por <strong>Desir\u00e9e Cepeda<\/strong><\/em><\/p>\n<figure class=\"inline-block\">\n<div class=\"expand-img-placeholder\"><img loading=\"lazy\" decoding=\"async\" src=\"https:\/\/resources.diariolibre.com\/images\/expand.svg\" alt=\"Expandir imagen\" width=\"20\" height=\"20\"><span class=\"rutaimagenoriginal-placeholder\">https:\/\/resources.diariolibre.com\/images\/2026\/04\/02\/museo-de-la-catedraljpg-captura-de-pantalla-2025-06-27-a-las-21314-p-m-002e9c11.png<\/span><\/div>\n<p><img decoding=\"async\" loading=\"lazy\" src=\"https:\/\/resources.diariolibre.com\/images\/2026\/04\/02\/museo-de-la-catedraljpg-captura-de-pantalla-2025-06-27-a-las-21314-p-m-002e9c11.png\" width=\"auto\" height=\"350\" alt=\"Infograf\u00eda\" class=\"mx-auto\"><figcaption><span>El Museo de la Catedral de Santo Domingo.<\/span><span> (<strong>FUENTE EXTERNA<\/strong>)<\/span><\/figcaption><\/figure>\n<p>El <strong>Museo de la Catedral<\/strong> de Santo Domingo alberga una colecci\u00f3n extraordinaria que documenta m\u00e1s de cinco siglos de <strong>historia religiosa<\/strong>, art\u00edstica y cultural de la <strong>Rep\u00fablica Dominicana<\/strong> y el Nuevo Mundo.<\/p>\n<p>En este espacio est\u00e1 abierta la <strong>exposici\u00f3n<\/strong> \"<strong>Vida y pasi\u00f3n<\/strong>: <strong>exposici\u00f3n<\/strong> de Cruces por <strong>Desir\u00e9e Cepeda<\/strong>\" hasta el 12 de abril de 2026.<\/p>\n<p>Este jueves, <strong>s\u00e1bado y domingo<\/strong> el <strong>Museo de la Catedral<\/strong>, ubicado en la <strong>Calle Isabel la Cat\u00f3lica<\/strong> 103, estar\u00e1 abierto de 10:00 de la ma\u00f1ana a 6:00 de la tarde.<\/p>\n<h2>Otras opciones<\/h2>\n<p><strong>Museos<\/strong><\/p>\n<figure class=\"inline-block\">\n<div class=\"expand-img-placeholder\"><img loading=\"lazy\" decoding=\"async\" src=\"https:\/\/resources.diariolibre.com\/images\/expand.svg\" alt=\"Expandir imagen\" width=\"20\" height=\"20\"><span class=\"rutaimagenoriginal-placeholder\">https:\/\/resources.diariolibre.com\/images\/2026\/04\/02\/4dc7d6e3-2dd7-4ea4-af7b-010cb26961b1-e2715720.jpg<\/span><\/div>\n<p><img decoding=\"async\" loading=\"lazy\" src=\"https:\/\/resources.diariolibre.com\/images\/2026\/04\/02\/4dc7d6e3-2dd7-4ea4-af7b-010cb26961b1-e2715720.jpg\" width=\"auto\" height=\"350\" alt=\"Infograf\u00eda\" class=\"mx-auto\"><figcaption><span>La Plaza de la Cultura Juan Pablo Duarte.<\/span><span> (<strong>FUENTE EXTERNA<\/strong>)<\/span><\/figcaption><\/figure>\n<p>Este <strong>s\u00e1bado y domingo<\/strong> estar\u00e1n abiertos los <strong>museos<\/strong> de la <strong>Plaza de la Cultura Juan Pablo Duarte<\/strong>, una excelente opci\u00f3n para salir con la familia. Entre estos, se encuentran: <strong>Museo\u00a0de Arte Moderno (MAM)<\/strong>, <strong>Museo del Hombre Dominicano<\/strong>, <strong>Museo Nacional de Historia Natural<\/strong> y Museo Nacional de Historia y Geograf\u00eda.<\/p>\n<p>Otra apuesta segura en plan de esparcimiento es la <strong>Ciudad Colonial<\/strong>: <strong>museos<\/strong>, restaurantes, parques (Col\u00f3n y Duarte), la Fortaleza Ozama, <strong>Monumentos<\/strong> y m\u00e1s.<\/p>\n<ul>\n<li>El Parque Mirador Sur es considerado el pulm\u00f3n de la ciudad. Estos d\u00edas de <strong>Semana Santa<\/strong> son ideales para respirar aire puro, correr, caminar o hacer un picnic en familia.<\/li>\n<li>Para un picnic amigable al medio ambiente y disfrutar de la vegetaci\u00f3n, es ideal el Jard\u00edn Bot\u00e1nico Nacional. Estar\u00e1 abierto el S\u00e1bado Santo y el Domingo Santo.<\/li>\n<\/ul>\n<p>\u200b\"La ciudad se queda vac\u00eda en Semana Santa\". Esta afirmaci\u00f3n es com\u00fan cada a\u00f1o entre los capitale\u00f1os que deciden quedarse en la ciudad en estos d\u00edas de asueto.Y tienen raz\u00f3n, durante la semana mayor la ciudad se libera del tap\u00f3n y es una excelente idea para recorrerla despacio y apreciar sus atractivos hist\u00f3ricos, sus patrimonios y religiosidad. Las calles de la Ciudad Colonial, los museos p\u00fablicos y los centros culturales privados tienen una interesante agenda para visitarlos en familia.A continuaci\u00f3n, compartimos una agenda de exposiciones y actividades que integran reflexi\u00f3n, fe, cultura y esparcimiento.    RELACIONADAS                                                                                                                                                                                                                                                                                                                                                            Ra\u00edces                                        Habichuelas con dulce: un postre con identidad dominicana y de Cuaresma                                                                                                                                                                                                                                                                                                                                                                                            Salud                                        \u00bfDe viaje en Semana Santa? Esto es lo que no puede faltar en tu botiqu\u00edn                                    Calendario lit\u00fargico        View this post on Instagram            A post shared by Ministerio de Cultura RD (@miculturard) Este Jueves Santo, 2 de abril, en la Catedral Primada de Am\u00e9rica, de la Ciudad Colonial, se llevar\u00e1 a cabo la misa crismal, a las 9:30 de la ma\u00f1ana. Posteriormente, la visita a los monumentos de la iglesias, desde las 8:30 de la noche.El Viernes Santo, 3 de abril, en la iglesia Nuestra Se\u00f1ora de las Mercedes, se efectuar\u00e1 el descendimiento de Jes\u00fas en la cruz, a las 5:00 de la tarde. Luego la procesi\u00f3n del Santo Entierro, celebrando 500 a\u00f1os.El S\u00e1bado Santo, 4 de abril, se realizar\u00e1 el p\u00e9same a Nuestra Se\u00f1ora de los Dolores, a las 8:00 de la ma\u00f1ana, en el Convento de los Dominicos. Y la solemne vigilia pascual, a las 7:00 de la noche.El Domingo Santo, domingo de resurrecci\u00f3n, 5 de abril, ser\u00e1 oficiada la solemnidad de la Pascua del Se\u00f1or, a las 11:00 de la ma\u00f1ana, en la Catedral Primada de Am\u00e9rica.Visita a los monumentoshttps:\/\/resources.diariolibre.com\/images\/2026\/04\/02\/f2dfe1a2-959a-4767-8222-e87bd2396381-ebc9aa0b.jpgLa Iglesia Convento Regina Angelorum. (@MICULTURARD)Dentro de las actividades promovidas por el Ministerio de Cultura, este Jueves Santo se realizar\u00e1 una visita guiada a los monumentos, saliendo\u00a0desde la Iglesia Convento Regina Angelorum a las 8:30 de la noche.El recorrido ser\u00e1 guiado por el teatrista Luis Marcell Ricart, quien acompa\u00f1ar\u00e1 a los participantes a lo largo de este trayecto lleno de historia, arte y tradici\u00f3n. En este convento, Ricart realiz\u00f3 dos funciones del emotivo musical \"7 palabras\", gratis para el p\u00fablico, con un elenco de destacados actores.La visita propone una experiencia cultural y espiritual por algunos de los monumentos y espacios hist\u00f3ricos m\u00e1s importantes de la Ciudad Colonial, permitiendo a los participantes conocer su historia, su valor patrimonial y su relaci\u00f3n con las tradiciones de la Semana Santa.El Prado en las calles        View this post on Instagram            A post shared by Centro Leo\u00b4n (@centroleonrd) Tras su paso por Santiago de los Caballeros, el proyecto El Prado en nosotros\u00a0est\u00e1 en la capital dominicana como parte de un recorrido nacional que propone algo tan simple como ambicioso: acercar una de las colecciones m\u00e1s importantes del mundo a la experiencia urbana y cotidiana del pa\u00eds.El Prado en las calles puede ser contemplado en una muestra a cielo abierto en: Calle las Damas Calle Mercedes\u00a0 Padre Billini Calle Isabel La Cat\u00f3lica\u00a0 El Conde Hostoshttps:\/\/resources.diariolibre.com\/images\/2026\/04\/02\/el-prado-en-las-calles-a47fbcda.jpgSanta B\u00e1rbara del Maestro de Fl\u00e9malle. (DANIA ACEVEDO)Adem\u00e1s de las sedes de la exposici\u00f3n en el\u00a0Centro Cultural de Espa\u00f1a, el Centro Cultural Ta\u00edno y el Centro Cultural Banreservas .La iniciativa es impulsada por la Fundaci\u00f3n Eduardo Le\u00f3n Jimenes, el Centro Le\u00f3n y el Museo Nacional del Prado de Espa\u00f1a, junto a la Fundaci\u00f3n Amigos del Museo del Prado, Kahkow y el Banco Popular Dominicano.Vida y pasi\u00f3nExposici\u00f3n de Cruces por Desir\u00e9e Cepedahttps:\/\/resources.diariolibre.com\/images\/2026\/04\/02\/museo-de-la-catedraljpg-captura-de-pantalla-2025-06-27-a-las-21314-p-m-002e9c11.pngEl Museo de la Catedral de Santo Domingo. (FUENTE EXTERNA)El Museo de la Catedral de Santo Domingo alberga una colecci\u00f3n extraordinaria que documenta m\u00e1s de cinco siglos de historia religiosa, art\u00edstica y cultural de la Rep\u00fablica Dominicana y el Nuevo Mundo.En este espacio est\u00e1 abierta la exposici\u00f3n \"Vida y pasi\u00f3n: exposici\u00f3n de Cruces por Desir\u00e9e Cepeda\" hasta el 12 de abril de 2026.Este jueves, s\u00e1bado y domingo el Museo de la Catedral, ubicado en la Calle Isabel la Cat\u00f3lica 103, estar\u00e1 abierto de 10:00 de la ma\u00f1ana a 6:00 de la tarde.Otras opcionesMuseoshttps:\/\/resources.diariolibre.com\/images\/2026\/04\/02\/4dc7d6e3-2dd7-4ea4-af7b-010cb26961b1-e2715720.jpgLa Plaza de la Cultura Juan Pablo Duarte. (FUENTE EXTERNA)Este s\u00e1bado y domingo estar\u00e1n abiertos los museos de la Plaza de la Cultura Juan Pablo Duarte, una excelente opci\u00f3n para salir con la familia. Entre estos, se encuentran: Museo\u00a0de Arte Moderno (MAM), Museo del Hombre Dominicano, Museo Nacional de Historia Natural y Museo Nacional de Historia y Geograf\u00eda.Otra apuesta segura en plan de esparcimiento es la Ciudad Colonial: museos, restaurantes, parques (Col\u00f3n y Duarte), la Fortaleza Ozama, Monumentos y m\u00e1s.    El Parque Mirador Sur es considerado el pulm\u00f3n de la ciudad. Estos d\u00edas de Semana Santa son ideales para respirar aire puro, correr, caminar o hacer un picnic en familia.    Para un picnic amigable al medio ambiente y disfrutar de la vegetaci\u00f3n, es ideal el Jard\u00edn Bot\u00e1nico Nacional. Estar\u00e1 abierto el S\u00e1bado Santo y el Domingo Santo.\u00a0\u00a0Revista, Cultura, Daniela Pujols, Santo Domingo, Ciudad Colonial, Monumentos, Museos, Semana Santa, Procesi\u00f3n, Visita cultural\u00a0<\/p>\n","protected":false},"excerpt":{"rendered":"<p>\"La ciudad se queda vac\u00eda en Semana Santa\". Esta afirmaci\u00f3n es com\u00fan cada a\u00f1o entre los capitale\u00f1os que deciden quedarse en la ciudad en estos d\u00edas de asueto. Y tienen raz\u00f3n, durante la semana mayor la ciudad se libera del tap\u00f3n y es una excelente idea para recorrerla despacio y apreciar sus atractivos hist\u00f3ricos, sus [&hellip;]<\/p>\n","protected":false},"author":1,"featured_media":10813,"comment_status":"open","ping_status":"open","sticky":false,"template":"","format":"standard","meta":{"amp_status":"","footnotes":""},"categories":[9],"tags":[],"class_list":["post-11014","post","type-post","status-publish","format-standard","has-post-thumbnail","hentry","category-espectaculo"],"_links":{"self":[{"href":"https:\/\/ermdigital.com\/index.php?rest_route=\/wp\/v2\/posts\/11014","targetHints":{"allow":["GET"]}}],"collection":[{"href":"https:\/\/ermdigital.com\/index.php?rest_route=\/wp\/v2\/posts"}],"about":[{"href":"https:\/\/ermdigital.com\/index.php?rest_route=\/wp\/v2\/types\/post"}],"author":[{"embeddable":true,"href":"https:\/\/ermdigital.com\/index.php?rest_route=\/wp\/v2\/users\/1"}],"replies":[{"embeddable":true,"href":"https:\/\/ermdigital.com\/index.php?rest_route=%2Fwp%2Fv2%2Fcomments&post=11014"}],"version-history":[{"count":0,"href":"https:\/\/ermdigital.com\/index.php?rest_route=\/wp\/v2\/posts\/11014\/revisions"}],"wp:featuredmedia":[{"embeddable":true,"href":"https:\/\/ermdigital.com\/index.php?rest_route=\/wp\/v2\/media\/10813"}],"wp:attachment":[{"href":"https:\/\/ermdigital.com\/index.php?rest_route=%2Fwp%2Fv2%2Fmedia&parent=11014"}],"wp:term":[{"taxonomy":"category","embeddable":true,"href":"https:\/\/ermdigital.com\/index.php?rest_route=%2Fwp%2Fv2%2Fcategories&post=11014"},{"taxonomy":"post_tag","embeddable":true,"href":"https:\/\/ermdigital.com\/index.php?rest_route=%2Fwp%2Fv2%2Ftags&post=11014"}],"curies":[{"name":"wp","href":"https:\/\/api.w.org\/{rel}","templated":true}]}}