{"id":10789,"date":"2026-04-01T10:49:00","date_gmt":"2026-04-01T14:49:00","guid":{"rendered":"https:\/\/ermdigital.com\/index.php\/2026\/04\/01\/si-es-martes-es-asesinato-la-nueva-serie-de-disney\/"},"modified":"2026-04-01T10:49:00","modified_gmt":"2026-04-01T14:49:00","slug":"si-es-martes-es-asesinato-la-nueva-serie-de-disney","status":"publish","type":"post","link":"https:\/\/ermdigital.com\/?p=10789","title":{"rendered":"\"Si es martes, es asesinato\", la nueva serie de Disney+"},"content":{"rendered":"<p>Un grupo de <strong>turistas espa\u00f1oles<\/strong>, un <strong>hotel decadente<\/strong> en Lisboa y un inesperado homicidio son los ingredientes de \"Si es martes, es asesinato\", la nueva serie original de <strong>Disney<\/strong>+ que llega a la plataforma este martes y que mezcla comedia y suspense en formato \"whodunit\" o \"qui\u00e9n es el asesino\".<\/p>\n<p>La serie, dirigida por <strong>Salvador Calvo<\/strong> -ganador del Goya por \"Ad\u00fa\"- busca abordar el <strong>misterio<\/strong> desde una <strong>perspectiva h\u00edbrida<\/strong>: \"No solo era ya contar un thriller o un <em>whodunit<\/em> con suspense, sino que adem\u00e1s a\u00f1ad\u00eda una capa m\u00e1s que era la comedia\", explica el director en una entrevista con EFE.<\/p>\n<p>Calvo apunta a que tanto \u00e9l como el guionista <strong>Carlos Vila<\/strong> (\"Los misterios de Laura\") quer\u00edan combinar estos g\u00e9neros al estilo de pel\u00edculas extranjeras como \"<strong>Pu\u00f1ales por la espalda<\/strong>\", una iniciativa menos habitual en las producciones espa\u00f1olas.<\/p>\n<p>Este reto supuso <strong>\"un fino hilo\"<\/strong> por el que moverse, con un equilibrio entre la tensi\u00f3n de la investigaci\u00f3n y el humor natural que emerge de las circunstancias \"como en la realidad, que uno no est\u00e1 forzando hacer comedia, sino que la comedia surge de las situaciones\", a\u00f1ade Calvo.<\/p>\n<h2>Un reparto coral que juega con el espectador<\/h2>\n<p>La serie arranca con la llegada de un variado grupo de <strong>turistas espa\u00f1oles<\/strong> a la capital portuguesa para un <strong>viaje organizado<\/strong>, hasta que uno de los viajeros aparece muerto. <\/p>\n<p>A partir de ese momento, varios miembros del grupo se unir\u00e1n para intentar descubrir al culpable: el misterioso y atractivo Fabio (Alex Garc\u00eda), la desconfiada e inteligente Alicia (<strong>Inma Cuesta<\/strong>), la amable se\u00f1ora Pura (<strong>Ana Wagener<\/strong>) y el peculiar joven Daniel (Biel Montoro).<\/p>\n<p>As\u00ed, la producci\u00f3n se inspira en el <strong>universo l\u00fadico<\/strong> de juegos como el \u2018<strong>Cluedo<\/strong>\u2019, donde cada personaje se construye con rasgos distintivos y pistas que alimentan la intriga; y apuesta por \"una historia absolutamente universal\" para \"llegar a todo el mundo\" al presentar un grupo de turistas, en este caso espa\u00f1oles, pero \"que podr\u00edan ser franceses, ingleses o americanos\", comenta Calvo.<\/p>\n<div class=\"social-embed mb-4\">\n<div class=\"placeholderYoutube\"><\/div>\n<\/div>\n<p>La serie interact\u00faa con el espectador mediante todo tipo de recursos, desde juegos con la est\u00e9tica y los colores de los personajes, momentos en los que los protagonistas rompen la \"cuarta pared\" y se dirigen al p\u00fablico, o la propia <strong>estructura de la serie<\/strong>, donde cada cap\u00edtulo corresponde a un d\u00eda de la semana del viaje. Y adem\u00e1s, el t\u00edtulo, que remite al antiguo lema tur\u00edstico \"si es martes, es B\u00e9lgica\", se\u00f1ala el director, reinterpretado aqu\u00ed en clave criminal.<\/p>\n<h2>Personajes misteriosos y Lisboa como protagonista<\/h2>\n<p>El proyecto fue rodado \u00edntegramente en Lisboa, <strong>que representa<\/strong> un elemento clave como escenario: \"Era el decorado perfecto, es una ciudad que tiene ese punto de decadencia, pero al mismo tiempo una belleza incre\u00edble\", manifiesta Calvo.<\/p>\n<p>La ciudad fue, junto al <strong>componente de comedia<\/strong>, uno de los factores que m\u00e1s atrajo a los protagonistas, quienes coinciden en el atractivo de la capital portuguesa, ya que no se imaginan \"otro lugar con ese <strong>misterio<\/strong> que tiene Lisboa\" y su \"atm\u00f3sfera tan especial\".<\/p>\n<p>M\u00e1s all\u00e1 del crimen central, tambi\u00e9n destacan \"todos los misterios que nos rodean a nosotros\", afirma Wagener, ya que cada personaje<strong> mantiene secretos <\/strong>personales que se revelan a medida que avanzan las relaciones entre ellos.<\/p>\n<div class=\"w-full pt-2 float-left inside-related\">    <span class=\"border-b border-black pb-3 mb-4 block\"><strong>RELACIONADAS<\/strong><\/span>                <\/p>\n<article class=\"flex flex-wrap border-b pb-4 mb-3 inline-block\">\n<div class=\"xl:w-2\/12 w-4\/12\">\n<figure class=\"mb-0\">                                                    <a href=\"https:\/\/www.diariolibre.com\/revista\/cultura\/2026\/04\/01\/el-cacao-dominicano-llega-a-disney-con-cuentos\/3488761?utm_source=relacionadas&amp;utm_medium=nota&amp;utm_campaign=relacionadas\" title=\"                                                                                                                            \">                                                                <img decoding=\"async\" loading=\"lazy\" src=\"https:\/\/resources.diariolibre.com\/images\/2026\/04\/01\/foto-principal-14150e74-focus-0.16-0.24-149-99.jpg\" width=\"149\" height=\"99\" title=\"El cacao dominicano conquista Disney+ con la serie documental \u201cCuentos\u201d\" alt=\"El cacao dominicano conquista Disney+ con la serie documental \u201cCuentos\u201d\" class=\"object-cover\">                                                            <\/a>                                            <\/figure>\n<\/p><\/div>\n<div class=\"xl:w-10\/12 w-8\/12 pl-3\">\n<div class=\"text-md mb-2 meta\">                        <a href=\"https:\/\/www.diariolibre.com\/revista\/cultura\" title=\"Cultura\">Cultura<\/a>                    <\/div>\n<h2><a href=\"https:\/\/www.diariolibre.com\/revista\/cultura\/2026\/04\/01\/el-cacao-dominicano-llega-a-disney-con-cuentos\/3488761?utm_source=relacionadas&amp;utm_medium=nota&amp;utm_campaign=relacionadas\" title=\"El cacao dominicano conquista Disney+ con la serie documental \u201cCuentos\u201d\">El cacao dominicano conquista Disney+ con la serie documental \u201cCuentos\u201d<\/a><\/h2>\n<\/p><\/div>\n<\/article><\/div>\n<ul>\n<li>La convivencia durante el rodaje, que se extendi\u00f3 durante varios meses, contribuy\u00f3 a reforzar esta din\u00e1mica entre los int\u00e9rpretes, replicando en cierta medida la experiencia de sus propios personajes: \"ayudaba un poco a contar la historia (\u2026) y te daba esa sensaci\u00f3n de estar <strong>fuera del hogar<\/strong>\", confiesa <strong>Inma Cuesta<\/strong>.<\/li>\n<li>Entre esas relaciones, sobresale la de los personajes de \u00c1lex Garc\u00eda e <strong>Inma Cuesta<\/strong>, que \"rompe los arquetipos constantemente\".<\/li>\n<\/ul>\n<p>Por su parte, Wagener se felicita por interpretar a una mujer \"tan divertida, tan entusiasta y motivada\" y con <strong>acento canario<\/strong>. Tambi\u00e9n trabaj\u00f3 para hablar en portugu\u00e9s: \"me prepar\u00e9 mucho para que ella hablara perfecto\".<\/p>\n<p><\/p>\n<p>\u200bUn grupo de turistas espa\u00f1oles, un hotel decadente en Lisboa y un inesperado homicidio son los ingredientes de \"Si es martes, es asesinato\", la nueva serie original de Disney+ que llega a la plataforma este martes y que mezcla comedia y suspense en formato \"whodunit\" o \"qui\u00e9n es el asesino\".La serie, dirigida por Salvador Calvo -ganador del Goya por \"Ad\u00fa\"- busca abordar el misterio desde una perspectiva h\u00edbrida: \"No solo era ya contar un thriller o un whodunit con suspense, sino que adem\u00e1s a\u00f1ad\u00eda una capa m\u00e1s que era la comedia\", explica el director en una entrevista con EFE.Calvo apunta a que tanto \u00e9l como el guionista Carlos Vila (\"Los misterios de Laura\") quer\u00edan combinar estos g\u00e9neros al estilo de pel\u00edculas extranjeras como \"Pu\u00f1ales por la espalda\", una iniciativa menos habitual en las producciones espa\u00f1olas.Este reto supuso \"un fino hilo\" por el que moverse, con un equilibrio entre la tensi\u00f3n de la investigaci\u00f3n y el humor natural que emerge de las circunstancias \"como en la realidad, que uno no est\u00e1 forzando hacer comedia, sino que la comedia surge de las situaciones\", a\u00f1ade Calvo.Un reparto coral que juega con el espectadorLa serie arranca con la llegada de un variado grupo de turistas espa\u00f1oles a la capital portuguesa para un viaje organizado, hasta que uno de los viajeros aparece muerto. A partir de ese momento, varios miembros del grupo se unir\u00e1n para intentar descubrir al culpable: el misterioso y atractivo Fabio (Alex Garc\u00eda), la desconfiada e inteligente Alicia (Inma Cuesta), la amable se\u00f1ora Pura (Ana Wagener) y el peculiar joven Daniel (Biel Montoro).As\u00ed, la producci\u00f3n se inspira en el universo l\u00fadico de juegos como el \u2018Cluedo\u2019, donde cada personaje se construye con rasgos distintivos y pistas que alimentan la intriga; y apuesta por \"una historia absolutamente universal\" para \"llegar a todo el mundo\" al presentar un grupo de turistas, en este caso espa\u00f1oles, pero \"que podr\u00edan ser franceses, ingleses o americanos\", comenta Calvo.La serie interact\u00faa con el espectador mediante todo tipo de recursos, desde juegos con la est\u00e9tica y los colores de los personajes, momentos en los que los protagonistas rompen la \"cuarta pared\" y se dirigen al p\u00fablico, o la propia estructura de la serie, donde cada cap\u00edtulo corresponde a un d\u00eda de la semana del viaje. Y adem\u00e1s, el t\u00edtulo, que remite al antiguo lema tur\u00edstico \"si es martes, es B\u00e9lgica\", se\u00f1ala el director, reinterpretado aqu\u00ed en clave criminal.Personajes misteriosos y Lisboa como protagonistaEl proyecto fue rodado \u00edntegramente en Lisboa, que representa un elemento clave como escenario: \"Era el decorado perfecto, es una ciudad que tiene ese punto de decadencia, pero al mismo tiempo una belleza incre\u00edble\", manifiesta Calvo.La ciudad fue, junto al componente de comedia, uno de los factores que m\u00e1s atrajo a los protagonistas, quienes coinciden en el atractivo de la capital portuguesa, ya que no se imaginan \"otro lugar con ese misterio que tiene Lisboa\" y su \"atm\u00f3sfera tan especial\".M\u00e1s all\u00e1 del crimen central, tambi\u00e9n destacan \"todos los misterios que nos rodean a nosotros\", afirma Wagener, ya que cada personaje mantiene secretos personales que se revelan a medida que avanzan las relaciones entre ellos.    RELACIONADAS                                                                                                                                                                                                                                                                                                                                                            Cultura                                        El cacao dominicano conquista Disney+ con la serie documental \u201cCuentos\u201d                                        La convivencia durante el rodaje, que se extendi\u00f3 durante varios meses, contribuy\u00f3 a reforzar esta din\u00e1mica entre los int\u00e9rpretes, replicando en cierta medida la experiencia de sus propios personajes: \"ayudaba un poco a contar la historia (\u2026) y te daba esa sensaci\u00f3n de estar fuera del hogar\", confiesa Inma Cuesta.    Entre esas relaciones, sobresale la de los personajes de \u00c1lex Garc\u00eda e Inma Cuesta, que \"rompe los arquetipos constantemente\".Por su parte, Wagener se felicita por interpretar a una mujer \"tan divertida, tan entusiasta y motivada\" y con acento canario. Tambi\u00e9n trabaj\u00f3 para hablar en portugu\u00e9s: \"me prepar\u00e9 mucho para que ella hablara perfecto\".\u00a0\u00a0Revista, Cultura, EFE, Los \u00c1ngeles, Actrices, Actores, Disney+, Serie de televisi\u00f3n\u00a0<\/p>\n","protected":false},"excerpt":{"rendered":"<p>Un grupo de turistas espa\u00f1oles, un hotel decadente en Lisboa y un inesperado homicidio son los ingredientes de \"Si es martes, es asesinato\", la nueva serie original de Disney+ que llega a la plataforma este martes y que mezcla comedia y suspense en formato \"whodunit\" o \"qui\u00e9n es el asesino\". La serie, dirigida por Salvador [&hellip;]<\/p>\n","protected":false},"author":1,"featured_media":10524,"comment_status":"open","ping_status":"open","sticky":false,"template":"","format":"standard","meta":{"amp_status":"","footnotes":""},"categories":[9],"tags":[],"class_list":["post-10789","post","type-post","status-publish","format-standard","has-post-thumbnail","hentry","category-espectaculo"],"_links":{"self":[{"href":"https:\/\/ermdigital.com\/index.php?rest_route=\/wp\/v2\/posts\/10789","targetHints":{"allow":["GET"]}}],"collection":[{"href":"https:\/\/ermdigital.com\/index.php?rest_route=\/wp\/v2\/posts"}],"about":[{"href":"https:\/\/ermdigital.com\/index.php?rest_route=\/wp\/v2\/types\/post"}],"author":[{"embeddable":true,"href":"https:\/\/ermdigital.com\/index.php?rest_route=\/wp\/v2\/users\/1"}],"replies":[{"embeddable":true,"href":"https:\/\/ermdigital.com\/index.php?rest_route=%2Fwp%2Fv2%2Fcomments&post=10789"}],"version-history":[{"count":0,"href":"https:\/\/ermdigital.com\/index.php?rest_route=\/wp\/v2\/posts\/10789\/revisions"}],"wp:featuredmedia":[{"embeddable":true,"href":"https:\/\/ermdigital.com\/index.php?rest_route=\/wp\/v2\/media\/10524"}],"wp:attachment":[{"href":"https:\/\/ermdigital.com\/index.php?rest_route=%2Fwp%2Fv2%2Fmedia&parent=10789"}],"wp:term":[{"taxonomy":"category","embeddable":true,"href":"https:\/\/ermdigital.com\/index.php?rest_route=%2Fwp%2Fv2%2Fcategories&post=10789"},{"taxonomy":"post_tag","embeddable":true,"href":"https:\/\/ermdigital.com\/index.php?rest_route=%2Fwp%2Fv2%2Ftags&post=10789"}],"curies":[{"name":"wp","href":"https:\/\/api.w.org\/{rel}","templated":true}]}}