{"id":10788,"date":"2026-04-01T11:25:00","date_gmt":"2026-04-01T15:25:00","guid":{"rendered":"https:\/\/ermdigital.com\/index.php\/2026\/04\/01\/semana-santa-m-fermin-y-asociados-lanza-campana-educacion-vial\/"},"modified":"2026-04-01T11:25:00","modified_gmt":"2026-04-01T15:25:00","slug":"semana-santa-m-fermin-y-asociados-lanza-campana-educacion-vial","status":"publish","type":"post","link":"https:\/\/ermdigital.com\/?p=10788","title":{"rendered":"Semana Santa: M. Ferm\u00edn y Asociados lanza campa\u00f1a educaci\u00f3n vial"},"content":{"rendered":"<p>La firma de asesores de seguros <strong>M. Ferm\u00edn y Asociados<\/strong>, con el auspicio de <strong>Seguros Pep\u00edn<\/strong>, realiz\u00f3 la primera conferencia regional de la zona noroeste sobre <strong>educaci\u00f3n vial<\/strong>, con el prop\u00f3sito de contribuir a la reducci\u00f3n de los accidentes de tr\u00e1nsito, primera causa de lesiones y fallecimientos en la regi\u00f3n.\u00a0<\/p>\n<p>La actividad tuvo lugar en el <strong>Hotel Marien<\/strong>, en <strong>Sabaneta, Santiago Rodr\u00edguez<\/strong>, y tuvo como eje central la magistral charla de <strong>educaci\u00f3n vial<\/strong> impartida por el especialista en la materia, <strong>Carlos Reynoso<\/strong>, de la Escuela de <strong>Educaci\u00f3n Vial<\/strong> RD, en representaci\u00f3n del Instituto Nacional de Tr\u00e1nsito y Transporte Terrestre (Intrant).\u00a0<\/p>\n<p>Durante el evento tambi\u00e9n fue presentada la campa\u00f1a de responsabilidad social \u201c<strong>Conduzco consciente<\/strong>, los m\u00edos me esperan\u201d, en su versi\u00f3n 2026, cuyo objetivo es contribuir a la reducci\u00f3n de accidentes prevenibles durante el asueto de <strong>Semana Santa<\/strong>.<\/p>\n<p><strong>Marisol Ferm\u00edn<\/strong>, directora general de <strong>M. Ferm\u00edn y Asociados<\/strong>, expres\u00f3 a los asistentes que, ante la preocupaci\u00f3n por la frecuencia de los accidentes de tr\u00e1nsito, decidieron crear una <strong>campa\u00f1a de prevenci\u00f3n<\/strong> basada en la entrega de una pulsera a los participantes al evento y relacionados de la firma.<\/p>\n<p>Con esta pulsera hacen un compromiso con la sociedad de que al colocarse la pulsera se comprometen de manera simb\u00f3lica a manejar de una forma segura y consciente para <strong>salvar vidas<\/strong> en <strong>Semana Santa<\/strong> y siempre.<\/p>\n<p>El evento cont\u00f3 con la presencia de <strong>autoridades gubernamentales<\/strong>, representantes del poder legislativo, alcald\u00edas y de las instituciones que regulan el tr\u00e1nsito de las cuatro provincias de la l\u00ednea noroeste: Santiago Rodr\u00edguez, provincia sede; Valverde (Mao), Montecristi y Dajab\u00f3n, as\u00ed como de representantes de gremios de transportistas, asociaciones y p\u00fablico en general.<\/p>\n<p>Con esta conferencia en Santiago Rodr\u00edguez, la firma <strong>M. Ferm\u00edn y Asociados<\/strong>, asesores de seguros, inicia sus actividades de <strong>labor social<\/strong> rumbo a su <strong>d\u00e9cimo aniversario<\/strong>, desde la provincia donde todo empez\u00f3, el \u201cTesoro Escondido\u201d.\u00a0<\/p>\n<p>Esta acci\u00f3n forma parte de su <strong>gratitud y legado<\/strong> hacia el lugar donde realizaron su <strong>primer seguro<\/strong>, el d\u00eda en que iniciaron como firma hace 10 a\u00f1os, y con la cual buscan seguir aportando a una movilidad m\u00e1s segura.<\/p>\n<h2>Cada decisi\u00f3n al volante importa<\/h2>\n<p>\"Esta pulsera representa tu compromiso con una <strong>conducci\u00f3n responsable<\/strong>. Es un recordatorio de que cada decisi\u00f3n al volante importa\".<\/p>\n<p>\"Conducir de manera <strong>consciente<\/strong> implica evitar el uso del celular, el exceso de velocidad, el consumo de alcohol, el manejo temerario o la actitud violenta, as\u00ed como respetar las se\u00f1ales de <strong>tr\u00e1nsito<\/strong>. De esta forma, cuidamos nuestra vida y la de los dem\u00e1s. <\/p>\n<p>Es un <strong>mensaje integral<\/strong> que nos une en un <strong>prop\u00f3sito com\u00fan<\/strong>: <strong>conducir con responsabilidad<\/strong> y proteger a todos en la v\u00eda\", se\u00f1al\u00f3 <strong>Marisol Ferm\u00edn<\/strong>.<\/p>\n<p><strong>Marisol Ferm\u00edn<\/strong> agreg\u00f3: \"Esta campa\u00f1a nos une en un <strong>prop\u00f3sito com\u00fan<\/strong>: construir entre todos un <strong>camino m\u00e1s seguro<\/strong>\".<\/p>\n<p>Cada a\u00f1o, durante el asueto de <strong>Semana Santa<\/strong>, la firma aseguradora presenta una campa\u00f1a que busca promover una <strong>cultura vial<\/strong> basada en el respeto, la responsabilidad y el compromiso con la vida.\u00a0<\/p>\n<p>En esta ocasi\u00f3n, se unieron como <strong>copatrocinadores<\/strong> <strong>Seguros Pep\u00edn<\/strong>, Acr\u00f3polis Business Mall, Bupa, Coopsano, Yanser Fern\u00e1ndez, Alcald\u00eda Municipal de <strong>Sabaneta, Santiago Rodr\u00edguez<\/strong> Emprende, Primicias de la Tarde y Grupo Thomas Comunicaciones.<\/p>\n<article class=\"border-t border-b py-5 mb-5 component nota-incrustada\">    <span class=\"block mb-2\"><strong>Te puede interesar<\/strong><\/span>                <\/p>\n<h2><a href=\"https:\/\/www.diariolibre.com\/revista\/sociales\/2025\/04\/16\/m-fermin-y-asociados-presentan-campana-de-responsabilidad-social\/3076296?utm_source=relacionadas&amp;utm_medium=nota&amp;utm_campaign=relacionadas\" title=\"M. Ferm\u00edn y Asociados presentan campa\u00f1a: \u201cConduzco consciente, los m\u00edos me esperan\">M. Ferm\u00edn y Asociados presentan campa\u00f1a: \u201cConduzco consciente, los m\u00edos me esperan\"<\/a><\/h2>\n<\/article>\n<p><\/p>\n<p><\/p>\n<p>\u200bLa firma de asesores de seguros M. Ferm\u00edn y Asociados, con el auspicio de Seguros Pep\u00edn, realiz\u00f3 la primera conferencia regional de la zona noroeste sobre educaci\u00f3n vial, con el prop\u00f3sito de contribuir a la reducci\u00f3n de los accidentes de tr\u00e1nsito, primera causa de lesiones y fallecimientos en la regi\u00f3n.\u00a0La actividad tuvo lugar en el Hotel Marien, en Sabaneta, Santiago Rodr\u00edguez, y tuvo como eje central la magistral charla de educaci\u00f3n vial impartida por el especialista en la materia, Carlos Reynoso, de la Escuela de Educaci\u00f3n Vial RD, en representaci\u00f3n del Instituto Nacional de Tr\u00e1nsito y Transporte Terrestre (Intrant).\u00a0Durante el evento tambi\u00e9n fue presentada la campa\u00f1a de responsabilidad social \u201cConduzco consciente, los m\u00edos me esperan\u201d, en su versi\u00f3n 2026, cuyo objetivo es contribuir a la reducci\u00f3n de accidentes prevenibles durante el asueto de Semana Santa.Marisol Ferm\u00edn, directora general de M. Ferm\u00edn y Asociados, expres\u00f3 a los asistentes que, ante la preocupaci\u00f3n por la frecuencia de los accidentes de tr\u00e1nsito, decidieron crear una campa\u00f1a de prevenci\u00f3n basada en la entrega de una pulsera a los participantes al evento y relacionados de la firma.Con esta pulsera hacen un compromiso con la sociedad de que al colocarse la pulsera se comprometen de manera simb\u00f3lica a manejar de una forma segura y consciente para salvar vidas en Semana Santa y siempre.El evento cont\u00f3 con la presencia de autoridades gubernamentales, representantes del poder legislativo, alcald\u00edas y de las instituciones que regulan el tr\u00e1nsito de las cuatro provincias de la l\u00ednea noroeste: Santiago Rodr\u00edguez, provincia sede; Valverde (Mao), Montecristi y Dajab\u00f3n, as\u00ed como de representantes de gremios de transportistas, asociaciones y p\u00fablico en general.Con esta conferencia en Santiago Rodr\u00edguez, la firma M. Ferm\u00edn y Asociados, asesores de seguros, inicia sus actividades de labor social rumbo a su d\u00e9cimo aniversario, desde la provincia donde todo empez\u00f3, el \u201cTesoro Escondido\u201d.\u00a0Esta acci\u00f3n forma parte de su gratitud y legado hacia el lugar donde realizaron su primer seguro, el d\u00eda en que iniciaron como firma hace 10 a\u00f1os, y con la cual buscan seguir aportando a una movilidad m\u00e1s segura.Cada decisi\u00f3n al volante importa\"Esta pulsera representa tu compromiso con una conducci\u00f3n responsable. Es un recordatorio de que cada decisi\u00f3n al volante importa\".\"Conducir de manera consciente implica evitar el uso del celular, el exceso de velocidad, el consumo de alcohol, el manejo temerario o la actitud violenta, as\u00ed como respetar las se\u00f1ales de tr\u00e1nsito. De esta forma, cuidamos nuestra vida y la de los dem\u00e1s. Es un mensaje integral que nos une en un prop\u00f3sito com\u00fan: conducir con responsabilidad y proteger a todos en la v\u00eda\", se\u00f1al\u00f3 Marisol Ferm\u00edn.Marisol Ferm\u00edn agreg\u00f3: \"Esta campa\u00f1a nos une en un prop\u00f3sito com\u00fan: construir entre todos un camino m\u00e1s seguro\".Cada a\u00f1o, durante el asueto de Semana Santa, la firma aseguradora presenta una campa\u00f1a que busca promover una cultura vial basada en el respeto, la responsabilidad y el compromiso con la vida.\u00a0En esta ocasi\u00f3n, se unieron como copatrocinadores Seguros Pep\u00edn, Acr\u00f3polis Business Mall, Bupa, Coopsano, Yanser Fern\u00e1ndez, Alcald\u00eda Municipal de Sabaneta, Santiago Rodr\u00edguez Emprende, Primicias de la Tarde y Grupo Thomas Comunicaciones.    Te puede interesar                M. Ferm\u00edn y Asociados presentan campa\u00f1a: \u201cConduzco consciente, los m\u00edos me esperan\"\u00a0\u00a0Revista, Sociales, Diario Libre, Santo Domingo, Semana Santa, Educaci\u00f3n vial, M. Ferm\u00edn\u00a0<\/p>\n","protected":false},"excerpt":{"rendered":"<p>La firma de asesores de seguros M. Ferm\u00edn y Asociados, con el auspicio de Seguros Pep\u00edn, realiz\u00f3 la primera conferencia regional de la zona noroeste sobre educaci\u00f3n vial, con el prop\u00f3sito de contribuir a la reducci\u00f3n de los accidentes de tr\u00e1nsito, primera causa de lesiones y fallecimientos en la regi\u00f3n.\u00a0 La actividad tuvo lugar en [&hellip;]<\/p>\n","protected":false},"author":1,"featured_media":10522,"comment_status":"open","ping_status":"open","sticky":false,"template":"","format":"standard","meta":{"amp_status":"","footnotes":""},"categories":[9],"tags":[],"class_list":["post-10788","post","type-post","status-publish","format-standard","has-post-thumbnail","hentry","category-espectaculo"],"_links":{"self":[{"href":"https:\/\/ermdigital.com\/index.php?rest_route=\/wp\/v2\/posts\/10788","targetHints":{"allow":["GET"]}}],"collection":[{"href":"https:\/\/ermdigital.com\/index.php?rest_route=\/wp\/v2\/posts"}],"about":[{"href":"https:\/\/ermdigital.com\/index.php?rest_route=\/wp\/v2\/types\/post"}],"author":[{"embeddable":true,"href":"https:\/\/ermdigital.com\/index.php?rest_route=\/wp\/v2\/users\/1"}],"replies":[{"embeddable":true,"href":"https:\/\/ermdigital.com\/index.php?rest_route=%2Fwp%2Fv2%2Fcomments&post=10788"}],"version-history":[{"count":0,"href":"https:\/\/ermdigital.com\/index.php?rest_route=\/wp\/v2\/posts\/10788\/revisions"}],"wp:featuredmedia":[{"embeddable":true,"href":"https:\/\/ermdigital.com\/index.php?rest_route=\/wp\/v2\/media\/10522"}],"wp:attachment":[{"href":"https:\/\/ermdigital.com\/index.php?rest_route=%2Fwp%2Fv2%2Fmedia&parent=10788"}],"wp:term":[{"taxonomy":"category","embeddable":true,"href":"https:\/\/ermdigital.com\/index.php?rest_route=%2Fwp%2Fv2%2Fcategories&post=10788"},{"taxonomy":"post_tag","embeddable":true,"href":"https:\/\/ermdigital.com\/index.php?rest_route=%2Fwp%2Fv2%2Ftags&post=10788"}],"curies":[{"name":"wp","href":"https:\/\/api.w.org\/{rel}","templated":true}]}}