{"id":10752,"date":"2026-04-01T10:35:00","date_gmt":"2026-04-01T14:35:00","guid":{"rendered":"https:\/\/ermdigital.com\/index.php\/2026\/04\/01\/logros-del-medio-maraton-claro\/"},"modified":"2026-04-01T10:35:00","modified_gmt":"2026-04-01T14:35:00","slug":"logros-del-medio-maraton-claro","status":"publish","type":"post","link":"https:\/\/ermdigital.com\/?p=10752","title":{"rendered":"Logros del Medio Marat\u00f3n Claro"},"content":{"rendered":"<p>El <strong>Medio Marat\u00f3n Claro 2026<\/strong> no solo volvi\u00f3 a hacer historia como la carrera m\u00e1s grande de la Rep\u00fablica Dominicana, con <strong>6,200 participantes<\/strong>, sino que tambi\u00e9n consolid\u00f3 su compromiso con el medioambiente al <strong>recuperar 18,194 botellas<\/strong> pl\u00e1sticas para <strong>reciclaje<\/strong>, transformando el deporte en una plataforma de impacto sostenible.\u00a0<\/p>\n<p>Este resultado forma parte de una <strong>visi\u00f3n integral<\/strong> que busca que cada edici\u00f3n del evento no solo promueva la salud y el bienestar, sino tambi\u00e9n la <strong>conciencia ambiental<\/strong> y la responsabilidad colectiva entre miles de corredores y sus familias.\u00a0<\/p>\n<p>Gracias a la correcta gesti\u00f3n de estos residuos, se logr\u00f3 evitar la emisi\u00f3n de 1,245 kilogramos de di\u00f3xido de carbono (CO2e), seg\u00fan la <strong>Agencia de Protecci\u00f3n Ambiental <\/strong>de Estados Unidos (EPA); y un ahorro estimado de 15,000 litros de agua, ya que el <strong>reciclaje<\/strong> de este material requiere menos recursos h\u00eddricos que la producci\u00f3n de pl\u00e1stico nuevo.<\/p>\n<figure class=\"inline-block\">\n<div class=\"expand-img-placeholder\"><img loading=\"lazy\" decoding=\"async\" src=\"https:\/\/resources.diariolibre.com\/images\/expand.svg\" alt=\"Expandir imagen\" width=\"20\" height=\"20\"><span class=\"rutaimagenoriginal-placeholder\">https:\/\/resources.diariolibre.com\/images\/2026\/04\/01\/botellas-recicladas-3c3a13b2.jpeg<\/span><\/div>\n<p><img decoding=\"async\" loading=\"lazy\" src=\"https:\/\/resources.diariolibre.com\/images\/2026\/04\/01\/botellas-recicladas-3c3a13b2.jpeg\" width=\"auto\" height=\"350\" alt=\"Infograf\u00eda\" class=\"mx-auto\"><figcaption><span>Durante el pesaje de las botellas.<\/span><span> (<strong>FUENTE EXTERNA<\/strong>)<\/span><\/figcaption><\/figure>\n<p>Adem\u00e1s, esta edici\u00f3n registr\u00f3 una reducci\u00f3n del 12 % en el uso de <strong>botellas pl\u00e1sticas<\/strong>, impulsada por la incorporaci\u00f3n de <strong>botellas reutilizables<\/strong> en el kit de los corredores, fortaleciendo as\u00ed el enfoque preventivo y educativo del evento.\u00a0<\/p>\n<p>Para hacer posible este esfuerzo, se despleg\u00f3 una <strong>log\u00edstica eficiente<\/strong> con m\u00e1s de <strong>70 contenedores<\/strong> y 15 super sacos ubicados en los puntos de hidrataci\u00f3n a lo largo del <strong>Malec\u00f3n de Santo Domingo<\/strong>, facilitando la correcta recolecci\u00f3n de residuos.\u00a0<\/p>\n<p>A esto se sum\u00f3 el compromiso de <strong>52 voluntarios<\/strong> de la <strong>Red de Voluntarios Claro<\/strong>, NUVI y Planeta Azul, quienes acompa\u00f1aron activamente la jornada en las rutas de 5, 10 y 21 kil\u00f3metros, acumulando m\u00e1s de 400 horas de voluntariado, lo que representa un crecimiento de m\u00e1s de un 65 % respecto al a\u00f1o anterior.\u00a0<\/p>\n<p><strong>Omar Acosta<\/strong>, <strong>vicepresidente de Mercadeo<\/strong> y Comunicaciones Corporativas de <strong>Claro Dominicana<\/strong>, destac\u00f3 el impacto de esta plataforma en el desarrollo sostenible del pa\u00eds.\u00a0<\/p>\n<p>\u201cEl <strong>Medio Marat\u00f3n Claro<\/strong> demuestra que los grandes eventos pueden ser <strong>motores de cambio<\/strong>. Esta plataforma nos permite integrar deporte, comunidad y <strong>sostenibilidad<\/strong>, generando un <strong>impacto positivo<\/strong> a escala pa\u00eds y promoviendo una cultura de bienestar y responsabilidad ambiental que trasciende el evento\u201d, afirm\u00f3.\u00a0<\/p>\n<p>Las <strong>botellas recolectadas<\/strong>, ser\u00e1n recicladas a trav\u00e9s del <strong>Sistema Integrado de Gesti\u00f3n<\/strong> de Residuos NUVI, permitiendo su transformaci\u00f3n en nuevas botellas y promoviendo la <strong>econom\u00eda circular<\/strong> en el pa\u00eds.\u00a0<\/p>\n<p>Asimismo, <strong>Pilar Hach\u00e9<\/strong>, directora de <strong>Relaciones Corporativas<\/strong> y Sustentabilidad de <strong>Claro Dominicana<\/strong>, explic\u00f3 que los resultados responden a un <strong>modelo de gesti\u00f3n<\/strong> ambiental estructurado dentro del evento.\u00a0<\/p>\n<p>\u201cEste resultado es posible gracias a una planificaci\u00f3n integral que abarca desde la reducci\u00f3n en el uso de pl\u00e1sticos, mediante la incorporaci\u00f3n de <strong>botellas reutilizables<\/strong>, hasta la instalaci\u00f3n de puntos de recolecci\u00f3n estrat\u00e9gicamente ubicados y el acompa\u00f1amiento de voluntarios en toda la ruta, garantizando la <strong>correcta separaci\u00f3n<\/strong> y valorizaci\u00f3n de los residuos generados durante la carrera\u201d, se\u00f1al\u00f3.\u00a0<\/p>\n<h2>M\u00e1s<\/h2>\n<ul>\n<li>El <strong>Medio Marat\u00f3n Claro<\/strong>, que re\u00fane participantes de m\u00e1s de <strong>35 nacionalidades<\/strong> y conecta a miles de familias dominicanas, se consolida, as\u00ed como una plataforma que trasciende lo deportivo, integrando valores de inclusi\u00f3n, bienestar y <strong>sostenibilidad<\/strong> en una experiencia que inspira y moviliza.\u00a0<\/li>\n<\/ul>\n<article class=\"border-t border-b py-5 mb-5 component nota-incrustada\">    <span class=\"block mb-2\"><strong>Te puede interesar<\/strong><\/span>                <\/p>\n<h2><a href=\"https:\/\/www.diariolibre.com\/revista\/sociales\/2026\/03\/13\/medio-maraton-claro-logra-record-historico-con-6200-inscritos\/3468498?utm_source=relacionadas&amp;utm_medium=nota&amp;utm_campaign=relacionadas\" title=\"Medio Marat\u00f3n Claro logra r\u00e9cord hist\u00f3rico con 6,200 inscritos y agota cupos antes un mes del evento\">Medio Marat\u00f3n Claro logra r\u00e9cord hist\u00f3rico con 6,200 inscritos y agota cupos antes un mes del evento<\/a><\/h2>\n<\/article>\n<p><\/p>\n<p><\/p>\n<p>\u200bEl Medio Marat\u00f3n Claro 2026 no solo volvi\u00f3 a hacer historia como la carrera m\u00e1s grande de la Rep\u00fablica Dominicana, con 6,200 participantes, sino que tambi\u00e9n consolid\u00f3 su compromiso con el medioambiente al recuperar 18,194 botellas pl\u00e1sticas para reciclaje, transformando el deporte en una plataforma de impacto sostenible.\u00a0Este resultado forma parte de una visi\u00f3n integral que busca que cada edici\u00f3n del evento no solo promueva la salud y el bienestar, sino tambi\u00e9n la conciencia ambiental y la responsabilidad colectiva entre miles de corredores y sus familias.\u00a0Gracias a la correcta gesti\u00f3n de estos residuos, se logr\u00f3 evitar la emisi\u00f3n de 1,245 kilogramos de di\u00f3xido de carbono (CO2e), seg\u00fan la Agencia de Protecci\u00f3n Ambiental de Estados Unidos (EPA); y un ahorro estimado de 15,000 litros de agua, ya que el reciclaje de este material requiere menos recursos h\u00eddricos que la producci\u00f3n de pl\u00e1stico nuevo.https:\/\/resources.diariolibre.com\/images\/2026\/04\/01\/botellas-recicladas-3c3a13b2.jpegDurante el pesaje de las botellas. (FUENTE EXTERNA)Adem\u00e1s, esta edici\u00f3n registr\u00f3 una reducci\u00f3n del 12 % en el uso de botellas pl\u00e1sticas, impulsada por la incorporaci\u00f3n de botellas reutilizables en el kit de los corredores, fortaleciendo as\u00ed el enfoque preventivo y educativo del evento.\u00a0Para hacer posible este esfuerzo, se despleg\u00f3 una log\u00edstica eficiente con m\u00e1s de 70 contenedores y 15 super sacos ubicados en los puntos de hidrataci\u00f3n a lo largo del Malec\u00f3n de Santo Domingo, facilitando la correcta recolecci\u00f3n de residuos.\u00a0A esto se sum\u00f3 el compromiso de 52 voluntarios de la Red de Voluntarios Claro, NUVI y Planeta Azul, quienes acompa\u00f1aron activamente la jornada en las rutas de 5, 10 y 21 kil\u00f3metros, acumulando m\u00e1s de 400 horas de voluntariado, lo que representa un crecimiento de m\u00e1s de un 65 % respecto al a\u00f1o anterior.\u00a0Omar Acosta, vicepresidente de Mercadeo y Comunicaciones Corporativas de Claro Dominicana, destac\u00f3 el impacto de esta plataforma en el desarrollo sostenible del pa\u00eds.\u00a0\u201cEl Medio Marat\u00f3n Claro demuestra que los grandes eventos pueden ser motores de cambio. Esta plataforma nos permite integrar deporte, comunidad y sostenibilidad, generando un impacto positivo a escala pa\u00eds y promoviendo una cultura de bienestar y responsabilidad ambiental que trasciende el evento\u201d, afirm\u00f3.\u00a0Las botellas recolectadas, ser\u00e1n recicladas a trav\u00e9s del Sistema Integrado de Gesti\u00f3n de Residuos NUVI, permitiendo su transformaci\u00f3n en nuevas botellas y promoviendo la econom\u00eda circular en el pa\u00eds.\u00a0Asimismo, Pilar Hach\u00e9, directora de Relaciones Corporativas y Sustentabilidad de Claro Dominicana, explic\u00f3 que los resultados responden a un modelo de gesti\u00f3n ambiental estructurado dentro del evento.\u00a0\u201cEste resultado es posible gracias a una planificaci\u00f3n integral que abarca desde la reducci\u00f3n en el uso de pl\u00e1sticos, mediante la incorporaci\u00f3n de botellas reutilizables, hasta la instalaci\u00f3n de puntos de recolecci\u00f3n estrat\u00e9gicamente ubicados y el acompa\u00f1amiento de voluntarios en toda la ruta, garantizando la correcta separaci\u00f3n y valorizaci\u00f3n de los residuos generados durante la carrera\u201d, se\u00f1al\u00f3.\u00a0M\u00e1s    El Medio Marat\u00f3n Claro, que re\u00fane participantes de m\u00e1s de 35 nacionalidades y conecta a miles de familias dominicanas, se consolida, as\u00ed como una plataforma que trasciende lo deportivo, integrando valores de inclusi\u00f3n, bienestar y sostenibilidad en una experiencia que inspira y moviliza.\u00a0    Te puede interesar                Medio Marat\u00f3n Claro logra r\u00e9cord hist\u00f3rico con 6,200 inscritos y agota cupos antes un mes del evento\u00a0\u00a0Revista, Sociales, Diario Libre, Santo Domingo, Reciclaje, Sostenibilidad, botellas pl\u00e1sticas, Medio Marat\u00f3n Claro\u00a0<\/p>\n","protected":false},"excerpt":{"rendered":"<p>El Medio Marat\u00f3n Claro 2026 no solo volvi\u00f3 a hacer historia como la carrera m\u00e1s grande de la Rep\u00fablica Dominicana, con 6,200 participantes, sino que tambi\u00e9n consolid\u00f3 su compromiso con el medioambiente al recuperar 18,194 botellas pl\u00e1sticas para reciclaje, transformando el deporte en una plataforma de impacto sostenible.\u00a0 Este resultado forma parte de una visi\u00f3n [&hellip;]<\/p>\n","protected":false},"author":1,"featured_media":10484,"comment_status":"open","ping_status":"open","sticky":false,"template":"","format":"standard","meta":{"amp_status":"","footnotes":""},"categories":[9],"tags":[],"class_list":["post-10752","post","type-post","status-publish","format-standard","has-post-thumbnail","hentry","category-espectaculo"],"_links":{"self":[{"href":"https:\/\/ermdigital.com\/index.php?rest_route=\/wp\/v2\/posts\/10752","targetHints":{"allow":["GET"]}}],"collection":[{"href":"https:\/\/ermdigital.com\/index.php?rest_route=\/wp\/v2\/posts"}],"about":[{"href":"https:\/\/ermdigital.com\/index.php?rest_route=\/wp\/v2\/types\/post"}],"author":[{"embeddable":true,"href":"https:\/\/ermdigital.com\/index.php?rest_route=\/wp\/v2\/users\/1"}],"replies":[{"embeddable":true,"href":"https:\/\/ermdigital.com\/index.php?rest_route=%2Fwp%2Fv2%2Fcomments&post=10752"}],"version-history":[{"count":0,"href":"https:\/\/ermdigital.com\/index.php?rest_route=\/wp\/v2\/posts\/10752\/revisions"}],"wp:featuredmedia":[{"embeddable":true,"href":"https:\/\/ermdigital.com\/index.php?rest_route=\/wp\/v2\/media\/10484"}],"wp:attachment":[{"href":"https:\/\/ermdigital.com\/index.php?rest_route=%2Fwp%2Fv2%2Fmedia&parent=10752"}],"wp:term":[{"taxonomy":"category","embeddable":true,"href":"https:\/\/ermdigital.com\/index.php?rest_route=%2Fwp%2Fv2%2Fcategories&post=10752"},{"taxonomy":"post_tag","embeddable":true,"href":"https:\/\/ermdigital.com\/index.php?rest_route=%2Fwp%2Fv2%2Ftags&post=10752"}],"curies":[{"name":"wp","href":"https:\/\/api.w.org\/{rel}","templated":true}]}}