{"id":10751,"date":"2026-04-01T10:46:00","date_gmt":"2026-04-01T14:46:00","guid":{"rendered":"https:\/\/ermdigital.com\/index.php\/2026\/04\/01\/merca-jumbo-abre-sucursal-en-las-terrenas\/"},"modified":"2026-04-01T10:46:00","modified_gmt":"2026-04-01T14:46:00","slug":"merca-jumbo-abre-sucursal-en-las-terrenas","status":"publish","type":"post","link":"https:\/\/ermdigital.com\/?p=10751","title":{"rendered":"Merca Jumbo abre sucursal en Las Terrenas"},"content":{"rendered":"<p><strong>Merca Jumbo<\/strong> contin\u00faa su <strong>plan de expansi\u00f3n<\/strong> en el pa\u00eds con la apertura de su sucursal <strong>Merca Jumbo<\/strong> Las Terrenas, Saman\u00e1, ubicada en la Av. Boulevard Tur\u00edstico del Atl\u00e1ntico, fortaleciendo su presencia en esta importante <strong>zona tur\u00edstica<\/strong> y aportando a la econom\u00eda dominicana con la generaci\u00f3n de <strong>90 nuevos empleos<\/strong> directos. <\/p>\n<p>Este nuevo establecimiento llega para ofrecer a los clientes una <strong>experiencia de compra<\/strong> moderna y ajustada a sus necesidades, con <strong>productos de calidad<\/strong> y los <strong>mejores precios<\/strong> del mercado.<\/p>\n<p>La empresa contin\u00faa su crecimiento con esta moderna tienda que cuenta con <strong>3,800 metros cuadrados<\/strong> de construcci\u00f3n, ofreciendo mayor comodidad y accesibilidad con <strong>200 espacios de estacionamiento<\/strong>, adem\u00e1s de un amplio parqueo techado con capacidad para 200 motocicletas y four wheels, reafirmando su <strong>compromiso de brindar<\/strong> una <strong>experiencia de compra<\/strong> \u00e1gil y conveniente.<\/p>\n<p>\u201cEn <strong>Centro Cuesta Nacional<\/strong> seguimos apostando a la expansi\u00f3n de nuestra marca para estar cada vez m\u00e1s cerca de los dominicanos, ofreci\u00e9ndoles productos de la mejor calidad y a los <strong>mejores precios<\/strong>, con propuestas que se adapten a sus necesidades y eleven su <strong>experiencia de compra<\/strong>\u201d, expres\u00f3 <strong>Madelyn Mart\u00ednez<\/strong>.<\/p>\n<p>Como parte de esta apertura, la empresa reafirma su compromiso con el desarrollo de las zonas donde opera y con el bienestar de las comunidades. Asimismo, fortalece su filosof\u00eda de apoyar iniciativas que contribuyan a mejorar la <strong>calidad de vida<\/strong> de las familias dominicanas.<\/p>\n<p>Como ya es tradici\u00f3n, en lugar de realizar un evento de <strong>inauguraci\u00f3n<\/strong>, <strong>Merca Jumbo<\/strong> ha decidido destinar los fondos que normalmente se utilizan en celebraciones a iniciativas de impacto social, aline\u00e1ndose con su prop\u00f3sito de generar un <strong>impacto positivo<\/strong> en las comunidades.<\/p>\n<p>En esta ocasi\u00f3n, los recursos ser\u00e1n destinados al <strong>Patronato Hospital Municipal<\/strong> Lic. Pablo A. Paulino, mediante la entrega de una <strong>ambulancia equipada<\/strong>, con el objetivo de fortalecer los <strong>servicios de emergencia<\/strong> y contribuir a mejorar la calidad de atenci\u00f3n de los pacientes, reafirmando as\u00ed su inter\u00e9s en el desarrollo de la comunidad de Las Terrenas.<\/p>\n<div class=\"my-12 component gallery relative small-slider\">\n<div class=\"slider-container\">\n<figure class=\"slider-item\">\n<div class=\"expand-img-placeholder\"><img loading=\"lazy\" decoding=\"async\" src=\"https:\/\/resources.diariolibre.com\/images\/expand.svg\" alt=\"Expandir imagen\" width=\"20\" height=\"20\"><span class=\"rutaimagenoriginal-placeholder\">https:\/\/resources.diariolibre.com\/images\/2026\/04\/01\/merca-jumbo-2-3966f02d.jpg<\/span><\/div>\n<p><img decoding=\"async\" src=\"https:\/\/resources.diariolibre.com\/images\/2026\/04\/01\/merca-jumbo-2-3966f02d.jpg\" width=\"100%\" alt=\"Jos\u00e9 Miguel Gonz\u00e1lez, Eduardo Polanco, Jos\u00e9 Ricardo Feris, Nancy Espino, Santiago Hidalgo, Zamira Guerrero y Rodrigo Gonz\u00e1lez.\" class=\"w-full object-cover\"><figcaption><span>Jos\u00e9 Miguel Gonz\u00e1lez, Eduardo Polanco, Jos\u00e9 Ricardo Feris, Nancy Espino, Santiago Hidalgo, Zamira Guerrero y Rodrigo Gonz\u00e1lez.<\/span><span> (<strong>FUENTE EXTERNA<\/strong>)<\/span><\/figcaption><\/figure>\n<figure class=\"slider-item\">\n<div class=\"expand-img-placeholder\"><img loading=\"lazy\" decoding=\"async\" src=\"https:\/\/resources.diariolibre.com\/images\/expand.svg\" alt=\"Expandir imagen\" width=\"20\" height=\"20\"><span class=\"rutaimagenoriginal-placeholder\">https:\/\/resources.diariolibre.com\/images\/2026\/04\/01\/merca-jumbo-3-208cc218.jpg<\/span><\/div>\n<p><img decoding=\"async\" src=\"https:\/\/resources.diariolibre.com\/images\/2026\/04\/01\/merca-jumbo-3-208cc218.jpg\" width=\"100%\" alt=\"Denisse G\u00f3mez, Jos\u00e9 Miguel Tavares, Iv\u00e1n Guerrero, Lianna Mart\u00ednez, Orlys Patrocinio, Zamira Guerrero, Gilberto Jara, Yolanda Fiallo, Christopher Soliman, Maylin Hernando.\" class=\"w-full object-cover\"><figcaption><span>Denisse G\u00f3mez, Jos\u00e9 Miguel Tavares, Iv\u00e1n Guerrero, Lianna Mart\u00ednez, Orlys Patrocinio, Zamira Guerrero, Gilberto Jara, Yolanda Fiallo, Christopher Soliman, Maylin Hernando.<\/span><span> (<strong>FUENTE EXTERNA<\/strong>)<\/span><\/figcaption><\/figure>\n<figure class=\"slider-item\">\n<div class=\"expand-img-placeholder\"><img loading=\"lazy\" decoding=\"async\" src=\"https:\/\/resources.diariolibre.com\/images\/expand.svg\" alt=\"Expandir imagen\" width=\"20\" height=\"20\"><span class=\"rutaimagenoriginal-placeholder\">https:\/\/resources.diariolibre.com\/images\/2026\/04\/01\/merca-jumbo-4-87606c54.jpg<\/span><\/div>\n<p><img decoding=\"async\" src=\"https:\/\/resources.diariolibre.com\/images\/2026\/04\/01\/merca-jumbo-4-87606c54.jpg\" width=\"100%\" alt=\"Nancy Espino, Rodrigo Gonz\u00e1lez, Santiago Hidalgo, Jos\u00e9 Ricardo Feris y Eduardo Polanco.\" class=\"w-full object-cover\"><figcaption><span>Nancy Espino, Rodrigo Gonz\u00e1lez, Santiago Hidalgo, Jos\u00e9 Ricardo Feris y Eduardo Polanco.<\/span><span> (<strong>FUENTE EXTERNA<\/strong>)<\/span><\/figcaption><\/figure>\n<figure class=\"slider-item\">\n<div class=\"expand-img-placeholder\"><img loading=\"lazy\" decoding=\"async\" src=\"https:\/\/resources.diariolibre.com\/images\/expand.svg\" alt=\"Expandir imagen\" width=\"20\" height=\"20\"><span class=\"rutaimagenoriginal-placeholder\">https:\/\/resources.diariolibre.com\/images\/2026\/04\/01\/merca-jumbo-5-676f63e6.jpg<\/span><\/div>\n<p><img decoding=\"async\" src=\"https:\/\/resources.diariolibre.com\/images\/2026\/04\/01\/merca-jumbo-5-676f63e6.jpg\" width=\"100%\" alt=\"Mabel Hern\u00e1ndez, Perla De La Cruz, Lianna Mart\u00ednez, Madelyn Mart\u00ednez, Jean Carlos Ortiz, Michelle Garc\u00eda y Laura Mesa.\" class=\"w-full object-cover\"><figcaption><span>Mabel Hern\u00e1ndez, Perla De La Cruz, Lianna Mart\u00ednez, Madelyn Mart\u00ednez, Jean Carlos Ortiz, Michelle Garc\u00eda y Laura Mesa.<\/span><span> (<strong>FUENTE EXTERNA<\/strong>)<\/span><\/figcaption><\/figure>\n<\/p><\/div>\n<div class=\"slider-arrows\">\n<div class=\"slider-arrow prev\">\u2039<\/div>\n<div class=\"slider-arrow next\">\u203a<\/div>\n<\/p><\/div>\n<ul class=\"slider-dots\"><\/ul>\n<\/div>\n<p>\u201c<strong>Merca Jumbo<\/strong> Las Terrenas ha sido concebida para ofrecer una <strong>experiencia de compra<\/strong> moderna, c\u00f3moda y eficiente, adaptada a las necesidades tanto de los residentes como de los visitantes de la zona, integrando <strong>espacios funcionales<\/strong> y una oferta variada que responde a los nuevos h\u00e1bitos de consumo\u201d, expres\u00f3 <strong>Zamira Guerrero<\/strong>.<\/p>\n<p><strong>Merca Jumbo<\/strong> Las Terrenas se encuentra ubicada en una de las zonas de mayor crecimiento tur\u00edstico del pa\u00eds, ofreciendo a sus clientes un <strong>espacio accesible<\/strong> y moderno para realizar sus compras de manera c\u00f3moda. La tienda cuenta con un <strong>surtido de productos<\/strong> que responde a las necesidades de residentes y visitantes de la zona.<\/p>\n<p>Como parte de su propuesta de valor, la app <strong>Merca Jumbo<\/strong> estar\u00e1 disponible a partir del <strong>30 de marzo<\/strong>, permitiendo a los clientes realizar sus compras a trav\u00e9s de delivery o modalidad pick up, facilitando a\u00fan m\u00e1s la <strong>experiencia de compra<\/strong>.<\/p>\n<h2>Horario<\/h2>\n<ul>\n<li><strong>Merca Jumbo<\/strong> Las Terrenas est\u00e1 abierta al p\u00fablico, de lunes a viernes de 7:00 a.m. a 12:00 a.m. y los domingos de 8:00 a.m. a 10:00 p.m. Con esta apertura, la empresa reafirma su compromiso de seguir creciendo en el pa\u00eds y de generar un <strong>impacto positivo<\/strong> en cada comunidad donde tiene presencia.<\/li>\n<\/ul>\n<article class=\"border-t border-b py-5 mb-5 component nota-incrustada\">    <span class=\"block mb-2\"><strong>Te puede interesar<\/strong><\/span>                <\/p>\n<h2><a href=\"https:\/\/www.diariolibre.com\/revista\/sociales\/2025\/04\/16\/jumbo-abre-sus-puertas-en-agora-santiago-center\/3076416?utm_source=relacionadas&amp;utm_medium=nota&amp;utm_campaign=relacionadas\" title=\"Jumbo llega a \u00c1gora Santiago Center\">Jumbo llega a \u00c1gora Santiago Center<\/a><\/h2>\n<\/article>\n<p><\/p>\n<p><\/p>\n<p>\u200bMerca Jumbo contin\u00faa su plan de expansi\u00f3n en el pa\u00eds con la apertura de su sucursal Merca Jumbo Las Terrenas, Saman\u00e1, ubicada en la Av. Boulevard Tur\u00edstico del Atl\u00e1ntico, fortaleciendo su presencia en esta importante zona tur\u00edstica y aportando a la econom\u00eda dominicana con la generaci\u00f3n de 90 nuevos empleos directos. Este nuevo establecimiento llega para ofrecer a los clientes una experiencia de compra moderna y ajustada a sus necesidades, con productos de calidad y los mejores precios del mercado.La empresa contin\u00faa su crecimiento con esta moderna tienda que cuenta con 3,800 metros cuadrados de construcci\u00f3n, ofreciendo mayor comodidad y accesibilidad con 200 espacios de estacionamiento, adem\u00e1s de un amplio parqueo techado con capacidad para 200 motocicletas y four wheels, reafirmando su compromiso de brindar una experiencia de compra \u00e1gil y conveniente.\u201cEn Centro Cuesta Nacional seguimos apostando a la expansi\u00f3n de nuestra marca para estar cada vez m\u00e1s cerca de los dominicanos, ofreci\u00e9ndoles productos de la mejor calidad y a los mejores precios, con propuestas que se adapten a sus necesidades y eleven su experiencia de compra\u201d, expres\u00f3 Madelyn Mart\u00ednez.Como parte de esta apertura, la empresa reafirma su compromiso con el desarrollo de las zonas donde opera y con el bienestar de las comunidades. Asimismo, fortalece su filosof\u00eda de apoyar iniciativas que contribuyan a mejorar la calidad de vida de las familias dominicanas.Como ya es tradici\u00f3n, en lugar de realizar un evento de inauguraci\u00f3n, Merca Jumbo ha decidido destinar los fondos que normalmente se utilizan en celebraciones a iniciativas de impacto social, aline\u00e1ndose con su prop\u00f3sito de generar un impacto positivo en las comunidades.En esta ocasi\u00f3n, los recursos ser\u00e1n destinados al Patronato Hospital Municipal Lic. Pablo A. Paulino, mediante la entrega de una ambulancia equipada, con el objetivo de fortalecer los servicios de emergencia y contribuir a mejorar la calidad de atenci\u00f3n de los pacientes, reafirmando as\u00ed su inter\u00e9s en el desarrollo de la comunidad de Las Terrenas.            https:\/\/resources.diariolibre.com\/images\/2026\/04\/01\/merca-jumbo-2-3966f02d.jpgJos\u00e9 Miguel Gonz\u00e1lez, Eduardo Polanco, Jos\u00e9 Ricardo Feris, Nancy Espino, Santiago Hidalgo, Zamira Guerrero y Rodrigo Gonz\u00e1lez. (FUENTE EXTERNA)https:\/\/resources.diariolibre.com\/images\/2026\/04\/01\/merca-jumbo-3-208cc218.jpgDenisse G\u00f3mez, Jos\u00e9 Miguel Tavares, Iv\u00e1n Guerrero, Lianna Mart\u00ednez, Orlys Patrocinio, Zamira Guerrero, Gilberto Jara, Yolanda Fiallo, Christopher Soliman, Maylin Hernando. (FUENTE EXTERNA)https:\/\/resources.diariolibre.com\/images\/2026\/04\/01\/merca-jumbo-4-87606c54.jpgNancy Espino, Rodrigo Gonz\u00e1lez, Santiago Hidalgo, Jos\u00e9 Ricardo Feris y Eduardo Polanco. (FUENTE EXTERNA)https:\/\/resources.diariolibre.com\/images\/2026\/04\/01\/merca-jumbo-5-676f63e6.jpgMabel Hern\u00e1ndez, Perla De La Cruz, Lianna Mart\u00ednez, Madelyn Mart\u00ednez, Jean Carlos Ortiz, Michelle Garc\u00eda y Laura Mesa. (FUENTE EXTERNA)                \u2039        \u203a        \u201cMerca Jumbo Las Terrenas ha sido concebida para ofrecer una experiencia de compra moderna, c\u00f3moda y eficiente, adaptada a las necesidades tanto de los residentes como de los visitantes de la zona, integrando espacios funcionales y una oferta variada que responde a los nuevos h\u00e1bitos de consumo\u201d, expres\u00f3 Zamira Guerrero.Merca Jumbo Las Terrenas se encuentra ubicada en una de las zonas de mayor crecimiento tur\u00edstico del pa\u00eds, ofreciendo a sus clientes un espacio accesible y moderno para realizar sus compras de manera c\u00f3moda. La tienda cuenta con un surtido de productos que responde a las necesidades de residentes y visitantes de la zona.Como parte de su propuesta de valor, la app Merca Jumbo estar\u00e1 disponible a partir del 30 de marzo, permitiendo a los clientes realizar sus compras a trav\u00e9s de delivery o modalidad pick up, facilitando a\u00fan m\u00e1s la experiencia de compra.Horario    Merca Jumbo Las Terrenas est\u00e1 abierta al p\u00fablico, de lunes a viernes de 7:00 a.m. a 12:00 a.m. y los domingos de 8:00 a.m. a 10:00 p.m. Con esta apertura, la empresa reafirma su compromiso de seguir creciendo en el pa\u00eds y de generar un impacto positivo en cada comunidad donde tiene presencia.    Te puede interesar                Jumbo llega a \u00c1gora Santiago Center\u00a0\u00a0Revista, Sociales, Diario Libre, Santo Domingo, Inauguraci\u00f3n, supermercado, Nueva sucursal, Merca Jumbo\u00a0<\/p>\n","protected":false},"excerpt":{"rendered":"<p>Merca Jumbo contin\u00faa su plan de expansi\u00f3n en el pa\u00eds con la apertura de su sucursal Merca Jumbo Las Terrenas, Saman\u00e1, ubicada en la Av. Boulevard Tur\u00edstico del Atl\u00e1ntico, fortaleciendo su presencia en esta importante zona tur\u00edstica y aportando a la econom\u00eda dominicana con la generaci\u00f3n de 90 nuevos empleos directos. Este nuevo establecimiento llega [&hellip;]<\/p>\n","protected":false},"author":1,"featured_media":10526,"comment_status":"open","ping_status":"open","sticky":false,"template":"","format":"standard","meta":{"amp_status":"","footnotes":""},"categories":[9],"tags":[],"class_list":["post-10751","post","type-post","status-publish","format-standard","has-post-thumbnail","hentry","category-espectaculo"],"_links":{"self":[{"href":"https:\/\/ermdigital.com\/index.php?rest_route=\/wp\/v2\/posts\/10751","targetHints":{"allow":["GET"]}}],"collection":[{"href":"https:\/\/ermdigital.com\/index.php?rest_route=\/wp\/v2\/posts"}],"about":[{"href":"https:\/\/ermdigital.com\/index.php?rest_route=\/wp\/v2\/types\/post"}],"author":[{"embeddable":true,"href":"https:\/\/ermdigital.com\/index.php?rest_route=\/wp\/v2\/users\/1"}],"replies":[{"embeddable":true,"href":"https:\/\/ermdigital.com\/index.php?rest_route=%2Fwp%2Fv2%2Fcomments&post=10751"}],"version-history":[{"count":0,"href":"https:\/\/ermdigital.com\/index.php?rest_route=\/wp\/v2\/posts\/10751\/revisions"}],"wp:featuredmedia":[{"embeddable":true,"href":"https:\/\/ermdigital.com\/index.php?rest_route=\/wp\/v2\/media\/10526"}],"wp:attachment":[{"href":"https:\/\/ermdigital.com\/index.php?rest_route=%2Fwp%2Fv2%2Fmedia&parent=10751"}],"wp:term":[{"taxonomy":"category","embeddable":true,"href":"https:\/\/ermdigital.com\/index.php?rest_route=%2Fwp%2Fv2%2Fcategories&post=10751"},{"taxonomy":"post_tag","embeddable":true,"href":"https:\/\/ermdigital.com\/index.php?rest_route=%2Fwp%2Fv2%2Ftags&post=10751"}],"curies":[{"name":"wp","href":"https:\/\/api.w.org\/{rel}","templated":true}]}}