{"id":10397,"date":"2026-04-01T11:43:34","date_gmt":"2026-04-01T15:43:34","guid":{"rendered":"https:\/\/ermdigital.com\/index.php\/2026\/04\/01\/el-canciller-roberto-alvarez-se-reune-con-subsecretario-onu-para-abordar-despliegue-fuerza-antipandillas-en-haiti\/"},"modified":"2026-04-01T11:43:34","modified_gmt":"2026-04-01T15:43:34","slug":"el-canciller-roberto-alvarez-se-reune-con-subsecretario-onu-para-abordar-despliegue-fuerza-antipandillas-en-haiti","status":"publish","type":"post","link":"https:\/\/ermdigital.com\/?p=10397","title":{"rendered":"El canciller Roberto \u00c1lvarez se re\u00fane con subsecretario ONU para abordar despliegue fuerza antipandillas en Hait\u00ed"},"content":{"rendered":"<p>\u200b<\/p>\n<p>El canciller de Rep\u00fablica Dominicana, Roberto \u00c1lvarez, se reuni\u00f3 con el subsecretario general del Departamento de Apoyo Operacional de las Naciones Unidas, Atul Khare, para abordar el despliegue de la Fuerza de Represi\u00f3n de las Pandillas (FRG) en Hait\u00ed, cuyas primeros contingentes est\u00e1 previsto que lleguen hoy.<\/p>\n<p>En el encuentro se abordaron facilidades que podr\u00edan facilitarse desde la Rep\u00fablica Dominicana, entre ellas, \u201cel tr\u00e1nsito de personal y equipos, servicios m\u00e9dicos y el establecimiento de una oficina de apoyo para la Oficina de Apoyo de las Naciones Unidas en Hait\u00ed (Unsoh)\u201d, detall\u00f3 la Canciller\u00eda este mi\u00e9rcoles en un comunicado.<\/p>\n<p>\u00c1lvarez precis\u00f3 que est\u00e1 cooperaci\u00f3n con las FRG se \u201climita exclusivamente a respaldo desde Rep\u00fablica Dominicana\u201d.<\/p>\n<p>La delegaci\u00f3n de las Naciones Unidas expuso en el encuentro \u201clos principales elementos de la Unsoh\u201d, as\u00ed como su funci\u00f3n de \u201csoporte al despliegue de la RSF y su \u201ccoordinaci\u00f3n con la Oficina Integrada de las Naciones Unidas en Hait\u00ed (Binuh)\u201d.<\/p>\n<p>Khare estuvo acompa\u00f1ado por la subsecretaria general de las Naciones Unidas y jefa de Unsoh, Daniela Kroslak; la coordinadora residente de la ONU en el pa\u00eds, Julia Ram\u00edrez; y otros representantes del organismo.<\/p>\n<p>Por su parte, al canciller dominicano lo acompa\u00f1aron el viceministro de Pol\u00edtica Exterior Multilateral, Rub\u00e9n Sili\u00e9, as\u00ed como otros funcionarios del Ministerio de Relaciones Exteriores (Mirex).<\/p>\n<p>Archivado en: <a href=\"https:\/\/eldinero.com.do\/tag\/canciller-roberto-alvarez\/\" rel=\"tag\">Canciller Roberto \u00c1lvarez<\/a><a href=\"https:\/\/eldinero.com.do\/tag\/onu\/\" rel=\"tag\">ONU<\/a><\/p>\n<p>\u00a0<\/p>\n","protected":false},"excerpt":{"rendered":"<p>\u200b El canciller de Rep\u00fablica Dominicana, Roberto \u00c1lvarez, se reuni\u00f3 con el subsecretario general del Departamento de Apoyo Operacional de las Naciones Unidas, Atul Khare, para abordar el despliegue de la Fuerza de Represi\u00f3n de las Pandillas (FRG) en Hait\u00ed, cuyas primeros contingentes est\u00e1 previsto que lleguen hoy. En el encuentro se abordaron facilidades que [&hellip;]<\/p>\n","protected":false},"author":1,"featured_media":10398,"comment_status":"open","ping_status":"open","sticky":false,"template":"","format":"standard","meta":{"amp_status":"","footnotes":""},"categories":[7],"tags":[],"class_list":["post-10397","post","type-post","status-publish","format-standard","has-post-thumbnail","hentry","category-economia"],"_links":{"self":[{"href":"https:\/\/ermdigital.com\/index.php?rest_route=\/wp\/v2\/posts\/10397","targetHints":{"allow":["GET"]}}],"collection":[{"href":"https:\/\/ermdigital.com\/index.php?rest_route=\/wp\/v2\/posts"}],"about":[{"href":"https:\/\/ermdigital.com\/index.php?rest_route=\/wp\/v2\/types\/post"}],"author":[{"embeddable":true,"href":"https:\/\/ermdigital.com\/index.php?rest_route=\/wp\/v2\/users\/1"}],"replies":[{"embeddable":true,"href":"https:\/\/ermdigital.com\/index.php?rest_route=%2Fwp%2Fv2%2Fcomments&post=10397"}],"version-history":[{"count":0,"href":"https:\/\/ermdigital.com\/index.php?rest_route=\/wp\/v2\/posts\/10397\/revisions"}],"wp:featuredmedia":[{"embeddable":true,"href":"https:\/\/ermdigital.com\/index.php?rest_route=\/wp\/v2\/media\/10398"}],"wp:attachment":[{"href":"https:\/\/ermdigital.com\/index.php?rest_route=%2Fwp%2Fv2%2Fmedia&parent=10397"}],"wp:term":[{"taxonomy":"category","embeddable":true,"href":"https:\/\/ermdigital.com\/index.php?rest_route=%2Fwp%2Fv2%2Fcategories&post=10397"},{"taxonomy":"post_tag","embeddable":true,"href":"https:\/\/ermdigital.com\/index.php?rest_route=%2Fwp%2Fv2%2Ftags&post=10397"}],"curies":[{"name":"wp","href":"https:\/\/api.w.org\/{rel}","templated":true}]}}