{"id":10327,"date":"2026-04-01T09:39:32","date_gmt":"2026-04-01T13:39:32","guid":{"rendered":"https:\/\/ermdigital.com\/index.php\/2026\/04\/01\/canciller-roberto-alvarez-se-reune-con-alto-funcionario-de-naciones-unidas-sobre-apoyo-al-despliegue-de-la-gsf-en-haiti\/"},"modified":"2026-04-01T09:39:32","modified_gmt":"2026-04-01T13:39:32","slug":"canciller-roberto-alvarez-se-reune-con-alto-funcionario-de-naciones-unidas-sobre-apoyo-al-despliegue-de-la-gsf-en-haiti","status":"publish","type":"post","link":"https:\/\/ermdigital.com\/?p=10327","title":{"rendered":"Canciller Roberto \u00c1lvarez se re\u00fane con alto funcionario de Naciones Unidas sobre apoyo al despliegue de la GSF en Hait\u00ed"},"content":{"rendered":"<p><span class=\"field field--name-title field--type-string field--label-hidden\">Canciller Roberto \u00c1lvarez se re\u00fane con alto funcionario de Naciones Unidas sobre apoyo al despliegue de la GSF en Hait\u00ed<\/span><br \/>\n<span class=\"field field--name-uid field--type-entity-reference field--label-hidden\"><span>victorreyes<\/span><\/span><br \/>\n<span class=\"field field--name-created field--type-created field--label-hidden\"><time datetime=\"2026-04-01T09:39:32-04:00\" title=\"Mi\u00e9rcoles, Abril 1, 2026 - 09:39\" class=\"datetime\">1 de  Abril 2026 | 09:39<\/time><br \/>\n<\/span><\/p>\n<div class=\"clearfix text-formatted field field--name-body field--type-text-with-summary field--label-hidden field__item\">\n<p><span>Santo Domingo.\u2013 <strong>El canciller Roberto \u00c1lvarez<\/strong> sostuvo una reuni\u00f3n con el subsecretario general del <strong>Departamento de Apoyo Operacional\u00a0<\/strong>de las Naciones Unidas, <strong>Atul Khare<\/strong>, en el contexto del despliegue de la<strong> Fuerza de Supresi\u00f3n de Bandas<\/strong> (GSF, por sus siglas en ingl\u00e9s) en Hait\u00ed.<\/span><\/p>\n<p><span>En el encuentro se abordaron <strong>facilidades que podr\u00edan brindarse<\/strong> desde territorio dominicano, entre ellas el tr\u00e1nsito de personal y equipos, servicios m\u00e9dicos y el establecimiento de una oficina de apoyo para la <strong>Oficina de Apoyo de las Naciones Unidas en Hait\u00ed<\/strong> (UNSOH).<\/span><\/p>\n<p><span>El canciller \u00c1lvarez precis\u00f3 que esta cooperaci\u00f3n con la GSF se limita<strong> exclusivamente<\/strong> <strong>a respaldo<\/strong> desde la Rep\u00fablica Dominicana.<\/span><\/p>\n<p><img decoding=\"async\" data-entity-uuid=\"ad0d099f-1a4b-468d-8687-b3b0ee496974\" data-entity-type=\"file\" src=\"https:\/\/www.presidencia.gob.do\/sites\/default\/files\/inline-images\/WhatsApp%20Image%202026-04-01%20at%208.13.38%20AM.jpeg\" width=\"1600\" height=\"1066\" loading=\"lazy\">\n<\/p>\n<p><span>La delegaci\u00f3n de las Naciones Unidas expuso los principales elementos de la UNSOH y su funci\u00f3n de soporte al despliegue de la GSF, as\u00ed como su coordinaci\u00f3n con la <strong>Oficina Integrada de las Naciones Unidas en Hait\u00ed<\/strong> (BINUH).<\/span><\/p>\n<p><span>El se\u00f1or Khare estuvo acompa\u00f1ado por la subsecretaria general de las Naciones Unidas y jefa de UNSOH, <strong>Daniela Kroslak<\/strong>; la coordinadora residente de la ONU en el pa\u00eds, <strong>Julia Ram\u00edrez,<\/strong> y otros representantes del organismo.<\/span><\/p>\n<p><span>De su lado, el ministro \u00c1lvarez estuvo acompa\u00f1ado por el viceministro de Pol\u00edtica Exterior Multilateral, <strong>Rub\u00e9n Sili\u00e9<\/strong>, as\u00ed como por otros funcionarios del <strong>Ministerio de Relaciones Exteriores<\/strong> (Mirex).<\/span><\/p>\n<\/div>\n<div class=\"field field--name-field-image field--type-image field--label-hidden field__item\">  <img decoding=\"async\" loading=\"lazy\" src=\"https:\/\/www.presidencia.gob.do\/sites\/default\/files\/news\/2026-04\/Foto%20web.jpg\" width=\"1300\" height=\"730\" alt=\"Mirex\"><\/p>\n<\/div>\n<p>\u00a0Canciller Roberto \u00c1lvarez se re\u00fane con alto funcionario de Naciones Unidas sobre apoyo al despliegue de la GSF en Hait\u00ed<br \/>\nvictorreyes<br \/>\n1 de  Abril 2026 | 09:39<\/p>\n<p>            Santo Domingo.\u2013 El canciller Roberto \u00c1lvarez sostuvo una reuni\u00f3n con el subsecretario general del Departamento de Apoyo Operacional\u00a0de las Naciones Unidas, Atul Khare, en el contexto del despliegue de la Fuerza de Supresi\u00f3n de Bandas (GSF, por sus siglas en ingl\u00e9s) en Hait\u00ed.<br \/>\nEn el encuentro se abordaron facilidades que podr\u00edan brindarse desde territorio dominicano, entre ellas el tr\u00e1nsito de personal y equipos, servicios m\u00e9dicos y el establecimiento de una oficina de apoyo para la Oficina de Apoyo de las Naciones Unidas en Hait\u00ed (UNSOH).<br \/>\nEl canciller \u00c1lvarez precis\u00f3 que esta cooperaci\u00f3n con la GSF se limita exclusivamente a respaldo desde la Rep\u00fablica Dominicana.<\/p>\n<p>La delegaci\u00f3n de las Naciones Unidas expuso los principales elementos de la UNSOH y su funci\u00f3n de soporte al despliegue de la GSF, as\u00ed como su coordinaci\u00f3n con la Oficina Integrada de las Naciones Unidas en Hait\u00ed (BINUH).<br \/>\nEl se\u00f1or Khare estuvo acompa\u00f1ado por la subsecretaria general de las Naciones Unidas y jefa de UNSOH, Daniela Kroslak; la coordinadora residente de la ONU en el pa\u00eds, Julia Ram\u00edrez, y otros representantes del organismo.<br \/>\nDe su lado, el ministro \u00c1lvarez estuvo acompa\u00f1ado por el viceministro de Pol\u00edtica Exterior Multilateral, Rub\u00e9n Sili\u00e9, as\u00ed como por otros funcionarios del Ministerio de Relaciones Exteriores (Mirex).\u00a0\u00a0\u00a0<\/p>\n","protected":false},"excerpt":{"rendered":"<p>Canciller Roberto \u00c1lvarez se re\u00fane con alto funcionario de Naciones Unidas sobre apoyo al despliegue de la GSF en Hait\u00ed victorreyes 1 de Abril 2026 | 09:39 Santo Domingo.\u2013 El canciller Roberto \u00c1lvarez sostuvo una reuni\u00f3n con el subsecretario general del Departamento de Apoyo Operacional\u00a0de las Naciones Unidas, Atul Khare, en el contexto del despliegue [&hellip;]<\/p>\n","protected":false},"author":1,"featured_media":10328,"comment_status":"open","ping_status":"open","sticky":false,"template":"","format":"standard","meta":{"amp_status":"","footnotes":""},"categories":[8],"tags":[],"class_list":["post-10327","post","type-post","status-publish","format-standard","has-post-thumbnail","hentry","category-republica"],"_links":{"self":[{"href":"https:\/\/ermdigital.com\/index.php?rest_route=\/wp\/v2\/posts\/10327","targetHints":{"allow":["GET"]}}],"collection":[{"href":"https:\/\/ermdigital.com\/index.php?rest_route=\/wp\/v2\/posts"}],"about":[{"href":"https:\/\/ermdigital.com\/index.php?rest_route=\/wp\/v2\/types\/post"}],"author":[{"embeddable":true,"href":"https:\/\/ermdigital.com\/index.php?rest_route=\/wp\/v2\/users\/1"}],"replies":[{"embeddable":true,"href":"https:\/\/ermdigital.com\/index.php?rest_route=%2Fwp%2Fv2%2Fcomments&post=10327"}],"version-history":[{"count":0,"href":"https:\/\/ermdigital.com\/index.php?rest_route=\/wp\/v2\/posts\/10327\/revisions"}],"wp:featuredmedia":[{"embeddable":true,"href":"https:\/\/ermdigital.com\/index.php?rest_route=\/wp\/v2\/media\/10328"}],"wp:attachment":[{"href":"https:\/\/ermdigital.com\/index.php?rest_route=%2Fwp%2Fv2%2Fmedia&parent=10327"}],"wp:term":[{"taxonomy":"category","embeddable":true,"href":"https:\/\/ermdigital.com\/index.php?rest_route=%2Fwp%2Fv2%2Fcategories&post=10327"},{"taxonomy":"post_tag","embeddable":true,"href":"https:\/\/ermdigital.com\/index.php?rest_route=%2Fwp%2Fv2%2Ftags&post=10327"}],"curies":[{"name":"wp","href":"https:\/\/api.w.org\/{rel}","templated":true}]}}