{"id":10325,"date":"2026-04-01T10:17:35","date_gmt":"2026-04-01T14:17:35","guid":{"rendered":"https:\/\/ermdigital.com\/index.php\/2026\/04\/01\/infotep-fortalece-capacitacion-para-impulsar-desarrollo-turistico-en-samana\/"},"modified":"2026-04-01T10:17:35","modified_gmt":"2026-04-01T14:17:35","slug":"infotep-fortalece-capacitacion-para-impulsar-desarrollo-turistico-en-samana","status":"publish","type":"post","link":"https:\/\/ermdigital.com\/?p=10325","title":{"rendered":"Infotep fortalece capacitaci\u00f3n para impulsar desarrollo tur\u00edstico en Saman\u00e1"},"content":{"rendered":"<p><span class=\"field field--name-title field--type-string field--label-hidden\">Infotep fortalece capacitaci\u00f3n para impulsar desarrollo tur\u00edstico en Saman\u00e1<\/span><br \/>\n<span class=\"field field--name-uid field--type-entity-reference field--label-hidden\"><span>victorreyes<\/span><\/span><br \/>\n<span class=\"field field--name-created field--type-created field--label-hidden\"><time datetime=\"2026-04-01T10:17:35-04:00\" title=\"Mi\u00e9rcoles, Abril 1, 2026 - 10:17\" class=\"datetime\">1 de  Abril 2026 | 10:17<\/time><br \/>\n<\/span><\/p>\n<div class=\"clearfix text-formatted field field--name-body field--type-text-with-summary field--label-hidden field__item\">\n<p><span>Arroyo Barril, Saman\u00e1.- <strong>El Instituto Nacional de Formaci\u00f3n T\u00e9cnico Profesional<\/strong> (Infotep) present\u00f3 los avances de su <strong>programa de capacitaci\u00f3n<\/strong> en la provincia de <strong>Saman\u00e1,<\/strong> en el marco de una mesa de trabajo encabezada por el <strong>presidente de la Rep\u00fablica, Luis Abinader,<\/strong> orientada al <strong>desarrollo tur\u00edstico y portuario<\/strong> de la zona.<\/span><\/p>\n<p><span>La directora general del Infotep,<strong> Maira Morla Pineda,<\/strong> destac\u00f3 que la instituci\u00f3n ha impactado de manera sostenida el <strong>tejido productivo local<\/strong>, mediante acciones formativas dirigidas a elevar la <strong>calidad del servicio<\/strong> y fortalecer las <strong>capacidades del talento humano<\/strong>.<\/span><\/p>\n<p><em><span>\u201cEstamos alineando la formaci\u00f3n t\u00e9cnico-profesional con las demandas reales del desarrollo tur\u00edstico de Saman\u00e1, especialmente en Arroyo Barril, donde la apertura del puerto representa una oportunidad concreta de empleo y crecimiento econ\u00f3mico para la poblaci\u00f3n\u201d,<\/span><\/em><span> afirm\u00f3.<\/span><\/p>\n<p><span>Dijo que, durante el a\u00f1o 2025, el Infotep ejecut\u00f3 <strong>185 acciones formativas<\/strong> que beneficiaron a <strong>m\u00e1s de 3,300 participantes<\/strong> en la provincia, mientras que en el per\u00edodo enero-marzo de 2026 se han impartido <strong>76 capacitaciones<\/strong>, alcanzando a 1,368 personas, en articulaci\u00f3n con 41 empresas e instituciones.<\/span><\/p>\n<p><span>Indic\u00f3 que una de las principales prioridades ha sido el <strong>Cl\u00faster Tur\u00edstico de Saman\u00e1<\/strong>, donde se han desarrollado alrededor de 70 acciones formativas, impactando a m\u00e1s de <strong>1,300 participantes<\/strong> en \u00e1reas como servicios de cruceros, atenci\u00f3n al cliente y emprendimiento, en alineaci\u00f3n con la estrategia gubernamental de <strong>fortalecimiento del turismo<\/strong> y dinamizaci\u00f3n de las <strong>econom\u00edas locales.<\/strong><\/span><\/p>\n<p><span>Explic\u00f3 que estas acciones son parte del cumplimiento de las metas trazadas por el gobierno del <strong>presidente Luis Abinader<\/strong> y en consonancia con las pol\u00edticas p\u00fablicas orientadas al <strong>desarrollo productivo y la generaci\u00f3n de empleo.<\/strong><\/span><\/p>\n<p><img decoding=\"async\" data-entity-uuid=\"d5ea2526-6e5a-421f-a826-cbe910f64176\" data-entity-type=\"file\" src=\"https:\/\/www.presidencia.gob.do\/sites\/default\/files\/inline-images\/Mesa%20del%20Gobierno%20e%20instituciones%20vinculadas%20al%20desarrollo%20turi%CC%81stico%20y%20portuario%20en%20Arroyo%20Barril%2C%20Samana%CC%81.%20INFOTEP%20-.JPG\" width=\"4855\" height=\"2478\" loading=\"lazy\">\n<\/p>\n<p><span><strong>Impulso a Arroyo Barril como eje estrat\u00e9gico<\/strong><\/span><\/p>\n<p><span>La directora del \u00f3rgano rector de la formaci\u00f3n t\u00e9cnico-profesional resalt\u00f3 que el distrito municipal de <strong>Arroyo Barril<\/strong> se ha consolidado como un <strong>eje clave<\/strong> dentro de la intervenci\u00f3n institucional.<\/span><\/p>\n<p><span>En lo que va de 2026, se han ejecutado 16 acciones formativas en esta demarcaci\u00f3n, beneficiando a <strong>312 participantes<\/strong>, adem\u00e1s de la capacitaci\u00f3n de 74 personas en t\u00e9cnicas de <strong>artesan\u00eda para turismo.<\/strong><\/span><\/p>\n<p><span>Las \u00e1reas de formaci\u00f3n incluyen, adem\u00e1s, manicura, pedicura y dise\u00f1o de u\u00f1as, <strong>ingl\u00e9s b\u00e1sico,<\/strong> servicios auxiliares de contabilidad y reparaci\u00f3n de equipos dom\u00e9sticos de refrigeraci\u00f3n, ampliando las oportunidades de <strong>inserci\u00f3n laboral y emprendimiento<\/strong>.<\/span><\/p>\n<p><span>Como parte de las acciones en curso, el Infotep iniciar\u00e1 un diplomado especializado en <strong>puertos de crucero<\/strong>, con el objetivo de preparar el talento humano que demandar\u00e1 la operaci\u00f3n del <strong>nuevo puerto tur\u00edstico<\/strong> en la zona.<\/span><\/p>\n<p><span>La presentaci\u00f3n de estos resultados se realiz\u00f3 en el marco de una <strong>mesa de trabajo conjunta\u00a0<\/strong>con autoridades del Gobierno, legisladores y representantes del sector privado vinculados al <strong>desarrollo tur\u00edstico y portuario de Saman\u00e1<\/strong>, reafirmando el compromiso interinstitucional con el <strong>crecimiento sostenible<\/strong> de la provincia.<\/span><\/p>\n<\/div>\n<div class=\"field field--name-field-image field--type-image field--label-hidden field__item\">  <img decoding=\"async\" loading=\"lazy\" src=\"https:\/\/www.presidencia.gob.do\/sites\/default\/files\/news\/2026-04\/Foto%20web_0.jpg\" width=\"1300\" height=\"730\" alt=\"Infotep\"><\/p>\n<\/div>\n<p>\u00a0Infotep fortalece capacitaci\u00f3n para impulsar desarrollo tur\u00edstico en Saman\u00e1<br \/>\nvictorreyes<br \/>\n1 de  Abril 2026 | 10:17<\/p>\n<p>            Arroyo Barril, Saman\u00e1.- El Instituto Nacional de Formaci\u00f3n T\u00e9cnico Profesional (Infotep) present\u00f3 los avances de su programa de capacitaci\u00f3n en la provincia de Saman\u00e1, en el marco de una mesa de trabajo encabezada por el presidente de la Rep\u00fablica, Luis Abinader, orientada al desarrollo tur\u00edstico y portuario de la zona.<br \/>\nLa directora general del Infotep, Maira Morla Pineda, destac\u00f3 que la instituci\u00f3n ha impactado de manera sostenida el tejido productivo local, mediante acciones formativas dirigidas a elevar la calidad del servicio y fortalecer las capacidades del talento humano.<br \/>\n\u201cEstamos alineando la formaci\u00f3n t\u00e9cnico-profesional con las demandas reales del desarrollo tur\u00edstico de Saman\u00e1, especialmente en Arroyo Barril, donde la apertura del puerto representa una oportunidad concreta de empleo y crecimiento econ\u00f3mico para la poblaci\u00f3n\u201d, afirm\u00f3.<br \/>\nDijo que, durante el a\u00f1o 2025, el Infotep ejecut\u00f3 185 acciones formativas que beneficiaron a m\u00e1s de 3,300 participantes en la provincia, mientras que en el per\u00edodo enero-marzo de 2026 se han impartido 76 capacitaciones, alcanzando a 1,368 personas, en articulaci\u00f3n con 41 empresas e instituciones.<br \/>\nIndic\u00f3 que una de las principales prioridades ha sido el Cl\u00faster Tur\u00edstico de Saman\u00e1, donde se han desarrollado alrededor de 70 acciones formativas, impactando a m\u00e1s de 1,300 participantes en \u00e1reas como servicios de cruceros, atenci\u00f3n al cliente y emprendimiento, en alineaci\u00f3n con la estrategia gubernamental de fortalecimiento del turismo y dinamizaci\u00f3n de las econom\u00edas locales.<br \/>\nExplic\u00f3 que estas acciones son parte del cumplimiento de las metas trazadas por el gobierno del presidente Luis Abinader y en consonancia con las pol\u00edticas p\u00fablicas orientadas al desarrollo productivo y la generaci\u00f3n de empleo.<\/p>\n<p>Impulso a Arroyo Barril como eje estrat\u00e9gico<br \/>\nLa directora del \u00f3rgano rector de la formaci\u00f3n t\u00e9cnico-profesional resalt\u00f3 que el distrito municipal de Arroyo Barril se ha consolidado como un eje clave dentro de la intervenci\u00f3n institucional.<br \/>\nEn lo que va de 2026, se han ejecutado 16 acciones formativas en esta demarcaci\u00f3n, beneficiando a 312 participantes, adem\u00e1s de la capacitaci\u00f3n de 74 personas en t\u00e9cnicas de artesan\u00eda para turismo.<br \/>\nLas \u00e1reas de formaci\u00f3n incluyen, adem\u00e1s, manicura, pedicura y dise\u00f1o de u\u00f1as, ingl\u00e9s b\u00e1sico, servicios auxiliares de contabilidad y reparaci\u00f3n de equipos dom\u00e9sticos de refrigeraci\u00f3n, ampliando las oportunidades de inserci\u00f3n laboral y emprendimiento.<br \/>\nComo parte de las acciones en curso, el Infotep iniciar\u00e1 un diplomado especializado en puertos de crucero, con el objetivo de preparar el talento humano que demandar\u00e1 la operaci\u00f3n del nuevo puerto tur\u00edstico en la zona.<br \/>\nLa presentaci\u00f3n de estos resultados se realiz\u00f3 en el marco de una mesa de trabajo conjunta\u00a0con autoridades del Gobierno, legisladores y representantes del sector privado vinculados al desarrollo tur\u00edstico y portuario de Saman\u00e1, reafirmando el compromiso interinstitucional con el crecimiento sostenible de la provincia.\u00a0\u00a0\u00a0<\/p>\n","protected":false},"excerpt":{"rendered":"<p>Infotep fortalece capacitaci\u00f3n para impulsar desarrollo tur\u00edstico en Saman\u00e1 victorreyes 1 de Abril 2026 | 10:17 Arroyo Barril, Saman\u00e1.- El Instituto Nacional de Formaci\u00f3n T\u00e9cnico Profesional (Infotep) present\u00f3 los avances de su programa de capacitaci\u00f3n en la provincia de Saman\u00e1, en el marco de una mesa de trabajo encabezada por el presidente de la Rep\u00fablica, [&hellip;]<\/p>\n","protected":false},"author":1,"featured_media":10326,"comment_status":"open","ping_status":"open","sticky":false,"template":"","format":"standard","meta":{"amp_status":"","footnotes":""},"categories":[8],"tags":[],"class_list":["post-10325","post","type-post","status-publish","format-standard","has-post-thumbnail","hentry","category-republica"],"_links":{"self":[{"href":"https:\/\/ermdigital.com\/index.php?rest_route=\/wp\/v2\/posts\/10325","targetHints":{"allow":["GET"]}}],"collection":[{"href":"https:\/\/ermdigital.com\/index.php?rest_route=\/wp\/v2\/posts"}],"about":[{"href":"https:\/\/ermdigital.com\/index.php?rest_route=\/wp\/v2\/types\/post"}],"author":[{"embeddable":true,"href":"https:\/\/ermdigital.com\/index.php?rest_route=\/wp\/v2\/users\/1"}],"replies":[{"embeddable":true,"href":"https:\/\/ermdigital.com\/index.php?rest_route=%2Fwp%2Fv2%2Fcomments&post=10325"}],"version-history":[{"count":0,"href":"https:\/\/ermdigital.com\/index.php?rest_route=\/wp\/v2\/posts\/10325\/revisions"}],"wp:featuredmedia":[{"embeddable":true,"href":"https:\/\/ermdigital.com\/index.php?rest_route=\/wp\/v2\/media\/10326"}],"wp:attachment":[{"href":"https:\/\/ermdigital.com\/index.php?rest_route=%2Fwp%2Fv2%2Fmedia&parent=10325"}],"wp:term":[{"taxonomy":"category","embeddable":true,"href":"https:\/\/ermdigital.com\/index.php?rest_route=%2Fwp%2Fv2%2Fcategories&post=10325"},{"taxonomy":"post_tag","embeddable":true,"href":"https:\/\/ermdigital.com\/index.php?rest_route=%2Fwp%2Fv2%2Ftags&post=10325"}],"curies":[{"name":"wp","href":"https:\/\/api.w.org\/{rel}","templated":true}]}}