{"id":10113,"date":"2026-03-31T19:33:48","date_gmt":"2026-03-31T23:33:48","guid":{"rendered":"https:\/\/ermdigital.com\/index.php\/2026\/03\/31\/sector-productivo-y-empresarios-se-comprometen-con-presidente-abinader-garantizar-abastecimiento-y-enfrentar-impacto-de-la-crisis-internacional\/"},"modified":"2026-03-31T19:33:48","modified_gmt":"2026-03-31T23:33:48","slug":"sector-productivo-y-empresarios-se-comprometen-con-presidente-abinader-garantizar-abastecimiento-y-enfrentar-impacto-de-la-crisis-internacional","status":"publish","type":"post","link":"https:\/\/ermdigital.com\/?p=10113","title":{"rendered":"Sector productivo y empresarios se comprometen con presidente Abinader garantizar abastecimiento y enfrentar impacto de la crisis internacional"},"content":{"rendered":"<p><span class=\"field field--name-title field--type-string field--label-hidden\">Sector productivo y empresarios se comprometen con presidente Abinader garantizar abastecimiento y enfrentar impacto de la crisis internacional<\/span><br \/>\n<span class=\"field field--name-uid field--type-entity-reference field--label-hidden\"><span>yamellrossi<\/span><\/span><br \/>\n<span class=\"field field--name-created field--type-created field--label-hidden\"><time datetime=\"2026-03-31T19:33:48-04:00\" title=\"Martes, Marzo 31, 2026 - 19:33\" class=\"datetime\">31 de  Marzo 2026 | 19:33<\/time><br \/>\n<\/span><\/p>\n<div class=\"clearfix text-formatted field field--name-body field--type-text-with-summary field--label-hidden field__item\">\n<p class=\"text-align-justify\"><span>Santo Domingo.- <strong>El presidente Luis Abinader<\/strong>\u00a0encabez\u00f3 este martes una <strong>reuni\u00f3n<\/strong>\u00a0con representantes de las <strong>principales asociaciones empresariales, industriales, comerciales y agr\u00edcolas <\/strong>del pa\u00eds, con quienes se acord\u00f3 coordinar <strong>acciones conjuntas <\/strong>para enfrentar los efectos de la <strong>actual crisis internacional<\/strong>\u00a0y proteger el <strong>poder adquisitivo<\/strong>\u00a0de los dominicanos, especialmente de los <strong>sectores m\u00e1s vulnerables.<\/strong><\/span><\/p>\n<p class=\"text-align-justify\"><span>Durante el encuentro, se estableci\u00f3 realizar <strong>una nueva reuni\u00f3n en dos semanas<\/strong>\u00a0para dar <strong>seguimiento<\/strong>\u00a0a estos temas y evaluar la evoluci\u00f3n de la situaci\u00f3n.<\/span><\/p>\n<p class=\"text-align-justify\"><span><strong>Vamos a superar la nueva crisis juntos<\/strong><\/span><\/p>\n<p class=\"text-align-justify\"><span>El encuentro se llev\u00f3 a cabo en el Sal\u00f3n Verde del Palacio Nacional, donde el jefe de Estado agradeci\u00f3 <strong>la presencia y disposici\u00f3n de los sectores productivos<\/strong>\u00a0para trabajar de manera coordinada, <strong>tal como se hizo en crisis anteriores,<\/strong>\u00a0como la del COVID-19 y la guerra en Ucrania.<\/span><\/p>\n<p class=\"text-align-justify\"><em><span>\u201cAnte la crisis mundial que todos conocemos, hemos procedido a coordinar acciones para mitigar, en la medida de lo posible, sus efectos. Ahora se nos presenta otra que vamos a superar juntos\u201d,<\/span><\/em><span>\u00a0afirm\u00f3 el presidente Abinader.<\/span><\/p>\n<p class=\"text-align-justify\"><span><strong>No existen razones para incrementos<\/strong><\/span><\/p>\n<p class=\"text-align-justify\"><span>Durante la reuni\u00f3n se analiz\u00f3 la <strong>evoluci\u00f3n de los precios<\/strong>, particularmente el<strong>\u00a0alza registrada en los hidrocarburos<\/strong>\u00a0debido a la situaci\u00f3n en el Golfo P\u00e9rsico. No obstante, se determin\u00f3 que en el caso de los <strong>alimentos no existen razones fundamentales para incrementos significativos<\/strong>, ya que la materia prima no ha experimentado aumentos importantes, salvo ligeras variaciones en algunos fletes.<\/span><\/p>\n<p class=\"text-align-justify\"><em><span>\u201cLe estamos dando seguimiento para proteger los precios de la canasta b\u00e1sica, esencialmente, y tambi\u00e9n de los dem\u00e1s productos que consumen masivamente los dominicanos\u201d,<\/span><\/em><span>\u00a0destac\u00f3 el mandatario.<\/span><\/p>\n<p class=\"text-align-justify\"><span><strong>Total cooperaci\u00f3n<\/strong><\/span><\/p>\n<p class=\"text-align-justify\"><span>El presidente Abinader valor\u00f3 la <strong>total cooperaci\u00f3n<\/strong>\u00a0del sector comercial, empresarial, industrial y agr\u00edcola, que se comprometi\u00f3 a <strong>coordinar<\/strong>\u00a0<strong>cualquier posible ajuste de precios con el Gobierno<\/strong>\u00a0para mitigar su impacto y evitar que los sectores m\u00e1s necesitados sufran las consecuencias de la crisis internacional.<\/span><\/p>\n<p class=\"text-align-justify\"><span>Acompa\u00f1aron al mandatario, <strong>Jos\u00e9 Ignacio Paliza<\/strong>, ministro administrativo de la Presidencia; <strong>Andr\u00e9s Bautista<\/strong>; de Industria, Comercio y Mipymes; <strong>Eduardo Sanz Lovat\u00f3n,<\/strong>\u00a0y, de Vivienda y Edificaciones, <strong>V\u00edctor \u201cIto\u201d Bison\u00f3<\/strong>, as\u00ed como el vocero de la Presidencia, <strong>F\u00e9lix Reyna<\/strong>.<\/span><\/p>\n<p class=\"text-align-justify\"><span>En la reuni\u00f3n con el presidente Abinader participaron los principales dirigentes del Consejo Nacional de la Empresa Privada <strong>(CONEP<\/strong>), la Asociaci\u00f3n de Industrias de la Rep\u00fablica Dominicana <strong>(AIRD)<\/strong>, la Organizaci\u00f3n Nacional de Empresarios Comerciales <strong>(ONEC)<\/strong>\u00a0y la Uni\u00f3n Nacional de Supermercados Econ\u00f3micos <strong>(UNASE)<\/strong>, as\u00ed como la<strong>\u00a0Junta Agropecuaria Empresarial<\/strong>, entre otros \u00a0representantes empresariales y comerciales del pa\u00eds.<\/span><\/p>\n<\/div>\n<div class=\"field field--name-field-image field--type-image field--label-hidden field__item\">  <img decoding=\"async\" loading=\"lazy\" src=\"https:\/\/www.presidencia.gob.do\/sites\/default\/files\/news\/2026-03\/1001470582.jpg\" width=\"4160\" height=\"2868\" alt=\"Presidente \"><\/p>\n<\/div>\n<p>\u00a0Sector productivo y empresarios se comprometen con presidente Abinader garantizar abastecimiento y enfrentar impacto de la crisis internacional<br \/>\nyamellrossi<br \/>\n31 de  Marzo 2026 | 19:33<\/p>\n<p>            Santo Domingo.- El presidente Luis Abinader\u00a0encabez\u00f3 este martes una reuni\u00f3n\u00a0con representantes de las principales asociaciones empresariales, industriales, comerciales y agr\u00edcolas del pa\u00eds, con quienes se acord\u00f3 coordinar acciones conjuntas para enfrentar los efectos de la actual crisis internacional\u00a0y proteger el poder adquisitivo\u00a0de los dominicanos, especialmente de los sectores m\u00e1s vulnerables.<br \/>\nDurante el encuentro, se estableci\u00f3 realizar una nueva reuni\u00f3n en dos semanas\u00a0para dar seguimiento\u00a0a estos temas y evaluar la evoluci\u00f3n de la situaci\u00f3n.<br \/>\nVamos a superar la nueva crisis juntos<br \/>\nEl encuentro se llev\u00f3 a cabo en el Sal\u00f3n Verde del Palacio Nacional, donde el jefe de Estado agradeci\u00f3 la presencia y disposici\u00f3n de los sectores productivos\u00a0para trabajar de manera coordinada, tal como se hizo en crisis anteriores,\u00a0como la del COVID-19 y la guerra en Ucrania.<br \/>\n\u201cAnte la crisis mundial que todos conocemos, hemos procedido a coordinar acciones para mitigar, en la medida de lo posible, sus efectos. Ahora se nos presenta otra que vamos a superar juntos\u201d,\u00a0afirm\u00f3 el presidente Abinader.<br \/>\nNo existen razones para incrementos<br \/>\nDurante la reuni\u00f3n se analiz\u00f3 la evoluci\u00f3n de los precios, particularmente el\u00a0alza registrada en los hidrocarburos\u00a0debido a la situaci\u00f3n en el Golfo P\u00e9rsico. No obstante, se determin\u00f3 que en el caso de los alimentos no existen razones fundamentales para incrementos significativos, ya que la materia prima no ha experimentado aumentos importantes, salvo ligeras variaciones en algunos fletes.<br \/>\n\u201cLe estamos dando seguimiento para proteger los precios de la canasta b\u00e1sica, esencialmente, y tambi\u00e9n de los dem\u00e1s productos que consumen masivamente los dominicanos\u201d,\u00a0destac\u00f3 el mandatario.<br \/>\nTotal cooperaci\u00f3n<br \/>\nEl presidente Abinader valor\u00f3 la total cooperaci\u00f3n\u00a0del sector comercial, empresarial, industrial y agr\u00edcola, que se comprometi\u00f3 a coordinar\u00a0cualquier posible ajuste de precios con el Gobierno\u00a0para mitigar su impacto y evitar que los sectores m\u00e1s necesitados sufran las consecuencias de la crisis internacional.<br \/>\nAcompa\u00f1aron al mandatario, Jos\u00e9 Ignacio Paliza, ministro administrativo de la Presidencia; Andr\u00e9s Bautista; de Industria, Comercio y Mipymes; Eduardo Sanz Lovat\u00f3n,\u00a0y, de Vivienda y Edificaciones, V\u00edctor \u201cIto\u201d Bison\u00f3, as\u00ed como el vocero de la Presidencia, F\u00e9lix Reyna.<br \/>\nEn la reuni\u00f3n con el presidente Abinader participaron los principales dirigentes del Consejo Nacional de la Empresa Privada (CONEP), la Asociaci\u00f3n de Industrias de la Rep\u00fablica Dominicana (AIRD), la Organizaci\u00f3n Nacional de Empresarios Comerciales (ONEC)\u00a0y la Uni\u00f3n Nacional de Supermercados Econ\u00f3micos (UNASE), as\u00ed como la\u00a0Junta Agropecuaria Empresarial, entre otros \u00a0representantes empresariales y comerciales del pa\u00eds.\u00a0\u00a0\u00a0<\/p>\n","protected":false},"excerpt":{"rendered":"<p>Sector productivo y empresarios se comprometen con presidente Abinader garantizar abastecimiento y enfrentar impacto de la crisis internacional yamellrossi 31 de Marzo 2026 | 19:33 Santo Domingo.- El presidente Luis Abinader\u00a0encabez\u00f3 este martes una reuni\u00f3n\u00a0con representantes de las principales asociaciones empresariales, industriales, comerciales y agr\u00edcolas del pa\u00eds, con quienes se acord\u00f3 coordinar acciones conjuntas para [&hellip;]<\/p>\n","protected":false},"author":1,"featured_media":10114,"comment_status":"open","ping_status":"open","sticky":false,"template":"","format":"standard","meta":{"amp_status":"","footnotes":""},"categories":[8],"tags":[],"class_list":["post-10113","post","type-post","status-publish","format-standard","has-post-thumbnail","hentry","category-republica"],"_links":{"self":[{"href":"https:\/\/ermdigital.com\/index.php?rest_route=\/wp\/v2\/posts\/10113","targetHints":{"allow":["GET"]}}],"collection":[{"href":"https:\/\/ermdigital.com\/index.php?rest_route=\/wp\/v2\/posts"}],"about":[{"href":"https:\/\/ermdigital.com\/index.php?rest_route=\/wp\/v2\/types\/post"}],"author":[{"embeddable":true,"href":"https:\/\/ermdigital.com\/index.php?rest_route=\/wp\/v2\/users\/1"}],"replies":[{"embeddable":true,"href":"https:\/\/ermdigital.com\/index.php?rest_route=%2Fwp%2Fv2%2Fcomments&post=10113"}],"version-history":[{"count":0,"href":"https:\/\/ermdigital.com\/index.php?rest_route=\/wp\/v2\/posts\/10113\/revisions"}],"wp:featuredmedia":[{"embeddable":true,"href":"https:\/\/ermdigital.com\/index.php?rest_route=\/wp\/v2\/media\/10114"}],"wp:attachment":[{"href":"https:\/\/ermdigital.com\/index.php?rest_route=%2Fwp%2Fv2%2Fmedia&parent=10113"}],"wp:term":[{"taxonomy":"category","embeddable":true,"href":"https:\/\/ermdigital.com\/index.php?rest_route=%2Fwp%2Fv2%2Fcategories&post=10113"},{"taxonomy":"post_tag","embeddable":true,"href":"https:\/\/ermdigital.com\/index.php?rest_route=%2Fwp%2Fv2%2Ftags&post=10113"}],"curies":[{"name":"wp","href":"https:\/\/api.w.org\/{rel}","templated":true}]}}