{"id":9886,"date":"2026-03-31T12:22:02","date_gmt":"2026-03-31T16:22:02","guid":{"rendered":"https:\/\/ermdigital.com\/index.php\/2026\/03\/31\/iran-estara-en-la-copa-del-mundo-dice-el-presidente-de-la-fifa\/"},"modified":"2026-03-31T12:22:02","modified_gmt":"2026-03-31T16:22:02","slug":"iran-estara-en-la-copa-del-mundo-dice-el-presidente-de-la-fifa","status":"publish","type":"post","link":"https:\/\/ermdigital.com\/index.php\/2026\/03\/31\/iran-estara-en-la-copa-del-mundo-dice-el-presidente-de-la-fifa\/","title":{"rendered":"\"Ir\u00e1n estar\u00e1 en la Copa del Mundo\", dice el presidente de la FIFA"},"content":{"rendered":"<p>\u00a0\u00a0<\/p>\n<p>\"<strong>Ir\u00e1n<\/strong> estar\u00e1 en la <strong>Copa del Mundo<\/strong>\", asegur\u00f3 este martes a la AFP el <strong>presidente de la FIFA<\/strong>, <strong>Gianni Infantino<\/strong>, presente en <strong>Antalya<\/strong>, en el sur de Turqu\u00eda, en un partido amistoso de la selecci\u00f3n iran\u00ed contra Costa Rica.<\/p>\n<p>\"Estamos aqu\u00ed para esto. Nos congratulamos porque es un equipo muy, muy fuerte. Estoy <strong>muy contento<\/strong>\", a\u00f1adi\u00f3 el <strong>patr\u00f3n del f\u00fatbol<\/strong> mundial durante el descanso del partido.<\/p>\n<p>\"<strong>He visto al equipo<\/strong>, <strong>he hablado<\/strong> con los jugadores, con el entrenador, as\u00ed que todo va bien\", a\u00f1adi\u00f3 Infantino, precisando que \"<strong>los partidos<\/strong> se jugar\u00e1n donde tengan que jugarse, seg\u00fan el sorteo\".<\/p>\n<p><strong>Ir\u00e1n<\/strong> hab\u00eda pedido disputar sus encuentros de la <strong>primera fase<\/strong> del torneo (del 11 de junio al 19 de julio) en <strong>M\u00e9xico<\/strong> y no en Estados Unidos, como determin\u00f3 el sorteo.<\/p>\n<p>Seg\u00fan el calendario oficial, en la <strong>primera fase<\/strong> del Mundial <strong>Ir\u00e1n<\/strong> deber\u00e1 enfrentarse a <strong>Nueva Zelanda<\/strong> y <strong>B\u00e9lgica<\/strong> en <strong>Los \u00c1ngeles<\/strong> y luego a Egipto en Seattle.<\/p>\n<p>El <strong>presidente de la FIFA<\/strong>, cuya presencia en <strong>Antalya<\/strong> no hab\u00eda sido anunciada, se instal\u00f3 en la <strong>tribuna<\/strong> poco antes del inicio del encuentro y pos\u00f3 para unas fotos con varios miembros de la federaci\u00f3n iran\u00ed, constat\u00f3 un periodista de la AFP.<\/p>\n<p>A mediados de marzo, el presidente de la Federaci\u00f3n Iran\u00ed de F\u00fatbol, <strong>Mehdi Taj<\/strong>, indic\u00f3 que <strong>negociaba<\/strong> con la <strong>FIFA<\/strong> para que <strong>los partidos<\/strong> de <strong>Ir\u00e1n<\/strong> se disputaran en <strong>M\u00e9xico<\/strong> y no en suelo estadounidense, como est\u00e1 previsto.<\/p>\n<p>Descartando cualquier cambio \u2014cuando incluso <strong>Donald Trump<\/strong> consider\u00f3 que los <strong>jugadores iran\u00edes<\/strong> no estar\u00edan \"seguros\" en Estados Unidos\u2014, la <strong>FIFA<\/strong> subray\u00f3 que la competici\u00f3n, prevista del 11 de junio al 19 de julio, \"se celebrar\u00e1 como estaba previsto\".<\/p>\n<ul class=\"list-text\">\n<li>Su\u00a0<strong>campo base<\/strong>\u00a0para el torneo est\u00e1 previsto en\u00a0<strong>Tucson<\/strong>, en\u00a0<strong>Arizona<\/strong>.<\/li>\n<\/ul>\n<div class=\"w-full pt-2 float-left inside-related\"><strong>RELACIONADAS<\/strong><\/p>\n<article class=\"flex flex-wrap border-b pb-4 mb-3 inline-block\">\n<div class=\"xl:w-2\/12 w-4\/12\">\n<figure class=\"mb-0\"><img loading=\"lazy\" decoding=\"async\" src=\"https:\/\/resources.diariolibre.com\/images\/2026\/03\/29\/mundial-2026-mexico-y-portugal-empatan-0-0-en-reapertura-azteca-b1754406-focus-min0.02-0.46-149-99.jpg\" width=\"149\" height=\"99\" title=\"M\u00e9xico y Portugal empatan en la reapertura del estadio Azteca para el Mundial 2026\" alt=\"M\u00e9xico y Portugal empatan en la reapertura del estadio Azteca para el Mundial 2026\" class=\"object-cover\" \/><\/figure>\n<\/div>\n<\/article>\n<\/div>\n<div class=\"border-t border-b py-2 my-5 tags-container\"><strong>TEMAS &#8211; <\/strong><\/p>\n<ul>\n<li><\/li>\n<li>\n<div class=\"inline-block border p-2 rounded-full align-middle\">\n<p><a href=\"https:\/\/www.diariolibre.com\/tags\/gianni-infantino\/1900\" title=\"Gianni Infantino\">Gianni Infantino<\/a><\/p>\n<\/div>\n<\/li>\n<li><\/li>\n<li>\n<div class=\"inline-block border p-2 rounded-full align-middle\">\n<p><a href=\"https:\/\/www.diariolibre.com\/tags\/mundial-2026\/74292\" title=\"Mundial 2026\">Mundial 2026<\/a><\/p>\n<\/div>\n<\/li>\n<li>\n<div class=\"inline-block border p-2 rounded-full align-middle\">\n<p><a href=\"https:\/\/www.diariolibre.com\/tags\/copa-mundial-2026\/78071\" title=\"Copa Mundial 2026\">Copa Mundial 2026<\/a><\/p>\n<\/div>\n<\/li>\n<\/ul>\n<\/div>\n<p>\u00a0<\/p>\n","protected":false},"excerpt":{"rendered":"<p>\u00a0\u00a0 \"Ir\u00e1n estar\u00e1 en la Copa del Mundo\", asegur\u00f3 este martes a la AFP el presidente de la FIFA, Gianni Infantino, presente en Antalya, en el sur de Turqu\u00eda, en un partido amistoso de la selecci\u00f3n iran\u00ed contra Costa Rica. \"Estamos aqu\u00ed para esto. Nos congratulamos porque es un equipo muy, muy fuerte. Estoy muy [&hellip;]<\/p>\n","protected":false},"author":1,"featured_media":9887,"comment_status":"open","ping_status":"open","sticky":false,"template":"","format":"standard","meta":{"amp_status":"","footnotes":""},"categories":[4],"tags":[],"class_list":["post-9886","post","type-post","status-publish","format-standard","has-post-thumbnail","hentry","category-deportes"],"_links":{"self":[{"href":"https:\/\/ermdigital.com\/index.php\/wp-json\/wp\/v2\/posts\/9886","targetHints":{"allow":["GET"]}}],"collection":[{"href":"https:\/\/ermdigital.com\/index.php\/wp-json\/wp\/v2\/posts"}],"about":[{"href":"https:\/\/ermdigital.com\/index.php\/wp-json\/wp\/v2\/types\/post"}],"author":[{"embeddable":true,"href":"https:\/\/ermdigital.com\/index.php\/wp-json\/wp\/v2\/users\/1"}],"replies":[{"embeddable":true,"href":"https:\/\/ermdigital.com\/index.php\/wp-json\/wp\/v2\/comments?post=9886"}],"version-history":[{"count":0,"href":"https:\/\/ermdigital.com\/index.php\/wp-json\/wp\/v2\/posts\/9886\/revisions"}],"wp:featuredmedia":[{"embeddable":true,"href":"https:\/\/ermdigital.com\/index.php\/wp-json\/wp\/v2\/media\/9887"}],"wp:attachment":[{"href":"https:\/\/ermdigital.com\/index.php\/wp-json\/wp\/v2\/media?parent=9886"}],"wp:term":[{"taxonomy":"category","embeddable":true,"href":"https:\/\/ermdigital.com\/index.php\/wp-json\/wp\/v2\/categories?post=9886"},{"taxonomy":"post_tag","embeddable":true,"href":"https:\/\/ermdigital.com\/index.php\/wp-json\/wp\/v2\/tags?post=9886"}],"curies":[{"name":"wp","href":"https:\/\/api.w.org\/{rel}","templated":true}]}}