{"id":9846,"date":"2026-03-31T11:21:54","date_gmt":"2026-03-31T15:21:54","guid":{"rendered":"https:\/\/ermdigital.com\/index.php\/2026\/03\/31\/jorge-polanco-juega-a-pesar-de-problemas-en-el-talon-de-aquiles\/"},"modified":"2026-03-31T11:21:54","modified_gmt":"2026-03-31T15:21:54","slug":"jorge-polanco-juega-a-pesar-de-problemas-en-el-talon-de-aquiles","status":"publish","type":"post","link":"https:\/\/ermdigital.com\/index.php\/2026\/03\/31\/jorge-polanco-juega-a-pesar-de-problemas-en-el-talon-de-aquiles\/","title":{"rendered":"Jorge Polanco juega a pesar de problemas en el tal\u00f3n de Aquiles"},"content":{"rendered":"<p>\u00a0\u00a0<\/p>\n<p>El dominicano <strong>Jorge Polanco<\/strong> est\u00e1 <strong>jugando<\/strong> a pesar de un peque\u00f1o problema en el <strong>tal\u00f3n de Aquiles<\/strong>, seg\u00fan reportes cercanos al equipo.<\/p>\n<p>Esto explica por qu\u00e9 <strong>Polanco<\/strong> ha estado limitado a ser <strong>bateador designado<\/strong> en los \u00faltimos dos juegos, con <strong>Jared Young<\/strong> y Brett Baty altern\u00e1ndose en la primera base. <\/p>\n<p>La buena noticia es que el jugador de <strong>32 a\u00f1os<\/strong> no est\u00e1 lidiando con ning\u00fan problema relacionado con la rodilla, una zona en la que ha tenido muchas situaciones en el pasado. <\/p>\n<p>Parece ser una <strong>situaci\u00f3n manejable<\/strong> para los <strong>Mets<\/strong>, quienes siguen siendo <strong>cautelosos<\/strong> con su nuevo primera base durante las primeras semanas de la temporada.<\/p>\n<ul class=\"list-text\">\n<li><strong>Polanco<\/strong>\u00a0acord\u00f3 con los\u00a0<strong>Mets<\/strong>\u00a0de Nueva York un contrato de dos a\u00f1os y 40 millones de d\u00f3lares en diciembre de\u00a0<strong>2025<\/strong>, tras rechazar una opci\u00f3n con Seattle.<\/li>\n<\/ul>\n<p>En <strong>2025<\/strong>, <strong>bate\u00f3 .265<\/strong> con <strong>26 jonrones<\/strong> y 78 carreras impulsadas en 138 juegos, destac\u00e1ndose tambi\u00e9n con actuaciones clave en postemporada, incluyendo dos cuadrangulares en la Serie Divisional y un hit decisivo de 15 entradas que impuls\u00f3 a Seattle a la Serie de Campeonato de la Liga Americana.<\/p>\n<p>A lo largo de su carrera en <strong>Grandes Ligas<\/strong>, dividida entre los <strong>Minnesota Twins<\/strong> y los Mariners, <strong>Polanco<\/strong> ha acumulado una l\u00ednea ofensiva de .263 de promedio con 154 cuadrangulares y 570 carreras impulsadas, adem\u00e1s de haber sido convocado al Juego de Estrellas en 2019.\u00a0<\/p>\n<div class=\"w-full pt-2 float-left inside-related\"><strong>RELACIONADAS<\/strong><\/p>\n<article class=\"flex flex-wrap border-b pb-4 mb-3 inline-block\">\n<div class=\"xl:w-2\/12 w-4\/12\">\n<figure class=\"mb-0\"><img loading=\"lazy\" decoding=\"async\" src=\"https:\/\/resources.diariolibre.com\/images\/2026\/03\/27\/mlb-freddy-peralta-debuta-con-triunfo-y-mets-castigan-a-skenes-fb1c865c-focus-min0.06-0.49-149-99.jpg\" width=\"149\" height=\"99\" title=\"Freddy Peralta debuta con triunfo y Mets castigan a Skenes en el inicio\" alt=\"Freddy Peralta debuta con triunfo y Mets castigan a Skenes en el inicio\" class=\"object-cover\" \/><\/figure>\n<\/div>\n<\/article>\n<\/div>\n<div class=\"border-t border-b py-2 my-5 tags-container\"><strong>TEMAS &#8211; <\/strong><\/p>\n<ul>\n<li>\n<div class=\"inline-block border p-2 rounded-full align-middle\">\n<p><a href=\"https:\/\/www.diariolibre.com\/tags\/jorge-polanco\/2624\" title=\"Jorge Polanco\">Jorge Polanco<\/a><\/p>\n<\/div>\n<\/li>\n<li>\n<div class=\"inline-block border p-2 rounded-full align-middle\">\n<p><a href=\"https:\/\/www.diariolibre.com\/tags\/mets-de-nueva-york\/6482\" title=\"Mets de Nueva York\">Mets de Nueva York<\/a><\/p>\n<\/div>\n<\/li>\n<li>\n<div class=\"inline-block border p-2 rounded-full align-middle\">\n<p><a href=\"https:\/\/www.diariolibre.com\/tags\/talon-de-aquiles\/104422\" title=\"tal\u00f3n de aquiles\">tal\u00f3n de aquiles<\/a><\/p>\n<\/div>\n<\/li>\n<li>\n<div class=\"inline-block border p-2 rounded-full align-middle\">\n<p><a href=\"https:\/\/www.diariolibre.com\/tags\/seattle-mariners\/64455\" title=\"Seattle Mariners\">Seattle Mariners<\/a><\/p>\n<\/div>\n<\/li>\n<\/ul>\n<\/div>\n<p>\u00a0<\/p>\n","protected":false},"excerpt":{"rendered":"<p>\u00a0\u00a0 El dominicano Jorge Polanco est\u00e1 jugando a pesar de un peque\u00f1o problema en el tal\u00f3n de Aquiles, seg\u00fan reportes cercanos al equipo. Esto explica por qu\u00e9 Polanco ha estado limitado a ser bateador designado en los \u00faltimos dos juegos, con Jared Young y Brett Baty altern\u00e1ndose en la primera base. La buena noticia es [&hellip;]<\/p>\n","protected":false},"author":1,"featured_media":9847,"comment_status":"open","ping_status":"open","sticky":false,"template":"","format":"standard","meta":{"amp_status":"","footnotes":""},"categories":[4],"tags":[],"class_list":["post-9846","post","type-post","status-publish","format-standard","has-post-thumbnail","hentry","category-deportes"],"_links":{"self":[{"href":"https:\/\/ermdigital.com\/index.php\/wp-json\/wp\/v2\/posts\/9846","targetHints":{"allow":["GET"]}}],"collection":[{"href":"https:\/\/ermdigital.com\/index.php\/wp-json\/wp\/v2\/posts"}],"about":[{"href":"https:\/\/ermdigital.com\/index.php\/wp-json\/wp\/v2\/types\/post"}],"author":[{"embeddable":true,"href":"https:\/\/ermdigital.com\/index.php\/wp-json\/wp\/v2\/users\/1"}],"replies":[{"embeddable":true,"href":"https:\/\/ermdigital.com\/index.php\/wp-json\/wp\/v2\/comments?post=9846"}],"version-history":[{"count":0,"href":"https:\/\/ermdigital.com\/index.php\/wp-json\/wp\/v2\/posts\/9846\/revisions"}],"wp:featuredmedia":[{"embeddable":true,"href":"https:\/\/ermdigital.com\/index.php\/wp-json\/wp\/v2\/media\/9847"}],"wp:attachment":[{"href":"https:\/\/ermdigital.com\/index.php\/wp-json\/wp\/v2\/media?parent=9846"}],"wp:term":[{"taxonomy":"category","embeddable":true,"href":"https:\/\/ermdigital.com\/index.php\/wp-json\/wp\/v2\/categories?post=9846"},{"taxonomy":"post_tag","embeddable":true,"href":"https:\/\/ermdigital.com\/index.php\/wp-json\/wp\/v2\/tags?post=9846"}],"curies":[{"name":"wp","href":"https:\/\/api.w.org\/{rel}","templated":true}]}}