{"id":9790,"date":"2026-03-31T10:00:39","date_gmt":"2026-03-31T14:00:39","guid":{"rendered":"https:\/\/ermdigital.com\/index.php\/2026\/03\/31\/el-misterio-del-astronauta-enfermo-un-tripulante-de-la-estacion-espacial-internacional-perdio-el-habla-y-la-nasa-no-sabe-por-que\/"},"modified":"2026-03-31T10:00:39","modified_gmt":"2026-03-31T14:00:39","slug":"el-misterio-del-astronauta-enfermo-un-tripulante-de-la-estacion-espacial-internacional-perdio-el-habla-y-la-nasa-no-sabe-por-que","status":"publish","type":"post","link":"https:\/\/ermdigital.com\/index.php\/2026\/03\/31\/el-misterio-del-astronauta-enfermo-un-tripulante-de-la-estacion-espacial-internacional-perdio-el-habla-y-la-nasa-no-sabe-por-que\/","title":{"rendered":"El misterio del astronauta enfermo: un tripulante de la Estaci\u00f3n Espacial Internacional perdi\u00f3 el habla y la NASA no sabe por qu\u00e9"},"content":{"rendered":"<p>\n      <img decoding=\"async\" src=\"https:\/\/i.blogs.es\/60f665\/111\/1024_2000.jpeg\" alt=\"El misterio del astronauta enfermo: un tripulante de la Estaci\u00f3n Espacial Internacional perdi\u00f3 el habla y la NASA no sabe por qu\u00e9\">\n    <\/p>\n<p>El pasado mes de enero, cuatro astronautas tuvieron que abandonar la Estaci\u00f3n Espacial Internacional antes de tiempo por una emergencia m\u00e9dica. En su momento se se\u00f1al\u00f3 que se deb\u00eda a los <a class=\"text-outboundlink\" href=\"https:\/\/www.xataka.com\/medicina-y-salud\/tres-hallazgos-sangre-astronautas-han-encendido-todas-alarmas-ir-a-marte-sera-peligroso-previsto\" data-vars-post-title=\"Tenemos un grave problema en nuestros planes para colonizar Marte: la sangre de los astronautas est\u00e1 mutando\" data-vars-post-url=\"https:\/\/www.xataka.com\/medicina-y-salud\/tres-hallazgos-sangre-astronautas-han-encendido-todas-alarmas-ir-a-marte-sera-peligroso-previsto\">problemas de salud de uno de los astronautas<\/a>. Sin embargo, en ning\u00fan momento se aclar\u00f3 cu\u00e1l de ellos era, con el fin de preservar su intimidad. Con el tiempo, la NASA ha dejado caer algunos nuevos datos con cuentagotas. Ahora, ya sabemos qui\u00e9n fue y por qu\u00e9, pero la causa de su padecimiento sigue siendo un misterio.<\/p>\n<p><!-- BREAK 1 --><\/p>\n<p><\/p>\n<p><strong>Los hechos<\/strong>: A principios de enero, <a rel=\"noopener, noreferrer\" href=\"https:\/\/www.sciencealert.com\/nasa-evacuating-iss-crew-after-unprecedented-medical-situation\">la NASA anunci\u00f3 la cancelaci\u00f3n de una caminata espacial<\/a> que tendr\u00edan que haber realizado los astronautas Michael Fincke y Zena Cardman. Apenas unas horas despu\u00e9s, se anunciaba la vuelta inminente a la Tierra de toda la Crew 11. Eso inclu\u00eda tanto a Fincke y Cardman como a Kimiya Yui, de la Agencia Espacial Japonesa (JAXA) y Oleg Platanov, de la Agencia Espacial Rusa (Roscosmos).<\/p>\n<p><!-- BREAK 2 --><\/p>\n<p><\/p>\n<p>Estaba planeado que el viaje de regreso se realizase en febrero, pero finalmente se llev\u00f3 a cabo el 15 de enero. En ese momento, la NASA a\u00fan no hab\u00eda anunciado cu\u00e1l de los tripulantes estaba enfermo. Solo se se\u00f1al\u00f3 que estaba estable y que tendr\u00eda que realizarse m\u00e1s pruebas.<\/p>\n<p><!-- BREAK 3 --><\/p>\n<div class=\"article-asset article-asset-normal article-asset-center\">\n<div class=\"desvio-container\">\n<div class=\"desvio\">\n<div class=\"desvio-figure js-desvio-figure\">\n    <a href=\"https:\/\/www.xataka.com\/espacio\/artemis-ii-hara-que-apolo-que-nos-llevo-a-luna-parezca-chabola-tendra-vater-privado\" class=\"pivot-outboundlink\" data-vars-post-title=\"Artemis II har\u00e1 que el Apolo que nos llev\u00f3 a la Luna parezca una infravivienda espacial: tendr\u00e1 hasta v\u00e1ter privado\"><br \/>\n     <img loading=\"lazy\" decoding=\"async\" alt=\"Artemis II har\u00e1 que el Apolo que nos llev\u00f3 a la Luna parezca una infravivienda espacial: tendr\u00e1 hasta v\u00e1ter privado\" width=\"375\" height=\"142\" src=\"https:\/\/i.blogs.es\/b5b4a0\/tripulacion-de-artemis-ii\/375_142.jpeg\"><br \/>\n    <\/a>\n   <\/div>\n<div class=\"desvio-summary\">\n<div class=\"desvio-taxonomy js-desvio-taxonomy\">\n     <a href=\"https:\/\/www.xataka.com\/espacio\/artemis-ii-hara-que-apolo-que-nos-llevo-a-luna-parezca-chabola-tendra-vater-privado\" class=\"desvio-taxonomy-anchor pivot-outboundlink\" data-vars-post-title=\"Artemis II har\u00e1 que el Apolo que nos llev\u00f3 a la Luna parezca una infravivienda espacial: tendr\u00e1 hasta v\u00e1ter privado\">En Xataka<\/a>\n    <\/div>\n<p>    <a href=\"https:\/\/www.xataka.com\/espacio\/artemis-ii-hara-que-apolo-que-nos-llevo-a-luna-parezca-chabola-tendra-vater-privado\" class=\"desvio-title js-desvio-title pivot-outboundlink\" data-vars-post-title=\"Artemis II har\u00e1 que el Apolo que nos llev\u00f3 a la Luna parezca una infravivienda espacial: tendr\u00e1 hasta v\u00e1ter privado\">Artemis II har\u00e1 que el Apolo que nos llev\u00f3 a la Luna parezca una infravivienda espacial: tendr\u00e1 hasta v\u00e1ter privado<\/a>\n   <\/div>\n<\/p><\/div>\n<\/p><\/div>\n<\/div>\n<p><\/p>\n<p><strong>Sin palabras en el espacio<\/strong>. Poco despu\u00e9s de aquella misteriosa emergencia m\u00e9dica, <a rel=\"noopener, noreferrer\" href=\"https:\/\/www.scientificamerican.com\/article\/nasa-astronaut-mike-fincke-identified-as-suffering-a-medical-event-on-iss\/\">la NASA anunci\u00f3 que el astronauta enfermo era Mike Fincke<\/a>. Sin embargo, en ese momento segu\u00eda sin aportar informaci\u00f3n sobre el padecimiento que les llev\u00f3 a \u00e9l y a sus compa\u00f1eros a volver a casa antes de tiempo. Ahora, por fin, sabemos qu\u00e9 pas\u00f3.\u00a0<\/p>\n<p><!-- BREAK 4 --><\/p>\n<p><\/p>\n<p><a rel=\"noopener, noreferrer\" href=\"https:\/\/www.nytimes.com\/2026\/03\/28\/science\/nasa-astronaut-medical-evaluation.html\">Seg\u00fan ha se\u00f1alado el propio Fincke en declaraciones a medios de comunicaci\u00f3n<\/a>, el 7 de enero, mientras com\u00eda con sus compa\u00f1eros, se dio cuenta de que no pod\u00eda hablar. Gracias a la r\u00e1pida intervenci\u00f3n de sus compa\u00f1eros y el apoyo en la distancia de los m\u00e9dicos de la NASA, se estabiliz\u00f3 inmediatamente. Sin embargo, era urgente volver a la Tierra para realizarle las pruebas pertinentes. El episodio no se ha vuelto a repetir y se ha descartado que fuese un ataque card\u00edaco o un derrame cerebral.<\/p>\n<p><!-- BREAK 5 --><\/p>\n<p><\/p>\n<p><strong>M\u00e1s pruebas<\/strong>. Posiblemente, Fincke se tendr\u00e1 que realizar m\u00e1s pruebas para que podamos saber por qu\u00e9 perdi\u00f3 el habla temporalmente. No obstante, \u00e9l mismo ha relatado que la NASA sospecha que pudiese tratarse de un efecto de su estancia en el espacio. Por eso, se est\u00e1n revisando los historiales m\u00e9dicos de otros astronautas, en busca de alg\u00fan episodio parecido al suyo.\u00a0<\/p>\n<p><!-- BREAK 6 --><\/p>\n<div class=\"article-asset-video article-asset-normal\">\n<div class=\"asset-content\">\n<div class=\"base-asset-video\">\n<div class=\"js-dailymotion\"><\/div>\n<\/p><\/div>\n<\/p><\/div>\n<\/div>\n<p><strong>Cerebro espacial<\/strong>. Vivir en el espacio puede afectar a la salud de muchas formas distintas. Todos los \u00f3rganos son susceptibles de sufrir los efectos de la microgravedad. En el caso del cerebro, <a rel=\"noopener, noreferrer\" href=\"https:\/\/theconversation.com\/living-in-space-can-change-where-your-brain-sits-in-your-skull-new-research-273663\">se ha comprobado que incluso puede desplazarse dentro del cr\u00e1neo<\/a>. No se sabe a ciencia cierta qu\u00e9 le pudo ocurrir a este astronauta de la NASA. Sin embargo, parece bastante probable que su emergencia m\u00e9dica fuese por este motivo.<\/p>\n<p><!-- BREAK 7 --><\/p>\n<p><\/p>\n<p><strong>\u00bfY ahora qu\u00e9?<\/strong> Si todo va bien con Artemis II, la NASA espera viajar a la Luna cada vez m\u00e1s regularmente e incluso llegar a construir all\u00ed una base espacial en alg\u00fan momento. Otras compa\u00f1\u00edas, como SpaceX, tienen el mismo sue\u00f1o. Por eso, es vital estudiar c\u00f3mo pueden afectar la microgravedad o las radiaciones c\u00f3smicas a la salud de los futuros colonizadores.\u00a0<\/p>\n<p><!-- BREAK 8 --><\/p>\n<div class=\"article-asset-image article-asset-normal article-asset-center\">\n<div class=\"asset-content\">\n<div class=\"caption-img \">\n<p>   <img decoding=\"async\" alt=\"Spacex Crew 11\" class=\"centro_sinmarco\" src=\"https:\/\/i.blogs.es\/ddcbab\/spacex-crew-11\/450_1000.jpeg\"><\/p>\n<p>        <span>Todos los astronautas de la Crew 11<\/span>\n   <\/div>\n<\/p><\/div>\n<\/div>\n<p>Los astronautas de la Estaci\u00f3n Espacial Internacional llevan mucho tiempo testeando este tipo de sucesos. Lo que le ha ocurrido a Fincke de momento es un misterio, pero l\u00f3gicamente es algo que se debe tener muy en cuenta. Habr\u00e1 que investigar lo que le pas\u00f3 para prevenir que vuelva a ocurrir, ya sea en la Estaci\u00f3n Espacial Internacional, en la Luna o en cualquier otro punto del espacio exterior al que llegue el ser humano.\u00a0<\/p>\n<p><!-- BREAK 9 --><\/p>\n<p>Imagen | NASA\u00a0| Unsplash<\/p>\n<p>En Xataka |\u00a0<a class=\"text-outboundlink\" href=\"https:\/\/www.xataka.com\/espacio\/viaje-artemis-ii-a-luna-llevara-tecnologia-madrilena-nasa-eligio-para-sistema-critico-nave\" data-vars-post-title=\"Tecnolog\u00eda espa\u00f1ola en el regreso a la Luna: el sistema dise\u00f1ado en Madrid que la NASA utilizar\u00e1 en Artemis II\" data-vars-post-url=\"https:\/\/www.xataka.com\/espacio\/viaje-artemis-ii-a-luna-llevara-tecnologia-madrilena-nasa-eligio-para-sistema-critico-nave\">Tecnolog\u00eda espa\u00f1ola en el regreso a la Luna: el sistema dise\u00f1ado en Madrid que la NASA utilizar\u00e1 en Artemis II<\/a><\/p>\n<p><\/p>\n<p> &#8211; <br \/> La noticia<br \/>\n      <a href=\"https:\/\/www.xataka.com\/espacio\/emergencia-medica-que-obligo-a-evacuar-eei-no-incognita-ahora-hay-nuevas-preguntas-responder?utm_source=feedburner&amp;utm_medium=feed&amp;utm_campaign=31_Mar_2026\"><br \/>\n       <em> El misterio del astronauta enfermo: un tripulante de la Estaci\u00f3n Espacial Internacional perdi\u00f3 el habla y la NASA no sabe por qu\u00e9 <\/em><br \/>\n      <\/a><br \/>\n      fue publicada originalmente en<br \/>\n      <a href=\"https:\/\/www.xataka.com\/?utm_source=feedburner&amp;utm_medium=feed&amp;utm_campaign=31_Mar_2026\"><br \/>\n       <strong> Xataka <\/strong><br \/>\n      <\/a><br \/>\n             por <a href=\"https:\/\/www.xataka.com\/autor\/azucena-martin?utm_source=feedburner&amp;utm_medium=feed&amp;utm_campaign=31_Mar_2026\"><br \/>\n        Azucena Mart\u00edn<br \/>\n       <\/a><br \/>\n      . <\/p>\n<p>\u00a0El pasado mes de enero, cuatro astronautas tuvieron que abandonar la Estaci\u00f3n Espacial Internacional antes de tiempo por una emergencia m\u00e9dica. En su momento se se\u00f1al\u00f3 que se deb\u00eda a los problemas de salud de uno de los astronautas. Sin embargo, en ning\u00fan momento se aclar\u00f3 cu\u00e1l de ellos era, con el fin de preservar su intimidad. Con el tiempo, la NASA ha dejado caer algunos nuevos datos con cuentagotas. Ahora, ya sabemos qui\u00e9n fue y por qu\u00e9, pero la causa de su padecimiento sigue siendo un misterio.<\/p>\n<p>Los hechos: A principios de enero, la NASA anunci\u00f3 la cancelaci\u00f3n de una caminata espacial que tendr\u00edan que haber realizado los astronautas Michael Fincke y Zena Cardman. Apenas unas horas despu\u00e9s, se anunciaba la vuelta inminente a la Tierra de toda la Crew 11. Eso inclu\u00eda tanto a Fincke y Cardman como a Kimiya Yui, de la Agencia Espacial Japonesa (JAXA) y Oleg Platanov, de la Agencia Espacial Rusa (Roscosmos).<\/p>\n<p>Estaba planeado que el viaje de regreso se realizase en febrero, pero finalmente se llev\u00f3 a cabo el 15 de enero. En ese momento, la NASA a\u00fan no hab\u00eda anunciado cu\u00e1l de los tripulantes estaba enfermo. Solo se se\u00f1al\u00f3 que estaba estable y que tendr\u00eda que realizarse m\u00e1s pruebas.<\/p>\n<p>     En Xataka<\/p>\n<p>    Artemis II har\u00e1 que el Apolo que nos llev\u00f3 a la Luna parezca una infravivienda espacial: tendr\u00e1 hasta v\u00e1ter privado<\/p>\n<p>Sin palabras en el espacio. Poco despu\u00e9s de aquella misteriosa emergencia m\u00e9dica, la NASA anunci\u00f3 que el astronauta enfermo era Mike Fincke. Sin embargo, en ese momento segu\u00eda sin aportar informaci\u00f3n sobre el padecimiento que les llev\u00f3 a \u00e9l y a sus compa\u00f1eros a volver a casa antes de tiempo. Ahora, por fin, sabemos qu\u00e9 pas\u00f3.\u00a0<\/p>\n<p>Seg\u00fan ha se\u00f1alado el propio Fincke en declaraciones a medios de comunicaci\u00f3n, el 7 de enero, mientras com\u00eda con sus compa\u00f1eros, se dio cuenta de que no pod\u00eda hablar. Gracias a la r\u00e1pida intervenci\u00f3n de sus compa\u00f1eros y el apoyo en la distancia de los m\u00e9dicos de la NASA, se estabiliz\u00f3 inmediatamente. Sin embargo, era urgente volver a la Tierra para realizarle las pruebas pertinentes. El episodio no se ha vuelto a repetir y se ha descartado que fuese un ataque card\u00edaco o un derrame cerebral.<\/p>\n<p>M\u00e1s pruebas. Posiblemente, Fincke se tendr\u00e1 que realizar m\u00e1s pruebas para que podamos saber por qu\u00e9 perdi\u00f3 el habla temporalmente. No obstante, \u00e9l mismo ha relatado que la NASA sospecha que pudiese tratarse de un efecto de su estancia en el espacio. Por eso, se est\u00e1n revisando los historiales m\u00e9dicos de otros astronautas, en busca de alg\u00fan episodio parecido al suyo.\u00a0<\/p>\n<p>Cerebro espacial. Vivir en el espacio puede afectar a la salud de muchas formas distintas. Todos los \u00f3rganos son susceptibles de sufrir los efectos de la microgravedad. En el caso del cerebro, se ha comprobado que incluso puede desplazarse dentro del cr\u00e1neo. No se sabe a ciencia cierta qu\u00e9 le pudo ocurrir a este astronauta de la NASA. Sin embargo, parece bastante probable que su emergencia m\u00e9dica fuese por este motivo.<\/p>\n<p>\u00bfY ahora qu\u00e9? Si todo va bien con Artemis II, la NASA espera viajar a la Luna cada vez m\u00e1s regularmente e incluso llegar a construir all\u00ed una base espacial en alg\u00fan momento. Otras compa\u00f1\u00edas, como SpaceX, tienen el mismo sue\u00f1o. Por eso, es vital estudiar c\u00f3mo pueden afectar la microgravedad o las radiaciones c\u00f3smicas a la salud de los futuros colonizadores.\u00a0<\/p>\n<p>        Todos los astronautas de la Crew 11<\/p>\n<p>Los astronautas de la Estaci\u00f3n Espacial Internacional llevan mucho tiempo testeando este tipo de sucesos. Lo que le ha ocurrido a Fincke de momento es un misterio, pero l\u00f3gicamente es algo que se debe tener muy en cuenta. Habr\u00e1 que investigar lo que le pas\u00f3 para prevenir que vuelva a ocurrir, ya sea en la Estaci\u00f3n Espacial Internacional, en la Luna o en cualquier otro punto del espacio exterior al que llegue el ser humano.\u00a0<\/p>\n<p>Imagen | NASA\u00a0| Unsplash<\/p>\n<p>En Xataka |\u00a0Tecnolog\u00eda espa\u00f1ola en el regreso a la Luna: el sistema dise\u00f1ado en Madrid que la NASA utilizar\u00e1 en Artemis II<\/p>\n<p>                 &#8211;  La noticia<\/p>\n<p>        El misterio del astronauta enfermo: un tripulante de la Estaci\u00f3n Espacial Internacional perdi\u00f3 el habla y la NASA no sabe por qu\u00e9 <\/p>\n<p>      fue publicada originalmente en<\/p>\n<p>        Xataka <\/p>\n<p>             por<br \/>\n        Azucena Mart\u00edn<\/p>\n<p>      .\u00a0\u00a0\u00a0<\/p>\n","protected":false},"excerpt":{"rendered":"<p>El pasado mes de enero, cuatro astronautas tuvieron que abandonar la Estaci\u00f3n Espacial Internacional antes de tiempo por una emergencia m\u00e9dica. En su momento se se\u00f1al\u00f3 que se deb\u00eda a los problemas de salud de uno de los astronautas. Sin embargo, en ning\u00fan momento se aclar\u00f3 cu\u00e1l de ellos era, con el fin de preservar [&hellip;]<\/p>\n","protected":false},"author":1,"featured_media":9791,"comment_status":"open","ping_status":"open","sticky":false,"template":"","format":"standard","meta":{"amp_status":"","footnotes":""},"categories":[6],"tags":[],"class_list":["post-9790","post","type-post","status-publish","format-standard","has-post-thumbnail","hentry","category-ciencia-y-tecnologia"],"_links":{"self":[{"href":"https:\/\/ermdigital.com\/index.php\/wp-json\/wp\/v2\/posts\/9790","targetHints":{"allow":["GET"]}}],"collection":[{"href":"https:\/\/ermdigital.com\/index.php\/wp-json\/wp\/v2\/posts"}],"about":[{"href":"https:\/\/ermdigital.com\/index.php\/wp-json\/wp\/v2\/types\/post"}],"author":[{"embeddable":true,"href":"https:\/\/ermdigital.com\/index.php\/wp-json\/wp\/v2\/users\/1"}],"replies":[{"embeddable":true,"href":"https:\/\/ermdigital.com\/index.php\/wp-json\/wp\/v2\/comments?post=9790"}],"version-history":[{"count":0,"href":"https:\/\/ermdigital.com\/index.php\/wp-json\/wp\/v2\/posts\/9790\/revisions"}],"wp:featuredmedia":[{"embeddable":true,"href":"https:\/\/ermdigital.com\/index.php\/wp-json\/wp\/v2\/media\/9791"}],"wp:attachment":[{"href":"https:\/\/ermdigital.com\/index.php\/wp-json\/wp\/v2\/media?parent=9790"}],"wp:term":[{"taxonomy":"category","embeddable":true,"href":"https:\/\/ermdigital.com\/index.php\/wp-json\/wp\/v2\/categories?post=9790"},{"taxonomy":"post_tag","embeddable":true,"href":"https:\/\/ermdigital.com\/index.php\/wp-json\/wp\/v2\/tags?post=9790"}],"curies":[{"name":"wp","href":"https:\/\/api.w.org\/{rel}","templated":true}]}}