{"id":9777,"date":"2026-03-31T08:37:43","date_gmt":"2026-03-31T12:37:43","guid":{"rendered":"https:\/\/ermdigital.com\/index.php\/2026\/03\/31\/espana-dice-que-su-relacion-con-ee-uu-es-fluida-y-normal-pese-al-choque-por-las-bases\/"},"modified":"2026-03-31T08:37:43","modified_gmt":"2026-03-31T12:37:43","slug":"espana-dice-que-su-relacion-con-ee-uu-es-fluida-y-normal-pese-al-choque-por-las-bases","status":"publish","type":"post","link":"https:\/\/ermdigital.com\/index.php\/2026\/03\/31\/espana-dice-que-su-relacion-con-ee-uu-es-fluida-y-normal-pese-al-choque-por-las-bases\/","title":{"rendered":"Espa\u00f1a dice que su relaci\u00f3n con EE.UU. es fluida y normal, pese al choque por las bases"},"content":{"rendered":"<p><strong>Madrid.-<\/strong> La <strong>portavoz del Gobierno espa\u00f1ol<\/strong>, <strong>Elma Saiz<\/strong>, asegur\u00f3 este martes que las relaciones con EE.UU. son<strong> \"absolutamente fluidas y normales\"<\/strong>, a pesar de que Espa\u00f1a haya prohibido que las fuerzas norteamericanas usen su espacio a\u00e9reo y las bases de Rota y Mor\u00f3n para las operaciones militares contra Ir\u00e1n.<\/p>\n<p>\"Somos un socio fiable\", insisti\u00f3 Elma Saiz en una rueda de prensa despu\u00e9s de que el lunes el secretario de Estado estadounidense, Marco Rubio, advirtiera de que su pa\u00eds deber\u00e1 \"revisar\" la relaci\u00f3n con la <a href=\"https:\/\/www.nato.int\/en\" data-type=\"link\" data-id=\"https:\/\/www.nato.int\/en\" target=\"_blank\" rel=\"noopener\">OTAN<\/a> cuando haya terminado esta guerra, debido a la negativa de Espa\u00f1a y de otros pa\u00edses, como Italia, a permitirle usar las bases.<\/p>\n<p>Seg\u00fan el Ejecutivo espa\u00f1ol, muestra de las buenas relaciones bilaterales, adem\u00e1s de las gubernamentales, es, por ejemplo, que Espa\u00f1a cuenta con cinco oficinas comerciales en Estados Unidos y abrir\u00e1 dos m\u00e1s.<\/p>\n<h2 class=\"wp-block-heading\">En cualquier caso, la portavoz volvi\u00f3 a dejar claro que el lugar de Espa\u00f1a est\u00e1 \"siempre\" al lado del derecho internacional, lo que no supone \"en modo alguno\" la ruptura del v\u00ednculo trasatl\u00e1ntico.<\/h2>\n<p>Tambi\u00e9n dijo Saiz que la grave crisis b\u00e9lica de Oriente Medio ha cruzado un nuevo l\u00edmite con los \u00faltimos ataques en el L\u00edbano, que aparte de provocar muertos, heridos y millones de desplazados civiles, ha causado la muerte en menos de 24 horas a tres cascos azules en el L\u00edbano, una agresi\u00f3n \"injustificable\".<\/p>\n<p><strong>Te puede interesar: <\/strong><a href=\"https:\/\/deultimominuto.net\/internacionales\/espana-cierra-su-espacio-aereo-a-vuelos-militares-de-ee-uu-vinculados-a-operacion-contra-iran\/\" data-type=\"link\" data-id=\"https:\/\/deultimominuto.net\/internacionales\/espana-cierra-su-espacio-aereo-a-vuelos-militares-de-ee-uu-vinculados-a-operacion-contra-iran\/\">Espa\u00f1a cierra su espacio a\u00e9reo a vuelos militares de EE.UU. vinculados a operaci\u00f3n contra Ir\u00e1n<\/a><\/p>\n<p>A su vez, el <strong>ministro espa\u00f1ol de Asuntos Exteriores, Jos\u00e9 Manuel Albares<\/strong>, recalc\u00f3 que Espa\u00f1a es un aliado de la OTAN \"absolutamente imprescindible\" y comprometido con la seguridad euroatl\u00e1ntica, como con el derecho internacional y Naciones Unidas.<\/p>\n<p>En unas declaraciones a Televisi\u00f3n Espa\u00f1ola, asegur\u00f3 que no teme \"absolutamente nada\" que pueda haber represalias por parte de EE.UU.: \u00a1\"C\u00f3mo va a temer alg\u00fan pa\u00eds algo por defender el derecho internacional y los principios de la ONU!\", argument\u00f3 Albares.<\/p>\n<p>Por el contrario, la oposici\u00f3n conservadora advirti\u00f3 este martes de que Espa\u00f1a no puede permitirse iniciar un conflicto internacional con Estados Unidos por los \"numeritos\" del presidente del Gobierno, el socialista Pedro S\u00e1nchez, a quien acus\u00f3 de poner en riesgo la seguridad nacional.<\/p>\n<p>En este contexto, la <strong>portavoz parlamentaria del derechista Partido Popular, Ester Mu\u00f1oz<\/strong>, denunci\u00f3 en una rueda de prensa la \"irresponsbilidad\" del Gobierno en sus relaciones con la administraci\u00f3n del presidente Donald Trump.<\/p>\n<p>\u200bMadrid.- La portavoz del Gobierno espa\u00f1ol, Elma Saiz, asegur\u00f3 este martes que las relaciones con EE.UU. son \"absolutamente fluidas y normales\", a pesar de que Espa\u00f1a haya prohibido que las fuerzas norteamericanas usen su espacio a\u00e9reo y las bases de Rota y Mor\u00f3n para las operaciones militares contra Ir\u00e1n. \"Somos un socio fiable\", insisti\u00f3 Elma\u00a0\u00a0Internacionales, EE.UU, Espa\u00f1a, Estados Unidos, Ir\u00e1n\u00a0\u00a0<\/p>\n","protected":false},"excerpt":{"rendered":"<p>Madrid.- La portavoz del Gobierno espa\u00f1ol, Elma Saiz, asegur\u00f3 este martes que las relaciones con EE.UU. son \"absolutamente fluidas y normales\", a pesar de que Espa\u00f1a haya prohibido que las fuerzas norteamericanas usen su espacio a\u00e9reo y las bases de Rota y Mor\u00f3n para las operaciones militares contra Ir\u00e1n. \"Somos un socio fiable\", insisti\u00f3 Elma [&hellip;]<\/p>\n","protected":false},"author":1,"featured_media":9778,"comment_status":"open","ping_status":"open","sticky":false,"template":"","format":"standard","meta":{"amp_status":"","footnotes":""},"categories":[3],"tags":[],"class_list":["post-9777","post","type-post","status-publish","format-standard","has-post-thumbnail","hentry","category-de-ultimo-minuto"],"_links":{"self":[{"href":"https:\/\/ermdigital.com\/index.php\/wp-json\/wp\/v2\/posts\/9777","targetHints":{"allow":["GET"]}}],"collection":[{"href":"https:\/\/ermdigital.com\/index.php\/wp-json\/wp\/v2\/posts"}],"about":[{"href":"https:\/\/ermdigital.com\/index.php\/wp-json\/wp\/v2\/types\/post"}],"author":[{"embeddable":true,"href":"https:\/\/ermdigital.com\/index.php\/wp-json\/wp\/v2\/users\/1"}],"replies":[{"embeddable":true,"href":"https:\/\/ermdigital.com\/index.php\/wp-json\/wp\/v2\/comments?post=9777"}],"version-history":[{"count":0,"href":"https:\/\/ermdigital.com\/index.php\/wp-json\/wp\/v2\/posts\/9777\/revisions"}],"wp:featuredmedia":[{"embeddable":true,"href":"https:\/\/ermdigital.com\/index.php\/wp-json\/wp\/v2\/media\/9778"}],"wp:attachment":[{"href":"https:\/\/ermdigital.com\/index.php\/wp-json\/wp\/v2\/media?parent=9777"}],"wp:term":[{"taxonomy":"category","embeddable":true,"href":"https:\/\/ermdigital.com\/index.php\/wp-json\/wp\/v2\/categories?post=9777"},{"taxonomy":"post_tag","embeddable":true,"href":"https:\/\/ermdigital.com\/index.php\/wp-json\/wp\/v2\/tags?post=9777"}],"curies":[{"name":"wp","href":"https:\/\/api.w.org\/{rel}","templated":true}]}}