{"id":9775,"date":"2026-03-31T08:49:29","date_gmt":"2026-03-31T12:49:29","guid":{"rendered":"https:\/\/ermdigital.com\/index.php\/2026\/03\/31\/apple-cumple-medio-siglo-del-garaje-de-jobs-a-la-carrera-de-la-ia\/"},"modified":"2026-03-31T08:49:29","modified_gmt":"2026-03-31T12:49:29","slug":"apple-cumple-medio-siglo-del-garaje-de-jobs-a-la-carrera-de-la-ia","status":"publish","type":"post","link":"https:\/\/ermdigital.com\/index.php\/2026\/03\/31\/apple-cumple-medio-siglo-del-garaje-de-jobs-a-la-carrera-de-la-ia\/","title":{"rendered":"Apple cumple medio siglo: del garaje de Jobs a la carrera de la IA"},"content":{"rendered":"<p><strong>Nueva York.-<\/strong> Apple, la empresa que naci\u00f3 de la visi\u00f3n de dos j\u00f3venes en un garaje de California en 1976, cumple este 1 de abril medio siglo de vida convertida en un gigante tecnol\u00f3gico que ha redefinido la relaci\u00f3n entre el ser humano y la tecnolog\u00eda.<\/p>\n<p>Bajo el lema <strong>\"50 Years of Thinking Different\"<\/strong> (50 a\u00f1os pensando diferente), una referencia a su eslogan de 1997 \"Think Different\" (Piensa diferente), la compa\u00f1\u00eda celebra cinco d\u00e9cadas de innovaci\u00f3n marcadas por \u00e9xitos ic\u00f3nicos, una base de usuarios sin precedentes y el desaf\u00edo de liderar el mercado de la inteligencia artificial (IA), algo que le est\u00e1 costando por el momento.<\/p>\n<p>Lo que comenz\u00f3 con la venta de una furgoneta Volkswagen por parte de<strong> Steve Jobs<\/strong> para financiar el Apple I, dise\u00f1ado por Steve Wozniak, es hoy una infraestructura global con m\u00e1s de 2.350 millones de dispositivos activos en todo el mundo, seg\u00fan afirm\u00f3 Tim Cook, director ejecutivo de Apple, durante la conferencia de resultados correspondiente al primer trimestre fiscal de 2025.<\/p>\n<p>La trayectoria de la firma ha estado jalonada por hitos que transformaron industrias enteras, desde la llegada del Macintosh en 1984, que introdujo la inform\u00e1tica personal a las masas, hasta el iPod en 2001, que cambi\u00f3 el consumo de m\u00fasica, y el iPhone en 2007, que dio paso a la era de las aplicaciones.<\/p>\n<h3 class=\"wp-block-heading\"><strong>Cook se queda\u00a0<\/strong><\/h3>\n<p>El actual consejero delegado,<strong> Tim Cook<\/strong>, quien asumi\u00f3 el mando en 2011 tras el fallecimiento de Steve Jobs, destac\u00f3 en una carta conmemorativa que la compa\u00f1\u00eda sigue enfocada en \"construir el ma\u00f1ana m\u00e1s que en recordar el ayer\".<\/p>\n<p>Seg\u00fan Cook, el progreso siempre comienza con alguien que imagina una forma mejor o un camino distinto, una filosof\u00eda que ahora se vuelca en productos como el Apple Vision Pro y el avance de la denominada Apple Intelligence, dos apuestas que no terminan de despegar tecnol\u00f3gicamente ni de convencer a los usuarios.<\/p>\n<p>Pese a que la prensa especializada dejaba entrever que tras el primer medio siglo de la compa\u00f1\u00eda esta cambiar\u00eda de l\u00edder, Cook descart\u00f3 una retirada este mes.<\/p>\n<h2 class=\"wp-block-heading\">\"No puedo imaginarme la vida sin Apple\", agreg\u00f3 el directivo de 65 a\u00f1os,\u00a0en una entrevista con el programa 'Good Morning America',<\/h2>\n<p>Las celebraciones por este aniversario han arrancado con eventos de alto perfil en Nueva York, donde la cantante Alicia Keys ofreci\u00f3 una actuaci\u00f3n especial en la tienda de Grand Central.<\/p>\n<p><strong>Te puede interesar: <\/strong><a href=\"https:\/\/deultimominuto.net\/economia\/apple-gana-42-097-millones\/\" data-type=\"link\" data-id=\"https:\/\/deultimominuto.net\/economia\/apple-gana-42-097-millones\/\">Apple gana 42.097 millones de d\u00f3lares en su primer trimestre fiscal y el iPhone marca hito de ventas<\/a><\/p>\n<p>En China, mercado clave para la firma, Cook presidi\u00f3 actos en Chengdu y Pek\u00edn, subrayando que el gigante asi\u00e1tico sigue siendo la base productiva m\u00e1s importante y una fuente principal de su cadena de suministro, pese a los esfuerzos de diversificaci\u00f3n hacia pa\u00edses como la India.<\/p>\n<p>Sin embargo, el aniversario llega en un momento de transici\u00f3n para la empresa de la manzana mordida.<\/p>\n<p>Hace dos a\u00f1os Apple puso freno a uno de sus proyectos m\u00e1s ambiciosos y secretos, el Project Titan, un coche el\u00e9ctrico aut\u00f3nomo en el que Apple trabaj\u00f3 durante una d\u00e9cada.<\/p>\n<h3 class=\"wp-block-heading\"><strong>Carrera por la IA<\/strong><\/h3>\n<p>Ahora el foco de Apple est\u00e1 en la IA, ya que busca recuperar terreno frente a competidores como Google.<\/p>\n<p>Tras las cr\u00edticas iniciales a sus funciones de IA, Apple ha reforzado su estrategia con nuevas alianzas y el desarrollo de dispositivos in\u00e9ditos, como un posible pin port\u00e1til con inteligencia artificial, equipado con c\u00e1maras y micr\u00f3fonos pero sin pantalla, cuyo lanzamiento se prev\u00e9 para el pr\u00f3ximo a\u00f1o con una producci\u00f3n inicial de 20 millones de unidades, seg\u00fan la prensa especializada.<\/p>\n<p>OpenAI, creador de ChatGPT, tambi\u00e9n est\u00e1 desarrollando un dispositivo de IA similar tras haber adquirido io Products, una startup de hardware dirigida por el exdise\u00f1ador de Apple Jony Ive.<\/p>\n<h3 class=\"wp-block-heading\"><strong>Resultados r\u00e9cord<\/strong><\/h3>\n<p>A nivel financiero,<strong> Apple cerr\u00f3 el ejercicio 2025 con un volumen de negocios r\u00e9cord de 416.000 millones de d\u00f3lares<\/strong>, aunque el entorno regulatorio se ha vuelto m\u00e1s hostil.<\/p>\n<p>En Europa, la Comisi\u00f3n Europea mantiene una vigilancia estricta sobre sus pr\u00e1cticas comerciales y el ecosistema de la App Store, lo que ha obligado a la empresa a realizar ajustes en su modelo de negocio para cumplir con las nuevas normativas de competencia.\u00a0<\/p>\n<p>\u200bNueva York.- Apple, la empresa que naci\u00f3 de la visi\u00f3n de dos j\u00f3venes en un garaje de California en 1976, cumple este 1 de abril medio siglo de vida convertida en un gigante tecnol\u00f3gico que ha redefinido la relaci\u00f3n entre el ser humano y la tecnolog\u00eda. Bajo el lema \"50 Years of Thinking Different\" (50\u00a0\u00a0Tecnolog\u00eda, Apple, inteligencia artificial (IA)\u00a0\u00a0<\/p>\n","protected":false},"excerpt":{"rendered":"<p>Nueva York.- Apple, la empresa que naci\u00f3 de la visi\u00f3n de dos j\u00f3venes en un garaje de California en 1976, cumple este 1 de abril medio siglo de vida convertida en un gigante tecnol\u00f3gico que ha redefinido la relaci\u00f3n entre el ser humano y la tecnolog\u00eda. Bajo el lema \"50 Years of Thinking Different\" (50 [&hellip;]<\/p>\n","protected":false},"author":1,"featured_media":9776,"comment_status":"open","ping_status":"open","sticky":false,"template":"","format":"standard","meta":{"amp_status":"","footnotes":""},"categories":[3],"tags":[],"class_list":["post-9775","post","type-post","status-publish","format-standard","has-post-thumbnail","hentry","category-de-ultimo-minuto"],"_links":{"self":[{"href":"https:\/\/ermdigital.com\/index.php\/wp-json\/wp\/v2\/posts\/9775","targetHints":{"allow":["GET"]}}],"collection":[{"href":"https:\/\/ermdigital.com\/index.php\/wp-json\/wp\/v2\/posts"}],"about":[{"href":"https:\/\/ermdigital.com\/index.php\/wp-json\/wp\/v2\/types\/post"}],"author":[{"embeddable":true,"href":"https:\/\/ermdigital.com\/index.php\/wp-json\/wp\/v2\/users\/1"}],"replies":[{"embeddable":true,"href":"https:\/\/ermdigital.com\/index.php\/wp-json\/wp\/v2\/comments?post=9775"}],"version-history":[{"count":0,"href":"https:\/\/ermdigital.com\/index.php\/wp-json\/wp\/v2\/posts\/9775\/revisions"}],"wp:featuredmedia":[{"embeddable":true,"href":"https:\/\/ermdigital.com\/index.php\/wp-json\/wp\/v2\/media\/9776"}],"wp:attachment":[{"href":"https:\/\/ermdigital.com\/index.php\/wp-json\/wp\/v2\/media?parent=9775"}],"wp:term":[{"taxonomy":"category","embeddable":true,"href":"https:\/\/ermdigital.com\/index.php\/wp-json\/wp\/v2\/categories?post=9775"},{"taxonomy":"post_tag","embeddable":true,"href":"https:\/\/ermdigital.com\/index.php\/wp-json\/wp\/v2\/tags?post=9775"}],"curies":[{"name":"wp","href":"https:\/\/api.w.org\/{rel}","templated":true}]}}