{"id":9773,"date":"2026-03-31T08:53:52","date_gmt":"2026-03-31T12:53:52","guid":{"rendered":"https:\/\/ermdigital.com\/index.php\/2026\/03\/31\/ambulancia-del-911-sufre-accidente-en-don-juan-durante-traslado-de-emergencia\/"},"modified":"2026-03-31T08:53:52","modified_gmt":"2026-03-31T12:53:52","slug":"ambulancia-del-911-sufre-accidente-en-don-juan-durante-traslado-de-emergencia","status":"publish","type":"post","link":"https:\/\/ermdigital.com\/index.php\/2026\/03\/31\/ambulancia-del-911-sufre-accidente-en-don-juan-durante-traslado-de-emergencia\/","title":{"rendered":"Ambulancia del 911 sufre accidente en Don Juan durante traslado de emergencia"},"content":{"rendered":"<p>Don Juan, Monte Plata.\u2013 Una ambulancia del Sistema Nacional de Atenci\u00f3n a Emergencias y Seguridad 9-1-1 sufri\u00f3 un accidente de tr\u00e1nsito la tarde del lunes 30 de marzo de 2026, mientras trasladaba pacientes hacia un centro de salud.<\/p>\n<p>El hecho ocurri\u00f3 alrededor de la 1:05 de la tarde en el sector El Bosque, del distrito municipal Don Juan, provincia Monte Plata.<\/p>\n<p>De acuerdo con el reporte, la ambulancia, procedente de Yamas\u00e1, transportaba a tres tripulantes, un paciente y un familiar, con destino al Hospital \u00c1ngel Contreras, cuando el accidente se produjo en medio de una maniobra de rebase. Seg\u00fan las informaciones preliminares, la unidad intentaba adelantar a una jeepeta que no hab\u00eda cedido el paso; en ese momento, el veh\u00edculo le habr\u00eda cerrado el paso, provocando el deslizamiento y posterior vuelco de la ambulancia.<\/p>\n<p>Como resultado del accidente, los cinco ocupantes de la ambulancia (tres tripulantes, un paciente y un familiar) resultaron heridos, siendo clasificados en c\u00f3digo 1-28 (lesionados). Todos fueron trasladados en dos unidades de emergencia en condici\u00f3n delicada (c\u00f3digo rojo) hacia distintos centros de salud.<\/p>\n<p>En tanto, el conductor de la jeepeta involucrada abandon\u00f3 la escena, por lo que hasta el momento se desconocen los datos del veh\u00edculo y su paradero.<\/p>\n<p>Las autoridades correspondientes investigan el hecho para esclarecer las circunstancias del accidente y dar con el responsable.<\/p>\n<p>\u200bDon Juan, Monte Plata.\u2013 Una ambulancia del Sistema Nacional de Atenci\u00f3n a Emergencias y Seguridad 9-1-1 sufri\u00f3 un accidente de tr\u00e1nsito la tarde del lunes 30 de marzo de 2026, mientras trasladaba pacientes hacia un centro de salud. El hecho ocurri\u00f3 alrededor de la 1:05 de la tarde en el sector El Bosque, del distrito\u00a0\u00a0Nacionales, Accidente, Ambulancia, Deultimominuto, ElPeri\u00f3dicodelaVerdad, Rep\u00fablica Dominicana\u00a0\u00a0<\/p>\n","protected":false},"excerpt":{"rendered":"<p>Don Juan, Monte Plata.\u2013 Una ambulancia del Sistema Nacional de Atenci\u00f3n a Emergencias y Seguridad 9-1-1 sufri\u00f3 un accidente de tr\u00e1nsito la tarde del lunes 30 de marzo de 2026, mientras trasladaba pacientes hacia un centro de salud. El hecho ocurri\u00f3 alrededor de la 1:05 de la tarde en el sector El Bosque, del distrito [&hellip;]<\/p>\n","protected":false},"author":1,"featured_media":9774,"comment_status":"open","ping_status":"open","sticky":false,"template":"","format":"standard","meta":{"amp_status":"","footnotes":""},"categories":[3],"tags":[],"class_list":["post-9773","post","type-post","status-publish","format-standard","has-post-thumbnail","hentry","category-de-ultimo-minuto"],"_links":{"self":[{"href":"https:\/\/ermdigital.com\/index.php\/wp-json\/wp\/v2\/posts\/9773","targetHints":{"allow":["GET"]}}],"collection":[{"href":"https:\/\/ermdigital.com\/index.php\/wp-json\/wp\/v2\/posts"}],"about":[{"href":"https:\/\/ermdigital.com\/index.php\/wp-json\/wp\/v2\/types\/post"}],"author":[{"embeddable":true,"href":"https:\/\/ermdigital.com\/index.php\/wp-json\/wp\/v2\/users\/1"}],"replies":[{"embeddable":true,"href":"https:\/\/ermdigital.com\/index.php\/wp-json\/wp\/v2\/comments?post=9773"}],"version-history":[{"count":0,"href":"https:\/\/ermdigital.com\/index.php\/wp-json\/wp\/v2\/posts\/9773\/revisions"}],"wp:featuredmedia":[{"embeddable":true,"href":"https:\/\/ermdigital.com\/index.php\/wp-json\/wp\/v2\/media\/9774"}],"wp:attachment":[{"href":"https:\/\/ermdigital.com\/index.php\/wp-json\/wp\/v2\/media?parent=9773"}],"wp:term":[{"taxonomy":"category","embeddable":true,"href":"https:\/\/ermdigital.com\/index.php\/wp-json\/wp\/v2\/categories?post=9773"},{"taxonomy":"post_tag","embeddable":true,"href":"https:\/\/ermdigital.com\/index.php\/wp-json\/wp\/v2\/tags?post=9773"}],"curies":[{"name":"wp","href":"https:\/\/api.w.org\/{rel}","templated":true}]}}