{"id":9771,"date":"2026-03-31T09:05:01","date_gmt":"2026-03-31T13:05:01","guid":{"rendered":"https:\/\/ermdigital.com\/index.php\/2026\/03\/31\/carlos-iii-y-la-reina-camila-haran-una-visita-de-estado-a-ee-uu-confirma-buckingham\/"},"modified":"2026-03-31T09:05:01","modified_gmt":"2026-03-31T13:05:01","slug":"carlos-iii-y-la-reina-camila-haran-una-visita-de-estado-a-ee-uu-confirma-buckingham","status":"publish","type":"post","link":"https:\/\/ermdigital.com\/index.php\/2026\/03\/31\/carlos-iii-y-la-reina-camila-haran-una-visita-de-estado-a-ee-uu-confirma-buckingham\/","title":{"rendered":"Carlos III y la reina Camila har\u00e1n una visita de Estado a EE.UU., confirma Buckingham"},"content":{"rendered":"<p><strong>Londres.- <\/strong>El <strong>rey Carlos III<\/strong> y la <strong>reina Camila<\/strong> har\u00e1n una visita de Estado a Estados Unidos por recomendaci\u00f3n del <strong>Gobierno brit\u00e1nico<\/strong>, aunque la fecha exacta y los detalles del viaje se dar\u00e1n a conocer a su debido tiempo, confirm\u00f3 este martes el palacio de Buckingham, residencia oficial de la familia real.<\/p>\n<p>Esta visita tiene como objetivo celebrar los lazos hist\u00f3ricos y la moderna relaci\u00f3n entre el Reino Unido y Estados Unidos, cuando este 2026 se conmemora el 250 aniversario de la independencia estadounidense, precisa un comunicado del palacio.<\/p>\n<p>La visita de los reyes est\u00e1 prevista para finales de abril y sigue a la que hizo el <strong>presidente de EE.UU., Donald Trump<\/strong>, el a\u00f1o pasado al Reino Unido a fin de profundizar la relaci\u00f3n.<\/p>\n<h2 class=\"wp-block-heading\">Esta ser\u00e1 la<strong> primera visita de Estado de Carlos III a EE.UU.<\/strong> desde que asumi\u00f3 el trono en 2022, aunque como pr\u00edncipe de Gales estuvo 19 veces en ese pa\u00eds.<\/h2>\n<p>La madre de Carlos III, la reina Isabel II, hizo cuatro visitas de Estado a EE.UU., en 1957, 1976, 1991 y 2007. Desde 1952, un presidente de EE.UU. ha realizado cuatro visitas de Estado al Reino Unido -en 2003, 2011, 2019 y 2025.<\/p>\n<p>Tras el viaje a EE.UU., el rey se desplazar\u00e1 a Bermudas, en lo que ser\u00e1 tambi\u00e9n su primera visita a este territorio desde que asumi\u00f3 como jefe de Estado.<\/p>\n<p>El viaje de Carlos III a EE.UU. tendr\u00e1 lugar en un momento delicado en la relaci\u00f3n bilateral por los desacuerdos entre Trump y el primer ministro brit\u00e1nico, Keir Starmer, sobre la guerra de Ir\u00e1n.<\/p>\n<p>El l\u00edder laborista ha dejado claro que no entrar\u00e1 en la guerra en Ir\u00e1n, pero que el Gobierno defender\u00e1 los intereses brit\u00e1nicos en la regi\u00f3n y apoyar\u00e1 a los aliados del golfo P\u00e9rsico.<\/p>\n<p>Trump ha criticado con dureza a Starmer por su reticencia a involucrar plenamente al Reino Unido en la ofensiva liderada por EE.UU.<\/p>\n<p><strong>Te puede interesar: <\/strong><a href=\"https:\/\/deultimominuto.net\/internacionales\/el-rey-carlos-iii-graba-mensaje\/\" data-type=\"link\" data-id=\"https:\/\/deultimominuto.net\/internacionales\/el-rey-carlos-iii-graba-mensaje\/\">El rey Carlos III graba un mensaje en v\u00eddeo para apoyar una campa\u00f1a contra el c\u00e1ncer<\/a><\/p>\n<p>En ese sentido, el presidente estadounidense pidi\u00f3 hoy a los pa\u00edses que se han negado a participar en su ofensiva militar contra Ir\u00e1n que act\u00faen con \"coraje\" y \"tomen\" el estrecho de Ormuz: \"lo m\u00e1s complicado ya est\u00e1 hecho. Id a por vuestro petr\u00f3leo\", insisti\u00f3.<\/p>\n<p>El viaje de Carlos III se producir\u00e1 despu\u00e9s de que el congresista estadounidense Ro Khanna pidiera al rey que se re\u00fana en privado con las v\u00edctimas del pederasta Jeffrey Epstein durante su visita a EE.UU.<\/p>\n<p>Seg\u00fan la BBC, el congresista dem\u00f3crata dijo en una carta dirigida al rey que miembros del Congreso han solicitado el testimonio del hermano del monarca, Andr\u00e9s Mountbatten-Windsor, sobre sus v\u00ednculos con Epstein, fallecido en agosto de 2019.<\/p>\n<p>El monarca ha dicho en el pasado que se solidariza con las v\u00edctimas de todo tipo de abuso.<\/p>\n<p>El expr\u00edncipe Andr\u00e9s, a quien su hermano el rey le ha retirado todos los t\u00edtulos nobiliarios y honores por sus v\u00ednculos con Epstein, no ha respondido a la solicitud y siempre ha negado cualquier irregularidad sobre sus v\u00ednculos con el pederasta convicto.<\/p>\n<p>El pasado febrero, <strong>Andr\u00e9s Mountbatten-Windsor<\/strong> fue detenido varias horas por la polic\u00eda brit\u00e1nica en relaci\u00f3n con su pasado trabajo como enviado especial de Comercio tras salir a la luz que en su d\u00eda pas\u00f3 a Epstein informaci\u00f3n sensible del Gobierno.<\/p>\n<p>Virginia Giuffre, fallecida en 2025, acus\u00f3 hace unos a\u00f1os al expr\u00edncipe Andr\u00e9s de tener relaciones sexuales con ella cuando era menor de edad con intermediaci\u00f3n de Epstein.<\/p>\n<p>\u200bLondres.- El rey Carlos III y la reina Camila har\u00e1n una visita de Estado a Estados Unidos por recomendaci\u00f3n del Gobierno brit\u00e1nico, aunque la fecha exacta y los detalles del viaje se dar\u00e1n a conocer a su debido tiempo, confirm\u00f3 este martes el palacio de Buckingham, residencia oficial de la familia real. Esta visita tiene\u00a0\u00a0Internacionales, Camila, Carlos III, Donald Trump, Estados Unidos\u00a0\u00a0<\/p>\n","protected":false},"excerpt":{"rendered":"<p>Londres.- El rey Carlos III y la reina Camila har\u00e1n una visita de Estado a Estados Unidos por recomendaci\u00f3n del Gobierno brit\u00e1nico, aunque la fecha exacta y los detalles del viaje se dar\u00e1n a conocer a su debido tiempo, confirm\u00f3 este martes el palacio de Buckingham, residencia oficial de la familia real. Esta visita tiene [&hellip;]<\/p>\n","protected":false},"author":1,"featured_media":9772,"comment_status":"open","ping_status":"open","sticky":false,"template":"","format":"standard","meta":{"amp_status":"","footnotes":""},"categories":[3],"tags":[],"class_list":["post-9771","post","type-post","status-publish","format-standard","has-post-thumbnail","hentry","category-de-ultimo-minuto"],"_links":{"self":[{"href":"https:\/\/ermdigital.com\/index.php\/wp-json\/wp\/v2\/posts\/9771","targetHints":{"allow":["GET"]}}],"collection":[{"href":"https:\/\/ermdigital.com\/index.php\/wp-json\/wp\/v2\/posts"}],"about":[{"href":"https:\/\/ermdigital.com\/index.php\/wp-json\/wp\/v2\/types\/post"}],"author":[{"embeddable":true,"href":"https:\/\/ermdigital.com\/index.php\/wp-json\/wp\/v2\/users\/1"}],"replies":[{"embeddable":true,"href":"https:\/\/ermdigital.com\/index.php\/wp-json\/wp\/v2\/comments?post=9771"}],"version-history":[{"count":0,"href":"https:\/\/ermdigital.com\/index.php\/wp-json\/wp\/v2\/posts\/9771\/revisions"}],"wp:featuredmedia":[{"embeddable":true,"href":"https:\/\/ermdigital.com\/index.php\/wp-json\/wp\/v2\/media\/9772"}],"wp:attachment":[{"href":"https:\/\/ermdigital.com\/index.php\/wp-json\/wp\/v2\/media?parent=9771"}],"wp:term":[{"taxonomy":"category","embeddable":true,"href":"https:\/\/ermdigital.com\/index.php\/wp-json\/wp\/v2\/categories?post=9771"},{"taxonomy":"post_tag","embeddable":true,"href":"https:\/\/ermdigital.com\/index.php\/wp-json\/wp\/v2\/tags?post=9771"}],"curies":[{"name":"wp","href":"https:\/\/api.w.org\/{rel}","templated":true}]}}