{"id":9739,"date":"2026-03-31T08:17:04","date_gmt":"2026-03-31T12:17:04","guid":{"rendered":"https:\/\/ermdigital.com\/index.php\/2026\/03\/31\/imponen-a-tres-meses-de-prision-preventiva-contra-influencer-acusada-de-agredir-a-su-bebe-de-un-ano-durante-transmision-en-vivo-en-santiago\/"},"modified":"2026-03-31T08:17:04","modified_gmt":"2026-03-31T12:17:04","slug":"imponen-a-tres-meses-de-prision-preventiva-contra-influencer-acusada-de-agredir-a-su-bebe-de-un-ano-durante-transmision-en-vivo-en-santiago","status":"publish","type":"post","link":"https:\/\/ermdigital.com\/index.php\/2026\/03\/31\/imponen-a-tres-meses-de-prision-preventiva-contra-influencer-acusada-de-agredir-a-su-bebe-de-un-ano-durante-transmision-en-vivo-en-santiago\/","title":{"rendered":"Imponen a tres meses de prisi\u00f3n preventiva contra influencer acusada de agredir a su beb\u00e9 de un a\u00f1o durante transmisi\u00f3n en vivo en Santiago"},"content":{"rendered":"<p>Santiago.- La jueza de la Oficina de Atenci\u00f3n Permanente del distrito judicial de Santiago, Estefany Santiago, impuso tres meses de prisi\u00f3n preventiva como medida de coerci\u00f3n contra la influencer Dilesy Yokasta Garc\u00eda, acusada de presuntamente agredir f\u00edsicamente a su beb\u00e9 de apenas un a\u00f1o de edad durante una transmisi\u00f3n en vivo en redes sociales.<\/p>\n<p>La magistrada orden\u00f3 que la imputada cumpla la medida cautelar en el Centro de Correcci\u00f3n y Rehabilitaci\u00f3n Rafey Mujeres, mientras el Ministerio P\u00fablico profundiza las investigaciones en torno al caso que ha generado indignaci\u00f3n en Santiago y en gran parte del pa\u00eds.<\/p>\n<p>De acuerdo con las autoridades, la joven fue arrestada luego de que circulara un video en el que aparece visiblemente alterada, reclam\u00e1ndole al menor y pregunt\u00e1ndole en repetidas ocasiones si \u201cquiere golpes\u201d, para luego presuntamente agredirlo frente a la c\u00e1mara, en un hecho que provoc\u00f3 una ola de rechazo en redes sociales.<\/p>\n<p>La acusaci\u00f3n en su contra se sustenta en presuntos actos de maltrato infantil, lo que motiv\u00f3 la intervenci\u00f3n de los organismos competentes y su posterior sometimiento ante la justicia.<\/p>\n<p>Tras escuchar la decisi\u00f3n del tribunal, Dilesy Yokasta Garc\u00eda sali\u00f3 cabizbaja y con los ojos llorosos del Palacio de Justicia de Santiago, donde se conoci\u00f3 la audiencia de medida de coerci\u00f3n.<\/p>\n<p>El caso ha reavivado el debate sobre la protecci\u00f3n de la ni\u00f1ez, el uso irresponsable de las redes sociales y la necesidad de sanciones ejemplares frente a hechos de violencia contra menores.<\/p>\n<p>Hasta el momento, las autoridades no han ofrecido mayores detalles sobre el estado del ni\u00f1o ni sobre el curso de las investigaciones m\u00e1s all\u00e1 de la medida impuesta.<\/p>\n<\/p>\n<p>\u200bSantiago.- La jueza de la Oficina de Atenci\u00f3n Permanente del distrito judicial de Santiago, Estefany Santiago, impuso tres meses de prisi\u00f3n preventiva como medida de coerci\u00f3n contra la influencer Dilesy Yokasta Garc\u00eda, acusada de presuntamente agredir f\u00edsicamente a su beb\u00e9 de apenas un a\u00f1o de edad durante una transmisi\u00f3n en vivo en redes sociales. La\u00a0\u00a0Nacionales, Deultimominuto, ElPeri\u00f3dicodelaVerdad, Rep\u00fablica Dominicana\u00a0\u00a0<\/p>\n","protected":false},"excerpt":{"rendered":"<p>Santiago.- La jueza de la Oficina de Atenci\u00f3n Permanente del distrito judicial de Santiago, Estefany Santiago, impuso tres meses de prisi\u00f3n preventiva como medida de coerci\u00f3n contra la influencer Dilesy Yokasta Garc\u00eda, acusada de presuntamente agredir f\u00edsicamente a su beb\u00e9 de apenas un a\u00f1o de edad durante una transmisi\u00f3n en vivo en redes sociales. La [&hellip;]<\/p>\n","protected":false},"author":1,"featured_media":9740,"comment_status":"open","ping_status":"open","sticky":false,"template":"","format":"standard","meta":{"amp_status":"","footnotes":""},"categories":[3],"tags":[],"class_list":["post-9739","post","type-post","status-publish","format-standard","has-post-thumbnail","hentry","category-de-ultimo-minuto"],"_links":{"self":[{"href":"https:\/\/ermdigital.com\/index.php\/wp-json\/wp\/v2\/posts\/9739","targetHints":{"allow":["GET"]}}],"collection":[{"href":"https:\/\/ermdigital.com\/index.php\/wp-json\/wp\/v2\/posts"}],"about":[{"href":"https:\/\/ermdigital.com\/index.php\/wp-json\/wp\/v2\/types\/post"}],"author":[{"embeddable":true,"href":"https:\/\/ermdigital.com\/index.php\/wp-json\/wp\/v2\/users\/1"}],"replies":[{"embeddable":true,"href":"https:\/\/ermdigital.com\/index.php\/wp-json\/wp\/v2\/comments?post=9739"}],"version-history":[{"count":0,"href":"https:\/\/ermdigital.com\/index.php\/wp-json\/wp\/v2\/posts\/9739\/revisions"}],"wp:featuredmedia":[{"embeddable":true,"href":"https:\/\/ermdigital.com\/index.php\/wp-json\/wp\/v2\/media\/9740"}],"wp:attachment":[{"href":"https:\/\/ermdigital.com\/index.php\/wp-json\/wp\/v2\/media?parent=9739"}],"wp:term":[{"taxonomy":"category","embeddable":true,"href":"https:\/\/ermdigital.com\/index.php\/wp-json\/wp\/v2\/categories?post=9739"},{"taxonomy":"post_tag","embeddable":true,"href":"https:\/\/ermdigital.com\/index.php\/wp-json\/wp\/v2\/tags?post=9739"}],"curies":[{"name":"wp","href":"https:\/\/api.w.org\/{rel}","templated":true}]}}