{"id":9717,"date":"2026-03-31T06:35:00","date_gmt":"2026-03-31T10:35:00","guid":{"rendered":"https:\/\/ermdigital.com\/index.php\/2026\/03\/31\/dia-mundial-contra-el-cancer-de-colon\/"},"modified":"2026-03-31T06:35:00","modified_gmt":"2026-03-31T10:35:00","slug":"dia-mundial-contra-el-cancer-de-colon","status":"publish","type":"post","link":"https:\/\/ermdigital.com\/index.php\/2026\/03\/31\/dia-mundial-contra-el-cancer-de-colon\/","title":{"rendered":"D\u00eda Mundial Contra el C\u00e1ncer de Colon"},"content":{"rendered":"<p><strong>El D\u00eda Mundial Contra el C\u00e1ncer de Colon se celebra el 31 de marzo<\/strong>\u00a0y tiene como objetivo sensibilizar a toda la poblaci\u00f3n sobre las necesidades que tienen todos los pacientes que son diagnosticados con esta enfermedad.<\/p>\n<p>As\u00ed mismo, buscar salidas para una detecci\u00f3n temprana que permita salvar vidas y prevenir el diagn\u00f3stico a trav\u00e9s de h\u00e1bitos de vida mucho m\u00e1s saludables.<\/p>\n<h2 class=\"wp-block-heading\"><strong>\u00bfQu\u00e9 es el C\u00e1ncer de Colon?<\/strong><\/h2>\n<p><strong>El c\u00e1ncer de colon<\/strong>\u00a0es una patolog\u00eda que se da por un crecimiento an\u00f3malo de las c\u00e9lulas del colon y la zona rectal.<\/p>\n<p>Todo comienza con un crecimiento de p\u00f3lipos, que pueden transformarse, con el paso de los a\u00f1os en c\u00e1ncer, sin embargo, hay casos de pacientes donde esto no ocurre.<\/p>\n<p>Este tipo de c\u00e1ncer, es bastante com\u00fan en todo el mundo, pero con una evaluaci\u00f3n a tiempo, puede ser f\u00e1cilmente detectado y tratado, con resultados muy favorables para los pacientes, ya que pueden salvar sus vidas.<\/p>\n<h5 class=\"wp-block-heading\"><strong>Recomendamos leer:<a href=\"https:\/\/deultimominuto.net\/entretenimiento\/karol-g-lanza-baby-pelon\/\">Karol G lanza \u201cBaby Pel\u00f3n\u201d en apoyo a ni\u00f1os con c\u00e1ncer<\/a><\/strong><\/h5>\n<h2 class=\"wp-block-heading\"><strong>Factores de riesgo para la enfermedad<\/strong><\/h2>\n<p>Entre los factores de riesgo m\u00e1s comunes para contraer el c\u00e1ncer de colon est\u00e1n los antecedentes familiares, la edad del paciente y haber sufrido de algunas patolog\u00edas como la colitis ulcerosa, la llamada enfermedad de Crohn o enfermedades inflamatorias del sistema digestivo.<\/p>\n<p>Tambi\u00e9n est\u00e1n los factores de riesgo externos relacionados con la alimentaci\u00f3n y el consumo de sustancias t\u00f3xicas como el cigarrillo, el alcohol o las drogas.<\/p>\n<p>Cuando la dieta es baja en fibra y nutrientes y adem\u00e1s de ello, se usan sustancias nocivas, es bastante <a href=\"https:\/\/deultimominuto.net\/nacionales\/visa-humanitaria\/\">probable <\/a>que las personas puedan presentar este tipo de enfermedad.<\/p>\n<\/p>\n<p>\u200bEl D\u00eda Mundial Contra el C\u00e1ncer de Colon se celebra el 31 de marzo\u00a0y tiene como objetivo sensibilizar a toda la poblaci\u00f3n sobre las necesidades que tienen todos los pacientes que son diagnosticados con esta enfermedad. As\u00ed mismo, buscar salidas para una detecci\u00f3n temprana que permita salvar vidas y prevenir el diagn\u00f3stico a trav\u00e9s de\u00a0\u00a0Efem\u00e9rides, C\u00e1ncer\u00a0\u00a0<\/p>\n","protected":false},"excerpt":{"rendered":"<p>El D\u00eda Mundial Contra el C\u00e1ncer de Colon se celebra el 31 de marzo\u00a0y tiene como objetivo sensibilizar a toda la poblaci\u00f3n sobre las necesidades que tienen todos los pacientes que son diagnosticados con esta enfermedad. As\u00ed mismo, buscar salidas para una detecci\u00f3n temprana que permita salvar vidas y prevenir el diagn\u00f3stico a trav\u00e9s de [&hellip;]<\/p>\n","protected":false},"author":1,"featured_media":9718,"comment_status":"open","ping_status":"open","sticky":false,"template":"","format":"standard","meta":{"amp_status":"","footnotes":""},"categories":[3],"tags":[],"class_list":["post-9717","post","type-post","status-publish","format-standard","has-post-thumbnail","hentry","category-de-ultimo-minuto"],"_links":{"self":[{"href":"https:\/\/ermdigital.com\/index.php\/wp-json\/wp\/v2\/posts\/9717","targetHints":{"allow":["GET"]}}],"collection":[{"href":"https:\/\/ermdigital.com\/index.php\/wp-json\/wp\/v2\/posts"}],"about":[{"href":"https:\/\/ermdigital.com\/index.php\/wp-json\/wp\/v2\/types\/post"}],"author":[{"embeddable":true,"href":"https:\/\/ermdigital.com\/index.php\/wp-json\/wp\/v2\/users\/1"}],"replies":[{"embeddable":true,"href":"https:\/\/ermdigital.com\/index.php\/wp-json\/wp\/v2\/comments?post=9717"}],"version-history":[{"count":0,"href":"https:\/\/ermdigital.com\/index.php\/wp-json\/wp\/v2\/posts\/9717\/revisions"}],"wp:featuredmedia":[{"embeddable":true,"href":"https:\/\/ermdigital.com\/index.php\/wp-json\/wp\/v2\/media\/9718"}],"wp:attachment":[{"href":"https:\/\/ermdigital.com\/index.php\/wp-json\/wp\/v2\/media?parent=9717"}],"wp:term":[{"taxonomy":"category","embeddable":true,"href":"https:\/\/ermdigital.com\/index.php\/wp-json\/wp\/v2\/categories?post=9717"},{"taxonomy":"post_tag","embeddable":true,"href":"https:\/\/ermdigital.com\/index.php\/wp-json\/wp\/v2\/tags?post=9717"}],"curies":[{"name":"wp","href":"https:\/\/api.w.org\/{rel}","templated":true}]}}