{"id":9715,"date":"2026-03-31T06:40:00","date_gmt":"2026-03-31T10:40:00","guid":{"rendered":"https:\/\/ermdigital.com\/index.php\/2026\/03\/31\/dia-de-la-torre-eiffel\/"},"modified":"2026-03-31T06:40:00","modified_gmt":"2026-03-31T10:40:00","slug":"dia-de-la-torre-eiffel","status":"publish","type":"post","link":"https:\/\/ermdigital.com\/index.php\/2026\/03\/31\/dia-de-la-torre-eiffel\/","title":{"rendered":"D\u00eda de la Torre Eiffel"},"content":{"rendered":"<p>El<strong>\u00a031 de marzo\u00a0<\/strong>celebramos a una de las torres m\u00e1s emblem\u00e1ticas, id\u00edlicas y rom\u00e1nticas del mundo. Es el<strong>\u00a0D\u00eda de la<a href=\"https:\/\/deultimominuto.net\/internacionales\/torre-eiffel-llevara-cientificas\/\"> Torre Eiffel<\/a><\/strong>. Inaugurada el a\u00f1o 1889, fue dise\u00f1ada por el ingeniero franc\u00e9s Gustave Eiffel y se construy\u00f3 en el marco de la Feria Mundial de la Exposici\u00f3n Universal, conmemorando el aniversario de la Revoluci\u00f3n Francesa.<\/p>\n<p>Esta imponente construcci\u00f3n de hierro se encuentra ubicada en el Campo de Marte de Par\u00eds (Francia). Es un gran atractivo tur\u00edstico a nivel mundial, visitado anualmente por m\u00e1s de 7 millones de turistas y es considerado el cuarto monumento m\u00e1s visitado del mundo. Uno de los datos interesantes sobre esta torre radica en su color, pues no es igual en todas sus partes, siendo m\u00e1s oscuro en la medida que se asciende. Anualmente se aplican unas 50 toneladas de pintura para evitar la corrosi\u00f3n.<\/p>\n<p>\u00bfSab\u00edas que durante 41 a\u00f1os fue considerado el edificio m\u00e1s alto del mundo? Tiene 300 metros de altura, siendo desplazado por la construcci\u00f3n del edificio Chrysler de Nueva York, en el a\u00f1o 1930. Por otra parte, la destrucci\u00f3n de esta edificaci\u00f3n estaba prevista unos veinte a\u00f1os despu\u00e9s de su inauguraci\u00f3n. Pero en el a\u00f1o 1900 la Armada Francesa instal\u00f3 una antena de radio en su punto m\u00e1s alto, lo que evit\u00f3 su desmantelamiento \u00a1Gracias Armada Francesa!<\/p>\n<h5 class=\"wp-block-heading\"><strong>Recomendamos leer:<a href=\"https:\/\/deultimominuto.net\/internacionales\/la-torre-eiffel-se-ilumina\/\">La Torre Eiffel se ilumina con los colores de Ucrania por el cuarto aniversario de la guerra<\/a><\/strong><\/h5>\n<figure class=\"wp-block-image size-full\"><img loading=\"lazy\" decoding=\"async\" width=\"650\" height=\"433\" src=\"https:\/\/cdn.deultimominuto.net\/wp-content\/uploads\/2026\/03\/image-22-1.jpg\" alt=\"D\u00eda de la Torre Eiffel - Noticias de hoy en Rep\u00fablica Dominicana | De \u00daltimo Minuto\" class=\"wp-image-633257\" title=\"D\u00eda de la Torre Eiffel | 1 |\"><\/figure>\n<p>\u200bEl\u00a031 de marzo\u00a0celebramos a una de las torres m\u00e1s emblem\u00e1ticas, id\u00edlicas y rom\u00e1nticas del mundo. Es el\u00a0D\u00eda de la Torre Eiffel. Inaugurada el a\u00f1o 1889, fue dise\u00f1ada por el ingeniero franc\u00e9s Gustave Eiffel y se construy\u00f3 en el marco de la Feria Mundial de la Exposici\u00f3n Universal, conmemorando el aniversario de la Revoluci\u00f3n Francesa. Esta\u00a0\u00a0Efem\u00e9rides, Torre Eiffel\u00a0\u00a0<\/p>\n","protected":false},"excerpt":{"rendered":"<p>El\u00a031 de marzo\u00a0celebramos a una de las torres m\u00e1s emblem\u00e1ticas, id\u00edlicas y rom\u00e1nticas del mundo. Es el\u00a0D\u00eda de la Torre Eiffel. Inaugurada el a\u00f1o 1889, fue dise\u00f1ada por el ingeniero franc\u00e9s Gustave Eiffel y se construy\u00f3 en el marco de la Feria Mundial de la Exposici\u00f3n Universal, conmemorando el aniversario de la Revoluci\u00f3n Francesa. Esta [&hellip;]<\/p>\n","protected":false},"author":1,"featured_media":9716,"comment_status":"open","ping_status":"open","sticky":false,"template":"","format":"standard","meta":{"amp_status":"","footnotes":""},"categories":[3],"tags":[],"class_list":["post-9715","post","type-post","status-publish","format-standard","has-post-thumbnail","hentry","category-de-ultimo-minuto"],"_links":{"self":[{"href":"https:\/\/ermdigital.com\/index.php\/wp-json\/wp\/v2\/posts\/9715","targetHints":{"allow":["GET"]}}],"collection":[{"href":"https:\/\/ermdigital.com\/index.php\/wp-json\/wp\/v2\/posts"}],"about":[{"href":"https:\/\/ermdigital.com\/index.php\/wp-json\/wp\/v2\/types\/post"}],"author":[{"embeddable":true,"href":"https:\/\/ermdigital.com\/index.php\/wp-json\/wp\/v2\/users\/1"}],"replies":[{"embeddable":true,"href":"https:\/\/ermdigital.com\/index.php\/wp-json\/wp\/v2\/comments?post=9715"}],"version-history":[{"count":0,"href":"https:\/\/ermdigital.com\/index.php\/wp-json\/wp\/v2\/posts\/9715\/revisions"}],"wp:featuredmedia":[{"embeddable":true,"href":"https:\/\/ermdigital.com\/index.php\/wp-json\/wp\/v2\/media\/9716"}],"wp:attachment":[{"href":"https:\/\/ermdigital.com\/index.php\/wp-json\/wp\/v2\/media?parent=9715"}],"wp:term":[{"taxonomy":"category","embeddable":true,"href":"https:\/\/ermdigital.com\/index.php\/wp-json\/wp\/v2\/categories?post=9715"},{"taxonomy":"post_tag","embeddable":true,"href":"https:\/\/ermdigital.com\/index.php\/wp-json\/wp\/v2\/tags?post=9715"}],"curies":[{"name":"wp","href":"https:\/\/api.w.org\/{rel}","templated":true}]}}