{"id":9713,"date":"2026-03-31T06:50:00","date_gmt":"2026-03-31T10:50:00","guid":{"rendered":"https:\/\/ermdigital.com\/index.php\/2026\/03\/31\/dia-mundial-de-las-lipodistrofias\/"},"modified":"2026-03-31T06:50:00","modified_gmt":"2026-03-31T10:50:00","slug":"dia-mundial-de-las-lipodistrofias","status":"publish","type":"post","link":"https:\/\/ermdigital.com\/index.php\/2026\/03\/31\/dia-mundial-de-las-lipodistrofias\/","title":{"rendered":"D\u00eda Mundial de las Lipodistrofias"},"content":{"rendered":"<p><strong>El 31 de marzo se celebra el D\u00eda Mundial de las Lipodistrofias<\/strong>, con la finalidad de sensibilizar a la poblaci\u00f3n acerca de esta patolog\u00eda poco frecuente que incide en la calidad de vida de los pacientes. Presenta una incidencia de 4,7 casos por cada mill\u00f3n de habitantes.<\/p>\n<h2 class=\"wp-block-heading\"><strong>\u00bfPor qu\u00e9 se celebra el D\u00eda Mundial de las Lipodistrofias?<\/strong><\/h2>\n<p>Se pretende generar acciones conjuntas entre el sector p\u00fablico y privado, sociedad civil y asociaciones de pacientes, para impulsar proyectos de investigaci\u00f3n acerca de las lipodistrofias y otras enfermedades raras.<\/p>\n<p>La creaci\u00f3n de esta efem\u00e9ride en el a\u00f1o 2013 ha sido por iniciativa de la\u00a0<strong>Organizaci\u00f3n Europea de Enfermedades Raras (EURORDIS)<\/strong>.<\/p>\n<p>Cuenta con el apoyo y la coordinaci\u00f3n de acciones colaborativas por parte de organizaciones, tales como la Asociaci\u00f3n de Familiares y Afectados de Lipodistrofias (AELIP),\u00a0Alianza Iberoamericana de Enfermedades Poco Frecuentes (ALIBER),\u00a0Sociedad Espa\u00f1ola de Lipodistrofias (SEL)\u00a0y el\u00a0Consorcio Europeo de Lipodistrofias (ECLIP).<\/p>\n<h2 class=\"wp-block-heading\"><strong>\u00bfQu\u00e9 es la Lipodistrofia?<\/strong><\/h2>\n<p><strong>La Lipodistrofia<\/strong>\u00a0es una enfermedad rara o poco frecuente, caracterizada por los cambios anormales en la distribuci\u00f3n de la grasa corporal. Ello es debido a la mutaci\u00f3n del gen codificante para la\u00a0<em>enzima acil-glicerol-3-fosfato-acil-transferasa, isoforma 2 (agpat2)<\/em>, responsable de la bios\u00edntesis de los triglic\u00e9ridos.<\/p>\n<p>La p\u00e9rdida focal o general de tejido adiposo o grasa en diversas zonas del cuerpo, como los brazos, las piernas y la cara se denomina\u00a0<strong>lipoatrofia<\/strong>. En cambio, la acumulaci\u00f3n patol\u00f3gica de tejido adiposo es conocida como\u00a0<strong>lipohipertrofia<\/strong>.<\/p>\n<p>Las lipodistrofias pueden generar complicaciones est\u00e9ticas y metab\u00f3licas, tales como resistencia a la insulina, hipertrigliceridemia, diabetes mellitus e h\u00edgado graso.<\/p>\n<h2 class=\"wp-block-heading\"><strong>\u00bfC\u00f3mo se celebra este d\u00eda mundial?<\/strong><\/h2>\n<p>En la celebraci\u00f3n del\u00a0<strong>D\u00eda Mundial de las Lipodistrofias<\/strong>\u00a0se iluminan las edificaciones de color turquesa, en homenaje a todas las personas que padecen esta rara enfermedad.<\/p>\n<p>Se realizan campa\u00f1as educativas y de sensibilizaci\u00f3n, as\u00ed como actividades y eventos realizados por organismos e instituciones vinculadas con esta patolog\u00eda poco frecuente.<\/p>\n<p>\u00danete junto a tu familia y amigos para festejar este d\u00eda, haciendo una foto a tu mano realizando un gesto con el dedo pulgar e \u00edndice de la mano izquierda, formando una \"L\" (simboliza la letra inicial de la palabra lipodistrofia).<\/p>\n<p>Publ\u00edcala en tus redes sociales y comparte informaci\u00f3n sobre el\u00a0<strong>D\u00eda Mundial de las Lipodistrofias<\/strong>.<\/p>\n<p>\u200bEl 31 de marzo se celebra el D\u00eda Mundial de las Lipodistrofias, con la finalidad de sensibilizar a la poblaci\u00f3n acerca de esta patolog\u00eda poco frecuente que incide en la calidad de vida de los pacientes. Presenta una incidencia de 4,7 casos por cada mill\u00f3n de habitantes. \u00bfPor qu\u00e9 se celebra el D\u00eda Mundial de\u00a0\u00a0Efem\u00e9rides, Lipodistrofias\u00a0\u00a0<\/p>\n","protected":false},"excerpt":{"rendered":"<p>El 31 de marzo se celebra el D\u00eda Mundial de las Lipodistrofias, con la finalidad de sensibilizar a la poblaci\u00f3n acerca de esta patolog\u00eda poco frecuente que incide en la calidad de vida de los pacientes. Presenta una incidencia de 4,7 casos por cada mill\u00f3n de habitantes. \u00bfPor qu\u00e9 se celebra el D\u00eda Mundial de [&hellip;]<\/p>\n","protected":false},"author":1,"featured_media":9714,"comment_status":"open","ping_status":"open","sticky":false,"template":"","format":"standard","meta":{"amp_status":"","footnotes":""},"categories":[3],"tags":[],"class_list":["post-9713","post","type-post","status-publish","format-standard","has-post-thumbnail","hentry","category-de-ultimo-minuto"],"_links":{"self":[{"href":"https:\/\/ermdigital.com\/index.php\/wp-json\/wp\/v2\/posts\/9713","targetHints":{"allow":["GET"]}}],"collection":[{"href":"https:\/\/ermdigital.com\/index.php\/wp-json\/wp\/v2\/posts"}],"about":[{"href":"https:\/\/ermdigital.com\/index.php\/wp-json\/wp\/v2\/types\/post"}],"author":[{"embeddable":true,"href":"https:\/\/ermdigital.com\/index.php\/wp-json\/wp\/v2\/users\/1"}],"replies":[{"embeddable":true,"href":"https:\/\/ermdigital.com\/index.php\/wp-json\/wp\/v2\/comments?post=9713"}],"version-history":[{"count":0,"href":"https:\/\/ermdigital.com\/index.php\/wp-json\/wp\/v2\/posts\/9713\/revisions"}],"wp:featuredmedia":[{"embeddable":true,"href":"https:\/\/ermdigital.com\/index.php\/wp-json\/wp\/v2\/media\/9714"}],"wp:attachment":[{"href":"https:\/\/ermdigital.com\/index.php\/wp-json\/wp\/v2\/media?parent=9713"}],"wp:term":[{"taxonomy":"category","embeddable":true,"href":"https:\/\/ermdigital.com\/index.php\/wp-json\/wp\/v2\/categories?post=9713"},{"taxonomy":"post_tag","embeddable":true,"href":"https:\/\/ermdigital.com\/index.php\/wp-json\/wp\/v2\/tags?post=9713"}],"curies":[{"name":"wp","href":"https:\/\/api.w.org\/{rel}","templated":true}]}}