{"id":9711,"date":"2026-03-31T07:15:00","date_gmt":"2026-03-31T11:15:00","guid":{"rendered":"https:\/\/ermdigital.com\/index.php\/2026\/03\/31\/agenda-del-dia-martes-31-de-marzo-de-2026\/"},"modified":"2026-03-31T07:15:00","modified_gmt":"2026-03-31T11:15:00","slug":"agenda-del-dia-martes-31-de-marzo-de-2026","status":"publish","type":"post","link":"https:\/\/ermdigital.com\/index.php\/2026\/03\/31\/agenda-del-dia-martes-31-de-marzo-de-2026\/","title":{"rendered":"Agenda del d\u00eda: martes 31 de marzo de 2026"},"content":{"rendered":"<p><strong>Santo Domingo<\/strong>.- Estas son las actividades m\u00e1s relevantes pautadas para el d\u00eda martes 31 de\u00a0<a href=\"https:\/\/deultimominuto.net\/\">marzo <\/a>de 2026 en las principales ciudades del territorio dominicano.<\/p>\n<h6 class=\"wp-block-heading has-text-align-center\"><strong><a href=\"https:\/\/www.youtube.com\/@deultimominutotv\" target=\"_blank\" rel=\"noreferrer noopener\">Agenda del d\u00eda:<\/a><\/strong><\/h6>\n<p><strong>9:00 a.m. Rueda de prensa<\/strong> del Servicio Nacional de Salud (SNS). <strong>Lugar<\/strong>: Hospital Traumatol\u00f3gico Dr. Dar\u00edo Contreras.<\/p>\n<p><strong>10:00 a.m. Lanzamiento<\/strong> de la oferta curricular de la Facultad de Ciencias Econ\u00f3micas y Sociales. <strong>Lugar<\/strong>: Paraninfo Prof. Ricardo Michel de la Facultad de Ciencias Econ\u00f3micas y Sociales de la UASD.<\/p>\n<p>\u200bSanto Domingo.- Estas son las actividades m\u00e1s relevantes pautadas para el d\u00eda martes 31 de\u00a0marzo de 2026 en las principales ciudades del territorio dominicano. Agenda del d\u00eda: 9:00 a.m. Rueda de prensa del Servicio Nacional de Salud (SNS). Lugar: Hospital Traumatol\u00f3gico Dr. Dar\u00edo Contreras. 10:00 a.m. Lanzamiento de la oferta curricular de la Facultad de\u00a0\u00a0Agenda del d\u00eda, Agenda del D\u00eda &#8211; De \u00daltimo Minuto\u00a0\u00a0<\/p>\n","protected":false},"excerpt":{"rendered":"<p>Santo Domingo.- Estas son las actividades m\u00e1s relevantes pautadas para el d\u00eda martes 31 de\u00a0marzo de 2026 en las principales ciudades del territorio dominicano. Agenda del d\u00eda: 9:00 a.m. Rueda de prensa del Servicio Nacional de Salud (SNS). Lugar: Hospital Traumatol\u00f3gico Dr. Dar\u00edo Contreras. 10:00 a.m. Lanzamiento de la oferta curricular de la Facultad de [&hellip;]<\/p>\n","protected":false},"author":1,"featured_media":9712,"comment_status":"open","ping_status":"open","sticky":false,"template":"","format":"standard","meta":{"amp_status":"","footnotes":""},"categories":[3],"tags":[],"class_list":["post-9711","post","type-post","status-publish","format-standard","has-post-thumbnail","hentry","category-de-ultimo-minuto"],"_links":{"self":[{"href":"https:\/\/ermdigital.com\/index.php\/wp-json\/wp\/v2\/posts\/9711","targetHints":{"allow":["GET"]}}],"collection":[{"href":"https:\/\/ermdigital.com\/index.php\/wp-json\/wp\/v2\/posts"}],"about":[{"href":"https:\/\/ermdigital.com\/index.php\/wp-json\/wp\/v2\/types\/post"}],"author":[{"embeddable":true,"href":"https:\/\/ermdigital.com\/index.php\/wp-json\/wp\/v2\/users\/1"}],"replies":[{"embeddable":true,"href":"https:\/\/ermdigital.com\/index.php\/wp-json\/wp\/v2\/comments?post=9711"}],"version-history":[{"count":0,"href":"https:\/\/ermdigital.com\/index.php\/wp-json\/wp\/v2\/posts\/9711\/revisions"}],"wp:featuredmedia":[{"embeddable":true,"href":"https:\/\/ermdigital.com\/index.php\/wp-json\/wp\/v2\/media\/9712"}],"wp:attachment":[{"href":"https:\/\/ermdigital.com\/index.php\/wp-json\/wp\/v2\/media?parent=9711"}],"wp:term":[{"taxonomy":"category","embeddable":true,"href":"https:\/\/ermdigital.com\/index.php\/wp-json\/wp\/v2\/categories?post=9711"},{"taxonomy":"post_tag","embeddable":true,"href":"https:\/\/ermdigital.com\/index.php\/wp-json\/wp\/v2\/tags?post=9711"}],"curies":[{"name":"wp","href":"https:\/\/api.w.org\/{rel}","templated":true}]}}