{"id":9693,"date":"2026-03-31T06:00:00","date_gmt":"2026-03-31T10:00:00","guid":{"rendered":"https:\/\/ermdigital.com\/index.php\/2026\/03\/31\/efemerides-del-31-de-marzo\/"},"modified":"2026-03-31T06:00:00","modified_gmt":"2026-03-31T10:00:00","slug":"efemerides-del-31-de-marzo","status":"publish","type":"post","link":"https:\/\/ermdigital.com\/index.php\/2026\/03\/31\/efemerides-del-31-de-marzo\/","title":{"rendered":"Efem\u00e9rides del 31 de marzo"},"content":{"rendered":"<p><strong>Santo Domingo.-<\/strong>\u00a0Las efem\u00e9rides del\u00a0<strong>31 de\u00a0marzo,<\/strong>\u00a0est\u00e1n<a href=\"https:\/\/deultimominuto.net\/estilo\/efemerides\/efemerides-del-30-de-marzo\/\"> marcadas<\/a> por importantes acontecimientos hist\u00f3ricos y celebraciones internacionales que dejaron huella en la historia mundial.\u00a0<strong>A continuaci\u00f3n, las principales efem\u00e9rides del 31 de marzo:<\/strong><\/p>\n<ul class=\"wp-block-list\">\n<li>D\u00eda Mundial de las Lipodistrofias<\/li>\n<li>D\u00eda Mundial Contra el C\u00e1ncer de Colon<\/li>\n<li>D\u00eda Internacional de la Visibilidad Transg\u00e9nero<\/li>\n<li>D\u00eda de la Torre Eiffel<\/li>\n<\/ul>\n<p><strong>Santoral:<\/strong>\u00a0Santas Balbina y Cornelia. San Guy de Pomposa, Profeta Am\u00f3s.<\/p>\n<h2 class=\"wp-block-heading\"><strong>Nacionales: Efem\u00e9rides del 31 de marzo<\/strong><\/h2>\n<ul class=\"wp-block-list\">\n<li><strong>1864.\u00a0<\/strong>El mariscal de campo Jos\u00e9 de la G\u00e1ndara y Navarro asume el mando de la colonia espa\u00f1ola en La Espa\u00f1ola.<\/li>\n<li><strong>1876.<\/strong>\u00a0Es aprobada en Santo Domingo la d\u00e9cima modificaci\u00f3n constitucional (en los \u00faltimos tres a\u00f1os).<\/li>\n<li><strong>1905.<\/strong>\u00a0El Presidente Carlos Morales Languasco emite un decreto de recaudaci\u00f3n aduanal, cuyos ingresos se distribuir\u00e1n as\u00ed: 45% al Gobierno Dominicano y el 55% restante, para el pago de la deuda externa nacional.<\/li>\n<li><strong>1938.<\/strong>\u00a0Se inicia la publicaci\u00f3n del bolet\u00edn del Archivo General de la Naci\u00f3n.<\/li>\n<li><strong>1960.<\/strong>\u00a0El sicario cubano Francisco Quintana Valdez ofrece al FBI detalles de c\u00f3mo \u00e9l y su compatriota Artemio Molina Fern\u00e1ndez asesinaron al escritor espa\u00f1ol Jos\u00e9 Almoina Mateos, por orden del dictador Rafael Trujillo.<\/li>\n<li><strong>1963.\u00a0<\/strong>Varios dirigentes del partido comunista Movimiento Popular Dominicano (MPD), encabezados por M\u00e1ximo L\u00f3pez Molina regresan al pa\u00eds, siendo recibidos por un grupo de personas que gritaban \u201cPatria o Muerte\u201d y \u201cFuera los Yanquis\u201d.<\/li>\n<li><strong>1970.<\/strong>\u00a0Durante una manifestaci\u00f3n de trabajadores realizada en Puerto Plata, son asesinados los obreros portuarios Tom\u00e1s Severo hijo, Severino Pascual, Pedro Almonte y Carlos Santos L\u00f3pez.<\/li>\n<li><strong>1993.<\/strong>\u00a0Representantes de los partidos PRD, PLD y PRSC acogen la propuesta de que el cardenal Nicol\u00e1s de Js. L\u00f3pez Rodr\u00edguez medie entre la JCE y las organizaciones pol\u00edticas, para resolver el diferendo por la firma del contrato con la IBM\/Kodak en la actualizaci\u00f3n del padr\u00f3n electoral.<\/li>\n<li><strong>2008.<\/strong>\u00a0La Procuradur\u00eda General de la Rep\u00fablica revela que, seg\u00fan sus estad\u00edsticas, durante 2007 hubo 803 homicidios vinculados a la delincuencia com\u00fan.<\/li>\n<li><strong>2015.\u00a0<\/strong>La tradicional empresa Cervecer\u00eda Nacional Dominicana (CND) desaparece como persona jur\u00eddica, al ser absorbida por brasile\u00f1a Cervecera Ambev Dominicana, S.A., como parte del proceso de fusi\u00f3n de ambas firmas licoreras.<\/li>\n<\/ul>\n<h2 class=\"wp-block-heading\"><strong>Internacionales: Efem\u00e9rides del 31 de marzo<\/strong><\/h2>\n<ul class=\"wp-block-list\">\n<li><strong>1492.<\/strong>\u00a0Los Reyes Cat\u00f3licos de Espa\u00f1a, Fernando II e Isabel I, firman el decreto de expulsi\u00f3n de todo su territorio de los jud\u00edos que no se conviertan al cristianismo, en un plazo de cuatro meses.<\/li>\n<li><strong>1493.<\/strong>\u00a0Muere el navegante espa\u00f1ol Mart\u00edn Alonso Pinz\u00f3n.<\/li>\n<li><strong>1854.<\/strong>\u00a0Es firmado el tratado de paz y amistad ente Jap\u00f3n y los EE.UU., por el cual se abrieron los puertos de Sidoma y Hakodate.<\/li>\n<li><strong>1917.<\/strong>\u00a0Estados Unidos toma el control de las islas V\u00edrgenes compradas a Dinamarca por 20 millones de d\u00f3lares.<\/li>\n<li><strong><\/strong><strong>1931.<\/strong>\u00a0Un terremoto devasta Managua y deja un saldo de 1,500 muertos y 3,000 heridos.<\/li>\n<li><strong>1939.<\/strong>\u00a0Francia y Gran Breta\u00f1a garantizan la integridad de las fronteras del estado polaco.<\/li>\n<li><strong>1948.<\/strong>\u00a0Es aprobado en los EEUU el llamado \u201cPlan Marshall\u201d.<\/li>\n<li><strong>1989.<\/strong>\u00a0El l\u00edder Mohammed Yasir Abdel Rahman Abdel Raouf Arafat al-Qudwa al-Husseini, mejor conocido como Yaser Arafat, es proclamado presidente de Palestina por decisi\u00f3n un\u00e1nime de los 70 miembros del Comit\u00e9 Central de la OLP.<\/li>\n<li><strong>1990.<\/strong>\u00a0El cantautor cubano\u00a0Silvio Rodr\u00edguez\u00a0ofrece un concierto ante 75,000 personas en el\u00a0Estadio Nacional\u00a0de\u00a0Santiago de Chile, despu\u00e9s de tener prohibido su ingreso al pa\u00eds por 17 a\u00f1os, durante la\u00a0dictadura\u00a0de\u00a0Augusto Pinochet\u00a0.<\/li>\n<li><strong>1992.<\/strong>\u00a0Boris Yeltsin firma en Mosc\u00fa el Tratado de la Federaci\u00f3n con 18 rep\u00fablicas rusas.<\/li>\n<li><strong>1995.<\/strong>\u00a0Es asesinada en un hotel de la ciudad de Corpus Cristo, Texas, la cantante mexico-estadounidense Selena Quintanilla-P\u00e9rez, llamada \u201cla reina del tex mex\u201d.<\/li>\n<li><strong>1997.<\/strong>\u00a0En la\u00a0estaci\u00f3n de Huarte-Araquil\u00a0(Navarra,\u00a0Espa\u00f1a), se produce un accidente ferroviario causando 18 muertos y entre 80 y 100 heridos.<\/li>\n<li><strong>2006.<\/strong>\u00a0El presidente franc\u00e9s, Jacques Chirac, anuncia que promulgar\u00e1 la ley del Contrato de Primer Empleo, pero pide modificar sus puntos m\u00e1s criticados antes de ser aplicado, despu\u00e9s de cuatro jornadas de movilizaciones populares.<\/li>\n<li><strong>2009.<\/strong>\u00a0Fallece a los 82 a\u00f1os, el expresidente argentino Ra\u00fal Alfons\u00edn, quien gobern\u00f3 su pa\u00eds del\u00a010 de diciembre\u00a0de\u00a01983\u00a0&#8211;\u00a08 de julio\u00a0de\u00a01989, debido a un\u00a0c\u00e1ncer de pulm\u00f3n.<\/li>\n<li><strong>2014<\/strong><strong>.<\/strong>\u00a0El escritor colombiano Gabriel Garc\u00eda M\u00e1rquez es hospitalizado en un centro m\u00e9dico de Ciudad de M\u00e9xico debido a una neumon\u00eda. Muri\u00f3 dos semanas despu\u00e9s.<\/li>\n<li><strong>2017.<\/strong>\u00a0Tras una noche de lluvias, la ciudad de Mocoa, Colombia, queda destruida, cuya cifra de muertos y desaparecidos sigue siendo incierta.<\/li>\n<li><strong>2021.<\/strong>\u00a0Un tribunal federal de Nueva York impone la pena m\u00e1xima, m\u00e1s 30 a\u00f1os, al latino Antonio (Tony) Hern\u00e1ndez -hermano del presidente de Honduras Juan Orlando Hern\u00e1ndez-, por los cargos de narcotr\u00e1fico, uso de armamento y atentar contra la salud y seguridad de Estados Unidos y Honduras, durante m\u00e1s de 12 a\u00f1os.<\/li>\n<\/ul>\n<h2 class=\"wp-block-heading\"><strong>Nacimientos: Efem\u00e9rides del 31 de marzo<\/strong><\/p>\n<p>1596 \u2013 <strong>Ren\u00e9 Descartes<\/strong> Fil\u00f3sofo, matem\u00e1tico y cient\u00edfico franc\u00e9s, considerado el padre de la filosof\u00eda moderna.<\/h2>\n<ul class=\"wp-block-list\">\n<li><strong>1732 <\/strong>.Franz Joseph Haydn Compositor austr\u00edaco, una de las figuras m\u00e1s importantes del clasicismo musical.<\/li>\n<li><strong>1927.<\/strong> C\u00e9sar Ch\u00e1vez Activista y l\u00edder sindical estadounidense, defensor de los trabajadores agr\u00edcolas.<\/li>\n<li><strong>1943 .<\/strong> Christopher Walken Actor estadounidense, ganador del premio \u00d3scar y reconocido por su estilo \u00fanico.<\/li>\n<li><strong>1955. <\/strong>Angus Young<strong> <\/strong>Guitarrista y cofundador de la banda de rock <strong>AC\/DC<\/strong>.<\/li>\n<li><strong>1971.<\/strong> Ewan McGregor Actor escoc\u00e9s, famoso por su papel de Obi-Wan Kenobi en <em>Star Wars<\/em>.<\/li>\n<\/ul>\n<h2 class=\"wp-block-heading\"><strong>Fallecimientos: Efem\u00e9rides del 31 de marzo<\/strong><\/h2>\n<ul class=\"wp-block-list\">\n<li><strong>1547<\/strong>. Francisco I de Francia Rey de Francia, destacado monarca del Renacimiento y rival del emperador Carlos V.<\/li>\n<li><strong>1880<\/strong>.Henryk Wieniawski Violinista y compositor polaco, considerado uno de los grandes virtuosos del siglo XIX.<\/li>\n<li><strong>1917<\/strong>. Emil Adolf von Behring M\u00e9dico y bacteri\u00f3logo alem\u00e1n, primer ganador del Premio Nobel de Medicina.<\/li>\n<li><strong>1993<\/strong>. Brandon Lee Actor estadounidense, fallecido tr\u00e1gicamente durante el rodaje de la pel\u00edcula <em>The Crow<\/em>.<\/li>\n<li><strong>1995<\/strong>. Selena Cantante estadounidense de m\u00fasica tejana, conocida como la \u201cReina del Tex-Mex\u201d.<\/li>\n<\/ul>\n<p>\u200bSanto Domingo.-\u00a0Las efem\u00e9rides del\u00a031 de\u00a0marzo,\u00a0est\u00e1n marcadas por importantes acontecimientos hist\u00f3ricos y celebraciones internacionales que dejaron huella en la historia mundial.\u00a0A continuaci\u00f3n, las principales efem\u00e9rides del 31 de marzo: Santoral:\u00a0Santas Balbina y Cornelia. San Guy de Pomposa, Profeta Am\u00f3s. Nacionales: Efem\u00e9rides del 31 de marzo Internacionales: Efem\u00e9rides del 31 de marzo Nacimientos: Efem\u00e9rides del 31 de\u00a0\u00a0Efem\u00e9rides, efem\u00e9rides\u00a0\u00a0<\/p>\n","protected":false},"excerpt":{"rendered":"<p>Santo Domingo.-\u00a0Las efem\u00e9rides del\u00a031 de\u00a0marzo,\u00a0est\u00e1n marcadas por importantes acontecimientos hist\u00f3ricos y celebraciones internacionales que dejaron huella en la historia mundial.\u00a0A continuaci\u00f3n, las principales efem\u00e9rides del 31 de marzo: D\u00eda Mundial de las Lipodistrofias D\u00eda Mundial Contra el C\u00e1ncer de Colon D\u00eda Internacional de la Visibilidad Transg\u00e9nero D\u00eda de la Torre Eiffel Santoral:\u00a0Santas Balbina y Cornelia. [&hellip;]<\/p>\n","protected":false},"author":1,"featured_media":9694,"comment_status":"open","ping_status":"open","sticky":false,"template":"","format":"standard","meta":{"amp_status":"","footnotes":""},"categories":[3],"tags":[],"class_list":["post-9693","post","type-post","status-publish","format-standard","has-post-thumbnail","hentry","category-de-ultimo-minuto"],"_links":{"self":[{"href":"https:\/\/ermdigital.com\/index.php\/wp-json\/wp\/v2\/posts\/9693","targetHints":{"allow":["GET"]}}],"collection":[{"href":"https:\/\/ermdigital.com\/index.php\/wp-json\/wp\/v2\/posts"}],"about":[{"href":"https:\/\/ermdigital.com\/index.php\/wp-json\/wp\/v2\/types\/post"}],"author":[{"embeddable":true,"href":"https:\/\/ermdigital.com\/index.php\/wp-json\/wp\/v2\/users\/1"}],"replies":[{"embeddable":true,"href":"https:\/\/ermdigital.com\/index.php\/wp-json\/wp\/v2\/comments?post=9693"}],"version-history":[{"count":0,"href":"https:\/\/ermdigital.com\/index.php\/wp-json\/wp\/v2\/posts\/9693\/revisions"}],"wp:featuredmedia":[{"embeddable":true,"href":"https:\/\/ermdigital.com\/index.php\/wp-json\/wp\/v2\/media\/9694"}],"wp:attachment":[{"href":"https:\/\/ermdigital.com\/index.php\/wp-json\/wp\/v2\/media?parent=9693"}],"wp:term":[{"taxonomy":"category","embeddable":true,"href":"https:\/\/ermdigital.com\/index.php\/wp-json\/wp\/v2\/categories?post=9693"},{"taxonomy":"post_tag","embeddable":true,"href":"https:\/\/ermdigital.com\/index.php\/wp-json\/wp\/v2\/tags?post=9693"}],"curies":[{"name":"wp","href":"https:\/\/api.w.org\/{rel}","templated":true}]}}