{"id":9691,"date":"2026-03-31T06:20:00","date_gmt":"2026-03-31T10:20:00","guid":{"rendered":"https:\/\/ermdigital.com\/index.php\/2026\/03\/31\/dia-internacional-de-la-visibilidad-trans-promueve-respeto-e-inclusion-a-nivel-global\/"},"modified":"2026-03-31T06:20:00","modified_gmt":"2026-03-31T10:20:00","slug":"dia-internacional-de-la-visibilidad-trans-promueve-respeto-e-inclusion-a-nivel-global","status":"publish","type":"post","link":"https:\/\/ermdigital.com\/index.php\/2026\/03\/31\/dia-internacional-de-la-visibilidad-trans-promueve-respeto-e-inclusion-a-nivel-global\/","title":{"rendered":"D\u00eda Internacional de la Visibilidad Trans promueve respeto e inclusi\u00f3n a nivel global"},"content":{"rendered":"<p>Cada 31 de marzo se conmemora el D\u00eda Internacional de la Visibilidad Trans, una fecha dedicada a reconocer la vida, aportes y luchas de las personas transg\u00e9nero, as\u00ed como a visibilizar los desaf\u00edos que a\u00fan enfrentan en distintas partes del mundo.<\/p>\n<p>La iniciativa fue impulsada en 2009 por la activista estadounidense Rachel Crandall, con el prop\u00f3sito de crear un espacio de celebraci\u00f3n que resaltara la existencia y resiliencia de la comunidad trans, m\u00e1s all\u00e1 del enfoque en la violencia que caracteriza otras fechas conmemorativas.<\/p>\n<p>A lo largo de los a\u00f1os, esta jornada ha ganado relevancia internacional, siendo adoptada por organizaciones sociales, instituciones p\u00fablicas y l\u00edderes mundiales que promueven la igualdad de derechos, la inclusi\u00f3n y el respeto hacia la diversidad de g\u00e9nero.<\/p>\n<p>En este contexto, activistas y defensores de derechos humanos reiteran el llamado a erradicar la discriminaci\u00f3n, garantizar el acceso a oportunidades en \u00e1reas como la salud, educaci\u00f3n y empleo, y fomentar una cultura de respeto que permita a las personas trans vivir con dignidad y sin temor.<\/p>\n<h5 class=\"wp-block-heading\"><strong>Recomendamos leer:<a href=\"https:\/\/deultimominuto.net\/internacionales\/la-primera-marcha-trans-de-peru-alza-la-voz-ante-las\/\">La primera marcha trans de Per\u00fa alza la voz ante las \u00abpol\u00edticas medievales\u00bb y la estigmatizaci\u00f3n<\/a><\/strong><\/h5>\n<p>El D\u00eda Internacional de la Visibilidad Trans se consolida as\u00ed como una oportunidad para reflexionar, educar y avanzar hacia sociedades m\u00e1s justas e inclusivas para todos.<\/p>\n<\/p>\n<p>\u200bCada 31 de marzo se conmemora el D\u00eda Internacional de la Visibilidad Trans, una fecha dedicada a reconocer la vida, aportes y luchas de las personas transg\u00e9nero, as\u00ed como a visibilizar los desaf\u00edos que a\u00fan enfrentan en distintas partes del mundo. La iniciativa fue impulsada en 2009 por la activista estadounidense Rachel Crandall, con el\u00a0\u00a0Efem\u00e9rides\u00a0\u00a0<\/p>\n","protected":false},"excerpt":{"rendered":"<p>Cada 31 de marzo se conmemora el D\u00eda Internacional de la Visibilidad Trans, una fecha dedicada a reconocer la vida, aportes y luchas de las personas transg\u00e9nero, as\u00ed como a visibilizar los desaf\u00edos que a\u00fan enfrentan en distintas partes del mundo. La iniciativa fue impulsada en 2009 por la activista estadounidense Rachel Crandall, con el [&hellip;]<\/p>\n","protected":false},"author":1,"featured_media":9692,"comment_status":"open","ping_status":"open","sticky":false,"template":"","format":"standard","meta":{"amp_status":"","footnotes":""},"categories":[3],"tags":[],"class_list":["post-9691","post","type-post","status-publish","format-standard","has-post-thumbnail","hentry","category-de-ultimo-minuto"],"_links":{"self":[{"href":"https:\/\/ermdigital.com\/index.php\/wp-json\/wp\/v2\/posts\/9691","targetHints":{"allow":["GET"]}}],"collection":[{"href":"https:\/\/ermdigital.com\/index.php\/wp-json\/wp\/v2\/posts"}],"about":[{"href":"https:\/\/ermdigital.com\/index.php\/wp-json\/wp\/v2\/types\/post"}],"author":[{"embeddable":true,"href":"https:\/\/ermdigital.com\/index.php\/wp-json\/wp\/v2\/users\/1"}],"replies":[{"embeddable":true,"href":"https:\/\/ermdigital.com\/index.php\/wp-json\/wp\/v2\/comments?post=9691"}],"version-history":[{"count":0,"href":"https:\/\/ermdigital.com\/index.php\/wp-json\/wp\/v2\/posts\/9691\/revisions"}],"wp:featuredmedia":[{"embeddable":true,"href":"https:\/\/ermdigital.com\/index.php\/wp-json\/wp\/v2\/media\/9692"}],"wp:attachment":[{"href":"https:\/\/ermdigital.com\/index.php\/wp-json\/wp\/v2\/media?parent=9691"}],"wp:term":[{"taxonomy":"category","embeddable":true,"href":"https:\/\/ermdigital.com\/index.php\/wp-json\/wp\/v2\/categories?post=9691"},{"taxonomy":"post_tag","embeddable":true,"href":"https:\/\/ermdigital.com\/index.php\/wp-json\/wp\/v2\/tags?post=9691"}],"curies":[{"name":"wp","href":"https:\/\/api.w.org\/{rel}","templated":true}]}}