{"id":9653,"date":"2026-03-31T04:00:39","date_gmt":"2026-03-31T08:00:39","guid":{"rendered":"https:\/\/ermdigital.com\/index.php\/2026\/03\/31\/hace-150-anos-espana-tomo-una-decision-unica-en-el-mundo-ouigo-e-iryo-creen-que-renfe-la-utiliza-para-sacarles-del-mercado\/"},"modified":"2026-03-31T04:00:39","modified_gmt":"2026-03-31T08:00:39","slug":"hace-150-anos-espana-tomo-una-decision-unica-en-el-mundo-ouigo-e-iryo-creen-que-renfe-la-utiliza-para-sacarles-del-mercado","status":"publish","type":"post","link":"https:\/\/ermdigital.com\/index.php\/2026\/03\/31\/hace-150-anos-espana-tomo-una-decision-unica-en-el-mundo-ouigo-e-iryo-creen-que-renfe-la-utiliza-para-sacarles-del-mercado\/","title":{"rendered":"Hace 150 a\u00f1os, Espa\u00f1a tom\u00f3 una decisi\u00f3n \u00fanica en el mundo. Ouigo e Iryo creen que Renfe la utiliza para sacarles del mercado"},"content":{"rendered":"<p>\n      <img decoding=\"async\" src=\"https:\/\/i.blogs.es\/c239ce\/j23_465_valencia_dreischienengleisschwellen_599\/1024_2000.jpeg\" alt=\"Hace 150 a\u00f1os, Espa\u00f1a tom\u00f3 una decisi\u00f3n \u00fanica en el mundo. Ouigo e Iryo creen que Renfe la utiliza para sacarles del mercado \">\n    <\/p>\n<p>No tienen material rodante. Y lo peor de todo (para ellas) es que no lo van a tener. Ouigo, Iryo y una tercera compa\u00f1\u00eda de material rodante han alzado la voz ante la Comisi\u00f3n Nacional de los Mercados y la Competencia (CNMC) para dejar claro que el sistema actual con dos anchos de v\u00eda les resta competitividad en nuestro pa\u00eds frente a Renfe.\u00a0<\/p>\n<p><!-- BREAK 1 --><\/p>\n<p>Y no parece que vaya a cambiar a corto plazo.\u00a0<\/p>\n<p><strong>\u00bfQu\u00e9 ha pasado?<\/strong> La CNMC ha publicado un documento con el nombre <a rel=\"noopener, noreferrer\" href=\"https:\/\/www.cnmc.es\/sites\/default\/files\/6459833.pdf\">\"Informe sobre las barreras t\u00e9cnicas a la prestaci\u00f3n de servicios ferroviarios\"<\/a>. En \u00e9l se recogen los retos y las intervenciones que deber\u00eda llevar a cabo Espa\u00f1a en los pr\u00f3ximos a\u00f1os.\u00a0<\/p>\n<p><!-- BREAK 2 --><\/p>\n<p>En el mismo se especifica que el sistema ferroviario espa\u00f1ol tiene la obligaci\u00f3n de mejorar la interoperabilidad con sus pa\u00edses vecinos, tanto para facilitar el flujo de pasajeros como el de mercanc\u00edas. Pero hay un inconveniente: los anchos de v\u00eda. Y ese inconveniente tiene un impacto econ\u00f3mico muy relevante.\u00a0<\/p>\n<div class=\"article-asset article-asset-normal article-asset-center\">\n<div class=\"desvio-container\">\n<div class=\"desvio\">\n<div class=\"desvio-figure js-desvio-figure\">\n    <a href=\"https:\/\/www.xataka.com\/movilidad\/portugal-tenia-que-elegir-a-donde-llevar-primero-su-ave-madrid-galicia-tiene-claro\" class=\"pivot-outboundlink\" data-vars-post-title=\"Portugal ten\u00eda que elegir a d\u00f3nde llevar primero su AVE. Y entre Madrid y Galicia, lo tiene muy claro\"><br \/>\n     <img loading=\"lazy\" decoding=\"async\" alt=\"Portugal ten\u00eda que elegir a d\u00f3nde llevar primero su AVE. Y entre Madrid y Galicia, lo tiene muy claro\" width=\"375\" height=\"142\" src=\"https:\/\/i.blogs.es\/02184b\/trenes-madrid-galicia\/375_142.jpeg\"><br \/>\n    <\/a>\n   <\/div>\n<div class=\"desvio-summary\">\n<div class=\"desvio-taxonomy js-desvio-taxonomy\">\n     <a href=\"https:\/\/www.xataka.com\/movilidad\/portugal-tenia-que-elegir-a-donde-llevar-primero-su-ave-madrid-galicia-tiene-claro\" class=\"desvio-taxonomy-anchor pivot-outboundlink\" data-vars-post-title=\"Portugal ten\u00eda que elegir a d\u00f3nde llevar primero su AVE. Y entre Madrid y Galicia, lo tiene muy claro\">En Xataka<\/a>\n    <\/div>\n<p>    <a href=\"https:\/\/www.xataka.com\/movilidad\/portugal-tenia-que-elegir-a-donde-llevar-primero-su-ave-madrid-galicia-tiene-claro\" class=\"desvio-title js-desvio-title pivot-outboundlink\" data-vars-post-title=\"Portugal ten\u00eda que elegir a d\u00f3nde llevar primero su AVE. Y entre Madrid y Galicia, lo tiene muy claro\">Portugal ten\u00eda que elegir a d\u00f3nde llevar primero su AVE. Y entre Madrid y Galicia, lo tiene muy claro<\/a>\n   <\/div>\n<\/p><\/div>\n<\/p><\/div>\n<\/div>\n<p><strong>Se quejan<\/strong>. En el documento <a rel=\"noopener, noreferrer\" href=\"https:\/\/www.cnmc.es\/prensa\/analisis-barreras-tecnicas-transporte-ferroviario-20260323\">se recogen las diferentes posturas<\/a> de los implicados. Y en \u00e9l se se\u00f1ala que \"Ouigo, Iryo y un fabricante de material rodante (no se especifica cu\u00e1l) alertan de que la incertidumbre sobre el calendario y los detalles del Plan de migraci\u00f3n de ancho, as\u00ed como sobre la unificaci\u00f3n del sistema de electrificaci\u00f3n y la implantaci\u00f3n del sistema de se\u00f1alizaci\u00f3n ERTMS, dificulta la toma de decisiones sobre inversiones estrat\u00e9gicas, y piden que se elabore y publique cuanto antes el Plan de migraci\u00f3n de ancho de v\u00eda\".\u00a0<\/p>\n<p><!-- BREAK 3 --><\/p>\n<p>En resumidas cuentas: los dos operadores y el fabricante de material rodante se quejan de que Adif no tiene un plan claro sobre si los anchos de v\u00eda ib\u00e9ricos en la alta velocidad se van a adaptar a los est\u00e1ndares europeos, que se mueven en ancho est\u00e1ndar. Lo mismo sucede con la unificaci\u00f3n del sistema de electrificaci\u00f3n y la implantaci\u00f3n definitiva del sistema ERTMS.\u00a0<\/p>\n<div class=\"article-asset article-asset-normal article-asset-center\">\n<div class=\"desvio-container\">\n<div class=\"desvio\">\n<div class=\"desvio-figure js-desvio-figure\">\n    <a href=\"https:\/\/www.xataka.com\/movilidad\/siglo-xix-espana-tomo-extrana-decision-construir-sus-vias-ancho-iberico-ahora-van-a-ser-regalo-para-renfe-galicia\" class=\"pivot-outboundlink\" data-vars-post-title=\"En el siglo XIX, Espa\u00f1a tom\u00f3 la extra\u00f1a decisi\u00f3n de construir sus v\u00edas en ancho ib\u00e9rico. Ahora van a ser un regalo para Renfe en Galicia \"><br \/>\n     <img loading=\"lazy\" decoding=\"async\" alt=\"En el siglo XIX, Espa\u00f1a tom\u00f3 la extra\u00f1a decisi\u00f3n de construir sus v\u00edas en ancho ib\u00e9rico. Ahora van a ser un regalo para Renfe en Galicia \" width=\"375\" height=\"142\" src=\"https:\/\/i.blogs.es\/97cbe3\/trenes-galicia\/375_142.jpeg\"><br \/>\n    <\/a>\n   <\/div>\n<div class=\"desvio-summary\">\n<div class=\"desvio-taxonomy js-desvio-taxonomy\">\n     <a href=\"https:\/\/www.xataka.com\/movilidad\/siglo-xix-espana-tomo-extrana-decision-construir-sus-vias-ancho-iberico-ahora-van-a-ser-regalo-para-renfe-galicia\" class=\"desvio-taxonomy-anchor pivot-outboundlink\" data-vars-post-title=\"En el siglo XIX, Espa\u00f1a tom\u00f3 la extra\u00f1a decisi\u00f3n de construir sus v\u00edas en ancho ib\u00e9rico. Ahora van a ser un regalo para Renfe en Galicia \">En Xataka<\/a>\n    <\/div>\n<p>    <a href=\"https:\/\/www.xataka.com\/movilidad\/siglo-xix-espana-tomo-extrana-decision-construir-sus-vias-ancho-iberico-ahora-van-a-ser-regalo-para-renfe-galicia\" class=\"desvio-title js-desvio-title pivot-outboundlink\" data-vars-post-title=\"En el siglo XIX, Espa\u00f1a tom\u00f3 la extra\u00f1a decisi\u00f3n de construir sus v\u00edas en ancho ib\u00e9rico. Ahora van a ser un regalo para Renfe en Galicia \">En el siglo XIX, Espa\u00f1a tom\u00f3 la extra\u00f1a decisi\u00f3n de construir sus v\u00edas en ancho ib\u00e9rico. Ahora van a ser un regalo para Renfe en Galicia <\/a>\n   <\/div>\n<\/p><\/div>\n<\/p><\/div>\n<\/div>\n<p><strong>Y se defienden<\/strong>. En el mismo documento se recoge la posici\u00f3n de Adif y Renfe. Ambas compa\u00f1\u00edas \"se\u00f1alan que incorporar tecnolog\u00eda de cambio de ancho en el material rodante y en la infraestructura resulta menos costoso y conlleva menos interrupciones en el tr\u00e1fico que la migraci\u00f3n de la infraestructura. Por otro lado, tanto la AESF como la DG del Sector Ferroviario indican que, adem\u00e1s de Talgo, hay un segundo fabricante de material rodante de ancho variable para alta velocidad, CAF, aunque admiten que actualmente solo est\u00e1 homologado para operar a 250 km\/h\".\u00a0<\/p>\n<p><!-- BREAK 4 --><\/p>\n<p>En resumidas cuentas: <a class=\"text-outboundlink\" href=\"https:\/\/www.xataka.com\/movilidad\/que-quiera-venir-que-haga-inversiones-ouigo-queria-entrar-ave-madrid-galicia-ve-imposible-antes-2030\" data-vars-post-title='\"El que quiera venir, que invierta\": Ouigo quer\u00eda entrar en el AVE Madrid-Galicia pero ya lo ve imposible antes de 2030' data-vars-post-url=\"https:\/\/www.xataka.com\/movilidad\/que-quiera-venir-que-haga-inversiones-ouigo-queria-entrar-ave-madrid-galicia-ve-imposible-antes-2030\">ni Renfe ni Adif<\/a> creen que adaptarse al ancho est\u00e1ndar sea econ\u00f3micamente rentable dado el alto impacto econ\u00f3mico.<\/p>\n<div class=\"article-asset-video article-asset-normal\">\n<div class=\"asset-content\">\n<div class=\"base-asset-video\">\n<div class=\"js-dailymotion\"><\/div>\n<\/p><\/div>\n<\/p><\/div>\n<\/div>\n<p><strong>El cuello de botella<\/strong>. Lo que defienden desde Ouigo e Iryo es que la situaci\u00f3n actual y la apuesta por los trenes con tecnolog\u00eda de ancho de v\u00eda los deja atr\u00e1s. Tienen dos motivos para sostener esto.\u00a0<\/p>\n<p><!-- BREAK 5 --><\/p>\n<ul>\n<li>CAF puede nutrir de trenes con esta tecnolog\u00eda pero s\u00f3lo est\u00e1n homologados para circular a 250 km\/h como m\u00e1ximo.\u00a0<\/li>\n<li>Talgo es la \u00fanica compa\u00f1\u00eda con esta tecnolog\u00eda con homologaci\u00f3n para circular hasta 350 km\/h. Son los conocidos como Talgo AVRIL pero tienen su producci\u00f3n comprometida a Renfe. <a class=\"text-outboundlink\" href=\"https:\/\/www.xataka.com\/movilidad\/renfe-confio-talgo-sus-trenes-avril-para-beneficiarse-particularidades-espana-busca-soluciones-alemania\" data-vars-post-title=\"Espa\u00f1a pensaba que Espa\u00f1a pod\u00eda fabricar los trenes perfectos para Espa\u00f1a. La realidad: Espa\u00f1a ya busca trenes en Alemania\" data-vars-post-url=\"https:\/\/www.xataka.com\/movilidad\/renfe-confio-talgo-sus-trenes-avril-para-beneficiarse-particularidades-espana-busca-soluciones-alemania\">Y los resultados tampoco est\u00e1n siendo satisfactorios<\/a>.\u00a0<\/li>\n<\/ul>\n<p>M\u00e1s all\u00e1 de estos dos fabricantes, nadie parece querer involucrarse en la producci\u00f3n de trenes capaces de cambiar de v\u00eda entre el ancho est\u00e1ndar y el ib\u00e9rico. Y es que la producci\u00f3n de los mismos supone atender una demanda que no deja de ser un nicho o una rareza en el sistema ferroviario mundial.\u00a0<\/p>\n<p><!-- BREAK 6 --><\/p>\n<div class=\"article-asset article-asset-normal article-asset-center\">\n<div class=\"desvio-container\">\n<div class=\"desvio\">\n<div class=\"desvio-figure js-desvio-figure\">\n    <a href=\"https:\/\/www.xataka.com\/movilidad\/renfe-confio-talgo-sus-trenes-avril-para-beneficiarse-particularidades-espana-busca-soluciones-alemania\" class=\"pivot-outboundlink\" data-vars-post-title=\"Espa\u00f1a pensaba que Espa\u00f1a pod\u00eda fabricar los trenes perfectos para Espa\u00f1a. La realidad: Espa\u00f1a ya busca trenes en Alemania\"><br \/>\n     <img loading=\"lazy\" decoding=\"async\" alt=\"Espa\u00f1a pensaba que Espa\u00f1a pod\u00eda fabricar los trenes perfectos para Espa\u00f1a. La realidad: Espa\u00f1a ya busca trenes en Alemania\" width=\"375\" height=\"142\" src=\"https:\/\/i.blogs.es\/7258cc\/avlo\/375_142.jpeg\"><br \/>\n    <\/a>\n   <\/div>\n<div class=\"desvio-summary\">\n<div class=\"desvio-taxonomy js-desvio-taxonomy\">\n     <a href=\"https:\/\/www.xataka.com\/movilidad\/renfe-confio-talgo-sus-trenes-avril-para-beneficiarse-particularidades-espana-busca-soluciones-alemania\" class=\"desvio-taxonomy-anchor pivot-outboundlink\" data-vars-post-title=\"Espa\u00f1a pensaba que Espa\u00f1a pod\u00eda fabricar los trenes perfectos para Espa\u00f1a. La realidad: Espa\u00f1a ya busca trenes en Alemania\">En Xataka<\/a>\n    <\/div>\n<p>    <a href=\"https:\/\/www.xataka.com\/movilidad\/renfe-confio-talgo-sus-trenes-avril-para-beneficiarse-particularidades-espana-busca-soluciones-alemania\" class=\"desvio-title js-desvio-title pivot-outboundlink\" data-vars-post-title=\"Espa\u00f1a pensaba que Espa\u00f1a pod\u00eda fabricar los trenes perfectos para Espa\u00f1a. La realidad: Espa\u00f1a ya busca trenes en Alemania\">Espa\u00f1a pensaba que Espa\u00f1a pod\u00eda fabricar los trenes perfectos para Espa\u00f1a. La realidad: Espa\u00f1a ya busca trenes en Alemania<\/a>\n   <\/div>\n<\/p><\/div>\n<\/p><\/div>\n<\/div>\n<p><strong>Muy jugoso<\/strong>. Las reticencias de Adif y Renfe tampoco son extra\u00f1as. Para Adif supondr\u00eda una enorme inversi\u00f3n que tiene que ser capaz de rentabilizar con el resto de operadores cuando la inmensa mayor\u00eda de los corredores actuales en Espa\u00f1a ya operan con ancho de v\u00eda est\u00e1ndar.\u00a0<\/p>\n<p><!-- BREAK 7 --><\/p>\n<p>Por su parte, <a class=\"text-outboundlink\" href=\"https:\/\/www.xataka.com\/movilidad\/renfe-esta-encantada-tener-competencia-madrid-galicia-todo-que-sabe-que-no-tendra-competencia\" data-vars-post-title=\"Renfe est\u00e1 encantada con tener competencia en el Madrid-Galicia. Sobre todo, desde que sabe que no tendr\u00e1 competencia \" data-vars-post-url=\"https:\/\/www.xataka.com\/movilidad\/renfe-esta-encantada-tener-competencia-madrid-galicia-todo-que-sabe-que-no-tendra-competencia\">Renfe tampoco quiere soltar esta baza<\/a>. Ahora mismo, la alta velocidad a Galicia necesita de trenes que sean capaces de moverse entre el ancho de v\u00eda ib\u00e9rico y el est\u00e1ndar si no se quiere hacer transbordo y la compa\u00f1\u00eda espa\u00f1ola es la \u00fanica que cuenta con los trenes para ello.\u00a0<\/p>\n<p><!-- BREAK 8 --><\/p>\n<p>El corredor gallego se ha erigido, adem\u00e1s, como uno de los m\u00e1s rentables. Los viajes han crecido tanto que han hecho replegarse a las aerol\u00edneas y ahora que tienen que liberalizar la l\u00ednea, mantener la situaci\u00f3n actual les garantiza que seguir\u00e1n siendo los \u00fanicos que podr\u00e1n ofrecer este viaje sin transbordos, lo que es una clara ventaja competitiva.\u00a0<\/p>\n<p><!-- BREAK 9 --><\/p>\n<p>Foto |\u00a0<a rel=\"noopener, noreferrer\" href=\"https:\/\/commons.wikimedia.org\/wiki\/File:J23_465_Valencia_Dreischienengleisschwellen_599.jpg\">Falk2<\/a><\/p>\n<p>En Xataka |\u00a0<a class=\"text-outboundlink\" href=\"https:\/\/www.xataka.com\/movilidad\/que-quiera-venir-que-haga-inversiones-ouigo-queria-entrar-ave-madrid-galicia-ve-imposible-antes-2030\" data-vars-post-title='\"El que quiera venir, que invierta\": Ouigo quer\u00eda entrar en el AVE Madrid-Galicia pero ya lo ve imposible antes de 2030' data-vars-post-url=\"https:\/\/www.xataka.com\/movilidad\/que-quiera-venir-que-haga-inversiones-ouigo-queria-entrar-ave-madrid-galicia-ve-imposible-antes-2030\">\u201cEl que quiera venir, que invierta\u201d: Ouigo quer\u00eda entrar en el AVE Madrid-Galicia pero ya lo ve imposible antes de 2030<\/a><\/p>\n<p> &#8211; <br \/> La noticia<br \/>\n      <a href=\"https:\/\/www.xataka.com\/movilidad\/hace-150-anos-espana-tomo-decision-unica-mundo-ouigo-e-iryo-creen-que-renfe-utiliza-para-sacarles-mercado?utm_source=feedburner&amp;utm_medium=feed&amp;utm_campaign=31_Mar_2026\"><br \/>\n       <em> Hace 150 a\u00f1os, Espa\u00f1a tom\u00f3 una decisi\u00f3n \u00fanica en el mundo. Ouigo e Iryo creen que Renfe la utiliza para sacarles del mercado  <\/em><br \/>\n      <\/a><br \/>\n      fue publicada originalmente en<br \/>\n      <a href=\"https:\/\/www.xataka.com\/?utm_source=feedburner&amp;utm_medium=feed&amp;utm_campaign=31_Mar_2026\"><br \/>\n       <strong> Xataka <\/strong><br \/>\n      <\/a><br \/>\n             por <a href=\"https:\/\/www.xataka.com\/autor\/alberto-de-la-torre?utm_source=feedburner&amp;utm_medium=feed&amp;utm_campaign=31_Mar_2026\"><br \/>\n        Alberto de la Torre<br \/>\n       <\/a><br \/>\n      . <\/p>\n<p>\u00a0No tienen material rodante. Y lo peor de todo (para ellas) es que no lo van a tener. Ouigo, Iryo y una tercera compa\u00f1\u00eda de material rodante han alzado la voz ante la Comisi\u00f3n Nacional de los Mercados y la Competencia (CNMC) para dejar claro que el sistema actual con dos anchos de v\u00eda les resta competitividad en nuestro pa\u00eds frente a Renfe.\u00a0<br \/>\nY no parece que vaya a cambiar a corto plazo.\u00a0<br \/>\n\u00bfQu\u00e9 ha pasado? La CNMC ha publicado un documento con el nombre \"Informe sobre las barreras t\u00e9cnicas a la prestaci\u00f3n de servicios ferroviarios\". En \u00e9l se recogen los retos y las intervenciones que deber\u00eda llevar a cabo Espa\u00f1a en los pr\u00f3ximos a\u00f1os.\u00a0<br \/>\nEn el mismo se especifica que el sistema ferroviario espa\u00f1ol tiene la obligaci\u00f3n de mejorar la interoperabilidad con sus pa\u00edses vecinos, tanto para facilitar el flujo de pasajeros como el de mercanc\u00edas. Pero hay un inconveniente: los anchos de v\u00eda. Y ese inconveniente tiene un impacto econ\u00f3mico muy relevante.\u00a0<\/p>\n<p>     En Xataka<\/p>\n<p>    Portugal ten\u00eda que elegir a d\u00f3nde llevar primero su AVE. Y entre Madrid y Galicia, lo tiene muy claro<\/p>\n<p>Se quejan. En el documento se recogen las diferentes posturas de los implicados. Y en \u00e9l se se\u00f1ala que \"Ouigo, Iryo y un fabricante de material rodante (no se especifica cu\u00e1l) alertan de que la incertidumbre sobre el calendario y los detalles del Plan de migraci\u00f3n de ancho, as\u00ed como sobre la unificaci\u00f3n del sistema de electrificaci\u00f3n y la implantaci\u00f3n del sistema de se\u00f1alizaci\u00f3n ERTMS, dificulta la toma de decisiones sobre inversiones estrat\u00e9gicas, y piden que se elabore y publique cuanto antes el Plan de migraci\u00f3n de ancho de v\u00eda\".\u00a0<br \/>\nEn resumidas cuentas: los dos operadores y el fabricante de material rodante se quejan de que Adif no tiene un plan claro sobre si los anchos de v\u00eda ib\u00e9ricos en la alta velocidad se van a adaptar a los est\u00e1ndares europeos, que se mueven en ancho est\u00e1ndar. Lo mismo sucede con la unificaci\u00f3n del sistema de electrificaci\u00f3n y la implantaci\u00f3n definitiva del sistema ERTMS.\u00a0<\/p>\n<p>     En Xataka<\/p>\n<p>    En el siglo XIX, Espa\u00f1a tom\u00f3 la extra\u00f1a decisi\u00f3n de construir sus v\u00edas en ancho ib\u00e9rico. Ahora van a ser un regalo para Renfe en Galicia <\/p>\n<p>Y se defienden. En el mismo documento se recoge la posici\u00f3n de Adif y Renfe. Ambas compa\u00f1\u00edas \"se\u00f1alan que incorporar tecnolog\u00eda de cambio de ancho en el material rodante y en la infraestructura resulta menos costoso y conlleva menos interrupciones en el tr\u00e1fico que la migraci\u00f3n de la infraestructura. Por otro lado, tanto la AESF como la DG del Sector Ferroviario indican que, adem\u00e1s de Talgo, hay un segundo fabricante de material rodante de ancho variable para alta velocidad, CAF, aunque admiten que actualmente solo est\u00e1 homologado para operar a 250 km\/h\".\u00a0<br \/>\nEn resumidas cuentas: ni Renfe ni Adif creen que adaptarse al ancho est\u00e1ndar sea econ\u00f3micamente rentable dado el alto impacto econ\u00f3mico.<\/p>\n<p>El cuello de botella. Lo que defienden desde Ouigo e Iryo es que la situaci\u00f3n actual y la apuesta por los trenes con tecnolog\u00eda de ancho de v\u00eda los deja atr\u00e1s. Tienen dos motivos para sostener esto.\u00a0<br \/>\nCAF puede nutrir de trenes con esta tecnolog\u00eda pero s\u00f3lo est\u00e1n homologados para circular a 250 km\/h como m\u00e1ximo.\u00a0Talgo es la \u00fanica compa\u00f1\u00eda con esta tecnolog\u00eda con homologaci\u00f3n para circular hasta 350 km\/h. Son los conocidos como Talgo AVRIL pero tienen su producci\u00f3n comprometida a Renfe. Y los resultados tampoco est\u00e1n siendo satisfactorios.\u00a0<br \/>\nM\u00e1s all\u00e1 de estos dos fabricantes, nadie parece querer involucrarse en la producci\u00f3n de trenes capaces de cambiar de v\u00eda entre el ancho est\u00e1ndar y el ib\u00e9rico. Y es que la producci\u00f3n de los mismos supone atender una demanda que no deja de ser un nicho o una rareza en el sistema ferroviario mundial.\u00a0<\/p>\n<p>     En Xataka<\/p>\n<p>    Espa\u00f1a pensaba que Espa\u00f1a pod\u00eda fabricar los trenes perfectos para Espa\u00f1a. La realidad: Espa\u00f1a ya busca trenes en Alemania<\/p>\n<p>Muy jugoso. Las reticencias de Adif y Renfe tampoco son extra\u00f1as. Para Adif supondr\u00eda una enorme inversi\u00f3n que tiene que ser capaz de rentabilizar con el resto de operadores cuando la inmensa mayor\u00eda de los corredores actuales en Espa\u00f1a ya operan con ancho de v\u00eda est\u00e1ndar.\u00a0<\/p>\n<p>Por su parte, Renfe tampoco quiere soltar esta baza. Ahora mismo, la alta velocidad a Galicia necesita de trenes que sean capaces de moverse entre el ancho de v\u00eda ib\u00e9rico y el est\u00e1ndar si no se quiere hacer transbordo y la compa\u00f1\u00eda espa\u00f1ola es la \u00fanica que cuenta con los trenes para ello.\u00a0<\/p>\n<p>El corredor gallego se ha erigido, adem\u00e1s, como uno de los m\u00e1s rentables. Los viajes han crecido tanto que han hecho replegarse a las aerol\u00edneas y ahora que tienen que liberalizar la l\u00ednea, mantener la situaci\u00f3n actual les garantiza que seguir\u00e1n siendo los \u00fanicos que podr\u00e1n ofrecer este viaje sin transbordos, lo que es una clara ventaja competitiva.\u00a0<\/p>\n<p>Foto |\u00a0Falk2<\/p>\n<p>En Xataka |\u00a0\u201cEl que quiera venir, que invierta\u201d: Ouigo quer\u00eda entrar en el AVE Madrid-Galicia pero ya lo ve imposible antes de 2030<\/p>\n<p>                 &#8211;  La noticia<\/p>\n<p>        Hace 150 a\u00f1os, Espa\u00f1a tom\u00f3 una decisi\u00f3n \u00fanica en el mundo. Ouigo e Iryo creen que Renfe la utiliza para sacarles del mercado  <\/p>\n<p>      fue publicada originalmente en<\/p>\n<p>        Xataka <\/p>\n<p>             por<br \/>\n        Alberto de la Torre<\/p>\n<p>      .\u00a0\u00a0\u00a0<\/p>\n","protected":false},"excerpt":{"rendered":"<p>No tienen material rodante. Y lo peor de todo (para ellas) es que no lo van a tener. Ouigo, Iryo y una tercera compa\u00f1\u00eda de material rodante han alzado la voz ante la Comisi\u00f3n Nacional de los Mercados y la Competencia (CNMC) para dejar claro que el sistema actual con dos anchos de v\u00eda les [&hellip;]<\/p>\n","protected":false},"author":1,"featured_media":9654,"comment_status":"open","ping_status":"open","sticky":false,"template":"","format":"standard","meta":{"amp_status":"","footnotes":""},"categories":[6],"tags":[],"class_list":["post-9653","post","type-post","status-publish","format-standard","has-post-thumbnail","hentry","category-ciencia-y-tecnologia"],"_links":{"self":[{"href":"https:\/\/ermdigital.com\/index.php\/wp-json\/wp\/v2\/posts\/9653","targetHints":{"allow":["GET"]}}],"collection":[{"href":"https:\/\/ermdigital.com\/index.php\/wp-json\/wp\/v2\/posts"}],"about":[{"href":"https:\/\/ermdigital.com\/index.php\/wp-json\/wp\/v2\/types\/post"}],"author":[{"embeddable":true,"href":"https:\/\/ermdigital.com\/index.php\/wp-json\/wp\/v2\/users\/1"}],"replies":[{"embeddable":true,"href":"https:\/\/ermdigital.com\/index.php\/wp-json\/wp\/v2\/comments?post=9653"}],"version-history":[{"count":0,"href":"https:\/\/ermdigital.com\/index.php\/wp-json\/wp\/v2\/posts\/9653\/revisions"}],"wp:featuredmedia":[{"embeddable":true,"href":"https:\/\/ermdigital.com\/index.php\/wp-json\/wp\/v2\/media\/9654"}],"wp:attachment":[{"href":"https:\/\/ermdigital.com\/index.php\/wp-json\/wp\/v2\/media?parent=9653"}],"wp:term":[{"taxonomy":"category","embeddable":true,"href":"https:\/\/ermdigital.com\/index.php\/wp-json\/wp\/v2\/categories?post=9653"},{"taxonomy":"post_tag","embeddable":true,"href":"https:\/\/ermdigital.com\/index.php\/wp-json\/wp\/v2\/tags?post=9653"}],"curies":[{"name":"wp","href":"https:\/\/api.w.org\/{rel}","templated":true}]}}