{"id":9593,"date":"2026-03-31T00:21:58","date_gmt":"2026-03-31T04:21:58","guid":{"rendered":"https:\/\/ermdigital.com\/index.php\/2026\/03\/31\/nba-chicago-bulls-despiden-a-jugador-tras-comentarios-anti-lgbtq\/"},"modified":"2026-03-31T00:21:58","modified_gmt":"2026-03-31T04:21:58","slug":"nba-chicago-bulls-despiden-a-jugador-tras-comentarios-anti-lgbtq","status":"publish","type":"post","link":"https:\/\/ermdigital.com\/index.php\/2026\/03\/31\/nba-chicago-bulls-despiden-a-jugador-tras-comentarios-anti-lgbtq\/","title":{"rendered":"NBA: Chicago Bulls despiden a jugador tras comentarios anti-LGBTQ"},"content":{"rendered":"<p>\u00a0\u00a0<\/p>\n<p>&lt;app-viewer-title&gt;&lt;\/app-viewer-title&gt;<\/p>\n<p>El escolta <strong>Jaden Ivey<\/strong> fue <strong>despedido<\/strong> por los <strong>Chicago Bulls<\/strong> este lunes despu\u00e9s de condenar el <strong>apoyo<\/strong> de la <strong>NBA<\/strong> a la comunidad LGBTQ.<\/p>\n<p>En un breve <strong>comunicado<\/strong>, los Bulls se\u00f1alaron que el jugador de 24 a\u00f1os hab\u00eda sido dado de baja de la <strong>franquicia<\/strong> por \"<strong>conducta perjudicial<\/strong> para el equipo\".<\/p>\n<p>La <strong>decisi\u00f3n<\/strong> se produjo despu\u00e9s de que <strong>Ivey<\/strong> pareciera arremeter contra la liga de baloncesto de Norteam\u00e9rica por su <strong>apoyo<\/strong> al <strong>Mes del Orgullo<\/strong>.<\/p>\n<p>\"Proclaman el <strong>Mes del Orgullo<\/strong> en la <strong>NBA<\/strong>. Lo proclaman. Se lo muestran al mundo. Dicen: 'Vengan a acompa\u00f1arnos en el <strong>Mes del Orgullo<\/strong>' para celebrar la injusticia\", dijo <strong>Ivey<\/strong> en una <strong>transmisi\u00f3n en vivo<\/strong> en Instagram.<\/p>\n<p>\"Lo proclaman. Lo proclaman en las vallas publicitarias. Lo proclaman en las calles, qu\u00e9 injusticia. Entonces, \u00bfc\u00f3mo es que uno no puede hablar de <strong>justicia<\/strong>? \u00bfC\u00f3mo pueden decir: 'Hombre, este tipo est\u00e1 loco'?\".<\/p>\n<p><strong>Ivey<\/strong>, que se incorpor\u00f3 a Chicago hace dos meses en un <strong>traspaso<\/strong> desde los <strong>Detroit Pistons<\/strong>, tambi\u00e9n arremeti\u00f3 contra el <strong>catolicismo<\/strong> en un intercambio con un comentarista.<\/p>\n<p>\"El <strong>catolicismo<\/strong> es una <strong>religi\u00f3n falsa<\/strong>. Y no es la verdadera <strong>doctrina de Cristo<\/strong>. (No) conduce a la salvaci\u00f3n en Jesucristo\", dijo.<\/p>\n<ul class=\"list-text\">\n<li><strong>Ivey<\/strong> era considerado uno de los mayores <strong>talentos emergentes<\/strong> de la <strong>NBA<\/strong> cuando fue elegido por Detroit con la quinta selecci\u00f3n del draft de 2022.<\/li>\n<\/ul>\n<div class=\"w-full pt-2 float-left inside-related\"><strong>RELACIONADAS<\/strong><\/p>\n<article class=\"flex flex-wrap border-b pb-4 mb-3 inline-block\">\n<div class=\"xl:w-2\/12 w-4\/12\">\n<figure class=\"mb-0\"><img loading=\"lazy\" decoding=\"async\" src=\"https:\/\/resources.diariolibre.com\/images\/2026\/03\/24\/el-mexicano-karim-lopez-se-declara-elegible-para-la-nba-0d5a6cbf-focus-0.03-0.5-149-99.jpg\" width=\"149\" height=\"99\" title=\"El mexicano Karim L\u00f3pez se declara elegible para el draft de la NBA\" alt=\"El mexicano Karim L\u00f3pez se declara elegible para el draft de la NBA\" class=\"object-cover\" \/><\/figure>\n<\/div>\n<\/article>\n<article class=\"flex flex-wrap border-b pb-4 mb-3 inline-block\">\n<div class=\"xl:w-2\/12 w-4\/12\">\n<figure class=\"mb-0\"><img loading=\"lazy\" decoding=\"async\" src=\"https:\/\/resources.diariolibre.com\/images\/2025\/02\/19\/luka-doncic-sin-restricciones-de-minutos-para-el-miercoles-focus-0-0.49-149-99.jpg\" width=\"149\" height=\"99\" title=\"Luka Doncic, suspendido un partido en la NBA por acumulaci\u00f3n de faltas t\u00e9cnicas\" alt=\"Luka Doncic, suspendido un partido en la NBA por acumulaci\u00f3n de faltas t\u00e9cnicas\" class=\"object-cover\" \/><\/figure>\n<\/div>\n<\/article>\n<article class=\"flex flex-wrap border-b pb-4 mb-3 inline-block\">\n<div class=\"xl:w-2\/12 w-4\/12\">\n<figure class=\"mb-0\"><img loading=\"lazy\" decoding=\"async\" src=\"https:\/\/resources.diariolibre.com\/images\/2025\/05\/10\/ap25130188328083-90b6ff9c-focus-min0.06-0.63-149-99.jpg\" width=\"149\" height=\"99\" title=\"Resumen NBA: Jokic responde con otro triple-doble y un tiro decisivo para impulsar a los Nuggets\" alt=\"Resumen NBA: Jokic responde con otro triple-doble y un tiro decisivo para impulsar a los Nuggets\" class=\"object-cover\" \/><\/figure>\n<\/div>\n<\/article>\n<\/div>\n<p>Sin embargo, su carrera se ha visto interrumpida por las <strong>lesiones<\/strong> en las \u00faltimas dos temporadas. Solo jug\u00f3 <strong>cuatro partidos<\/strong> con Chicago despu\u00e9s de unirse en febrero al m\u00edtico equipo donde descoll\u00f3 Michael Jordan a fines de siglo pasado.<\/p>\n<p>rcw\/des\/raa\/ma<\/p>\n<div class=\"border-t border-b py-2 my-5 tags-container\"><strong>TEMAS &#8211; <\/strong><\/p>\n<ul>\n<li><\/li>\n<li>\n<div class=\"inline-block border p-2 rounded-full align-middle\">\n<p><a href=\"https:\/\/www.diariolibre.com\/tags\/chicago-bulls\/194847\" title=\"Chicago Bulls\">Chicago Bulls<\/a><\/p>\n<\/div>\n<\/li>\n<li>\n<div class=\"inline-block border p-2 rounded-full align-middle\">\n<p><a href=\"https:\/\/www.diariolibre.com\/tags\/jaden-ivey\/170216\" title=\"Jaden Ivey\">Jaden Ivey<\/a><\/p>\n<\/div>\n<\/li>\n<\/ul>\n<\/div>\n<p>\u00a0<\/p>\n","protected":false},"excerpt":{"rendered":"<p>\u00a0\u00a0 &lt;app-viewer-title&gt;&lt;\/app-viewer-title&gt; El escolta Jaden Ivey fue despedido por los Chicago Bulls este lunes despu\u00e9s de condenar el apoyo de la NBA a la comunidad LGBTQ. En un breve comunicado, los Bulls se\u00f1alaron que el jugador de 24 a\u00f1os hab\u00eda sido dado de baja de la franquicia por \"conducta perjudicial para el equipo\". La decisi\u00f3n [&hellip;]<\/p>\n","protected":false},"author":1,"featured_media":9527,"comment_status":"open","ping_status":"open","sticky":false,"template":"","format":"standard","meta":{"amp_status":"","footnotes":""},"categories":[4],"tags":[],"class_list":["post-9593","post","type-post","status-publish","format-standard","has-post-thumbnail","hentry","category-deportes"],"_links":{"self":[{"href":"https:\/\/ermdigital.com\/index.php\/wp-json\/wp\/v2\/posts\/9593","targetHints":{"allow":["GET"]}}],"collection":[{"href":"https:\/\/ermdigital.com\/index.php\/wp-json\/wp\/v2\/posts"}],"about":[{"href":"https:\/\/ermdigital.com\/index.php\/wp-json\/wp\/v2\/types\/post"}],"author":[{"embeddable":true,"href":"https:\/\/ermdigital.com\/index.php\/wp-json\/wp\/v2\/users\/1"}],"replies":[{"embeddable":true,"href":"https:\/\/ermdigital.com\/index.php\/wp-json\/wp\/v2\/comments?post=9593"}],"version-history":[{"count":0,"href":"https:\/\/ermdigital.com\/index.php\/wp-json\/wp\/v2\/posts\/9593\/revisions"}],"wp:featuredmedia":[{"embeddable":true,"href":"https:\/\/ermdigital.com\/index.php\/wp-json\/wp\/v2\/media\/9527"}],"wp:attachment":[{"href":"https:\/\/ermdigital.com\/index.php\/wp-json\/wp\/v2\/media?parent=9593"}],"wp:term":[{"taxonomy":"category","embeddable":true,"href":"https:\/\/ermdigital.com\/index.php\/wp-json\/wp\/v2\/categories?post=9593"},{"taxonomy":"post_tag","embeddable":true,"href":"https:\/\/ermdigital.com\/index.php\/wp-json\/wp\/v2\/tags?post=9593"}],"curies":[{"name":"wp","href":"https:\/\/api.w.org\/{rel}","templated":true}]}}