{"id":9586,"date":"2026-03-30T23:25:00","date_gmt":"2026-03-31T03:25:00","guid":{"rendered":"https:\/\/ermdigital.com\/index.php\/2026\/03\/30\/la-nasa-lista-para-lanzamiento-lunar-en-mas-de-medio-siglo\/"},"modified":"2026-03-30T23:25:00","modified_gmt":"2026-03-31T03:25:00","slug":"la-nasa-lista-para-lanzamiento-lunar-en-mas-de-medio-siglo","status":"publish","type":"post","link":"https:\/\/ermdigital.com\/index.php\/2026\/03\/30\/la-nasa-lista-para-lanzamiento-lunar-en-mas-de-medio-siglo\/","title":{"rendered":"La NASA lista para lanzamiento lunar en m\u00e1s de medio siglo"},"content":{"rendered":"<p>La <a class=\"internal-link\" href=\"https:\/\/www.dw.com\/es\/nasa\/t-17409526\">NASA<\/a> comenz\u00f3 este lunes (30.03.2026) el conteo regresivo de dos d\u00edas para el lanzamiento de la primera <a class=\"internal-link\" href=\"https:\/\/www.dw.com\/es\/la-nasa-lanzar%C3%A1-en-marzo-la-misi%C3%B3n-tripulada-a-la-luna\/a-76058283\">misi\u00f3n tripulada a la Luna<\/a> en m\u00e1s de medio siglo.<\/p>\n<p>El lanzamiento desde el Centro Espacial Kennedy, en Florida, ser\u00e1 el mi\u00e9rcoles 1 de abril a las 18H24 locales (22H24 GMT). La cuenta regresiva comenz\u00f3 a las 16H44.<\/p>\n<p>\"El veh\u00edculo est\u00e1 listo, el sistema est\u00e1 listo, la tripulaci\u00f3n est\u00e1 lista\", dijo Amit Kshatriya, administrador asociado de la NASA, en una rueda de prensa.<\/p>\n<p>Si el lanzamiento del mi\u00e9rcoles es cancelado o retrasado habr\u00e1 m\u00e1s oportunidades de despegue hasta el 6 de abril.<\/p>\n<p>En la noche del lunes, funcionarios de la NASA mostraron su confianza en las operaciones de ingenier\u00eda previas.<\/p>\n<p>\"Volaremos cuando este hardware est\u00e9 listo\", dijo Charlie Blackwell-Thompson, directora de lanzamiento, a periodistas. Pero \"todo indica que en este momento estamos en una situaci\u00f3n excelente, verdaderamente excelente\".<\/p>\n<p><a class=\"internal-link\" href=\"https:\/\/www.dw.com\/es\/el-men%C3%BA-espacial-de-artemis-ii-qu%C3%A9-comer%C3%A1n-los-astronautas-que-orbitar%C3%A1n-la-luna\/a-76236277\">La tripulaci\u00f3n del vuelo Artemis II<\/a> est\u00e1 conformada por los astronautas estadounidenses, Reid Wiseman, Victor Glover y Christina Koch, y el canadiense Jeremy Hansen.\u00a0<\/p>\n<p>Ser\u00e1 la primera vez que una mujer, un hombre negro y un ciudadano no estadounidense participen en una misi\u00f3n a la Luna.<\/p>\n<p>Se espera que el cohete d\u00e9 una vuelta alrededor del sat\u00e9lite sin aterrizar. Aunque est\u00e1n en cuarentena antes del lanzamiento, los astronautas podr\u00e1n cenar con sus familias en una casa de playa en Florida.<\/p>\n<p>Es, adem\u00e1s, el vuelo inaugural del nuevo cohete lunar, el SLS. Est\u00e1 dise\u00f1ado para permitir que sea usado en repetidas ocasiones en los pr\u00f3ximos a\u00f1os, con el objetivo de establecer una base permanente en la Luna.<\/p>\n<p>Pero la misi\u00f3n Artemisa II\u00a0ha tenido varios reveses. Estaba programada para tener un primer despegue en febrero, pero los repetidos contratiempos frustraron ese objetivo e incluso obligaron a devolver el cohete a su hangar para someterlo a an\u00e1lisis y reparaciones.<\/p>\n<p>Tambi\u00e9n est\u00e1 en juego el clima. Para el lunes, la <a class=\"internal-link\" href=\"https:\/\/www.dw.com\/es\/la-nasa-vuelve-a-postergar-misi%C3%B3n-de-astronautas-a-la-luna\/a-76075868\">NASA<\/a> pronosticaba \"un 80% de probabilidades de condiciones clim\u00e1ticas favorables\".<\/p>\n<p>Las principales preocupaciones son \"cobertura de nubes y posibilidad de vientos fuertes en la superficie\", indic\u00f3 la agencia. Tambi\u00e9n monitorea el clima espacial.<\/p>\n<p>\"Solo apelar\u00e9 ante los dioses del espacio, \u00bfest\u00e1 bien?\", brome\u00f3 Kshatriya el lunes.<\/p>\n<p>mg (afp, efe)<\/p>\n<p>\u00a0<\/p>\n","protected":false},"excerpt":{"rendered":"<p>La NASA comenz\u00f3 este lunes (30.03.2026) el conteo regresivo de dos d\u00edas para el lanzamiento de la primera misi\u00f3n tripulada a la Luna en m\u00e1s de medio siglo. El lanzamiento desde el Centro Espacial Kennedy, en Florida, ser\u00e1 el mi\u00e9rcoles 1 de abril a las 18H24 locales (22H24 GMT). La cuenta regresiva comenz\u00f3 a las [&hellip;]<\/p>\n","protected":false},"author":1,"featured_media":9587,"comment_status":"open","ping_status":"open","sticky":false,"template":"","format":"standard","meta":{"amp_status":"","footnotes":""},"categories":[6],"tags":[],"class_list":["post-9586","post","type-post","status-publish","format-standard","has-post-thumbnail","hentry","category-ciencia-y-tecnologia"],"_links":{"self":[{"href":"https:\/\/ermdigital.com\/index.php\/wp-json\/wp\/v2\/posts\/9586","targetHints":{"allow":["GET"]}}],"collection":[{"href":"https:\/\/ermdigital.com\/index.php\/wp-json\/wp\/v2\/posts"}],"about":[{"href":"https:\/\/ermdigital.com\/index.php\/wp-json\/wp\/v2\/types\/post"}],"author":[{"embeddable":true,"href":"https:\/\/ermdigital.com\/index.php\/wp-json\/wp\/v2\/users\/1"}],"replies":[{"embeddable":true,"href":"https:\/\/ermdigital.com\/index.php\/wp-json\/wp\/v2\/comments?post=9586"}],"version-history":[{"count":0,"href":"https:\/\/ermdigital.com\/index.php\/wp-json\/wp\/v2\/posts\/9586\/revisions"}],"wp:featuredmedia":[{"embeddable":true,"href":"https:\/\/ermdigital.com\/index.php\/wp-json\/wp\/v2\/media\/9587"}],"wp:attachment":[{"href":"https:\/\/ermdigital.com\/index.php\/wp-json\/wp\/v2\/media?parent=9586"}],"wp:term":[{"taxonomy":"category","embeddable":true,"href":"https:\/\/ermdigital.com\/index.php\/wp-json\/wp\/v2\/categories?post=9586"},{"taxonomy":"post_tag","embeddable":true,"href":"https:\/\/ermdigital.com\/index.php\/wp-json\/wp\/v2\/tags?post=9586"}],"curies":[{"name":"wp","href":"https:\/\/api.w.org\/{rel}","templated":true}]}}