{"id":9572,"date":"2026-03-30T22:30:38","date_gmt":"2026-03-31T02:30:38","guid":{"rendered":"https:\/\/ermdigital.com\/index.php\/2026\/03\/30\/tiroteo-en-escuela-de-texas-deja-una-docente-herida-y-un-estudiante-muerto\/"},"modified":"2026-03-30T22:30:38","modified_gmt":"2026-03-31T02:30:38","slug":"tiroteo-en-escuela-de-texas-deja-una-docente-herida-y-un-estudiante-muerto","status":"publish","type":"post","link":"https:\/\/ermdigital.com\/index.php\/2026\/03\/30\/tiroteo-en-escuela-de-texas-deja-una-docente-herida-y-un-estudiante-muerto\/","title":{"rendered":"Tiroteo en escuela de Texas deja una docente herida y un estudiante muerto"},"content":{"rendered":"<p>El\u00a0<strong>tiroteo ocurrido en la Hill Country College Preparatory High School<\/strong>, situada en\u00a0<strong>Bulverde<\/strong>,<strong>Texas<\/strong>, conmocion\u00f3 a la comunidad educativa y a las familias de los alumnos.<\/p>\n<p>Un\u00a0<strong>estudiante de 15 a\u00f1os<\/strong>\u00a0dispar\u00f3 contra una maestra y luego se quit\u00f3 la vida, seg\u00fan confirmaron las autoridades del\u00a0<strong>Condado de Comal<\/strong>.<\/p>\n<p>El hecho se produjo en la ma\u00f1ana del lunes, y la docente fue trasladada a un hospital de\u00a0<strong>San Antonio<\/strong>; hasta el momento, no se ha divulgado informaci\u00f3n oficial sobre su estado de salud.<\/p>\n<p><strong>El sheriff del condado inform\u00f3 que el joven falleci\u00f3 en el lugar como consecuencia de un disparo autoinfligido<\/strong>.<\/p>\n<p>El ataque desencaden\u00f3 la activaci\u00f3n inmediata del protocolo de emergencia del colegio, que fue puesto bajo resguardo. Los estudiantes fueron evacuados y trasladados a la\u00a0<strong>Bulverde Middle School<\/strong>, donde se reencontraron con sus familias. Esta medida busc\u00f3 garantizar la seguridad y ofrecer contenci\u00f3n ante la crisis.<\/p>\n<p>A ra\u00edz del incidente, la comunidad educativa de\u00a0<strong>Bulverde<\/strong>\u00a0enfrenta la dif\u00edcil tarea de comprender y superar un episodio que, una vez m\u00e1s, expone la vulnerabilidad de los entornos escolares en Estados Unidos frente a la violencia armada.<\/p>\n<h5 class=\"wp-block-heading\"><strong>Recomendamos leer:<a href=\"https:\/\/deultimominuto.net\/internacionales\/minneapolis\/\">Tiroteo en escuela cat\u00f3lica de Minneapolis deja dos ni\u00f1os muertos y 17 heridos<\/a><\/strong><\/h5>\n<p>El tiroteo dej\u00f3 un saldo de una docente herida y la muerte del estudiante agresor, generando un impacto emocional profundo en alumnos, padres y personal docente, quienes ahora deben afrontar el reto de volver a la rutina escolar bajo estrictas medidas de seguridad y apoyo psicol\u00f3gico.<\/p>\n<h2 class=\"wp-block-heading\"><strong>Testimonios y reacciones tras el tiroteo<\/strong><\/h2>\n<p>Familiares y alumnos expresaron su preocupaci\u00f3n y el impacto emocional tras lo sucedido.\u00a0<strong>Sarah Valdez<\/strong>, madre de un estudiante de primer a\u00f1o, relat\u00f3 que recibi\u00f3 una alerta del distrito escolar sobre el encierro del plantel.<\/p>\n<p>Explic\u00f3 que, pese a las restricciones para el uso de tel\u00e9fonos durante las clases, decidi\u00f3 contactar a su hijo para asegurarse de que se encontraba bien.<\/p>\n<p>El\u00a0<strong>Comal Independent School District<\/strong>\u00a0implementa la ley estatal\u00a0<strong>House Bill 1481<\/strong>, que limita el uso de dispositivos electr\u00f3nicos en horario escolar.<\/p>\n<p>No obstante, durante la emergencia, varios estudiantes recurrieron a sus tel\u00e9fonos para comunicarse con sus padres y acceder a informaci\u00f3n sobre el incidente.<\/p>\n<p><strong>Jesse Lopez<\/strong>, padre de una estudiante, manifest\u00f3 la dificultad de persuadir a su hija para regresar a clases despu\u00e9s del ataque. Coment\u00f3 que la menor, diagnosticada con autismo, ha quedado especialmente afectada y teme volver al colegio.<\/p>\n<p>Organizaciones de padres y expertos en Texas subrayan la importancia de reforzar los programas de prevenci\u00f3n de violencia y salud mental en las aulas (Captura Ksat+)<\/p>\n<h5 class=\"wp-block-heading\"><strong>Te puede interesar:<a href=\"https:\/\/deultimominuto.net\/internacionales\/policia-confirma-que-la-autora-del-tiroteo-en-escuela-en-eeuu-tenia-28-anos\/\">Polic\u00eda confirma que la autora del tiroteo en escuela en EEUU ten\u00eda 28 a\u00f1os<\/a><\/strong><\/h5>\n<p>Una alumna de segundo a\u00f1o narr\u00f3 que descend\u00eda las escaleras junto a una amiga cuando escucharon los disparos. Su profesora de debate las condujo r\u00e1pidamente a un sal\u00f3n, lo que permiti\u00f3 que ambas se resguardaran a tiempo.<\/p>\n<p>La joven se\u00f1al\u00f3 que contar con su tel\u00e9fono le permiti\u00f3 avisar a sus padres y comprender la gravedad de la situaci\u00f3n.<\/p>\n<h2 class=\"wp-block-heading\"><strong>Medidas de seguridad y ambiente escolar tras el ataque<\/strong><\/h2>\n<p>El suceso provoc\u00f3 el cierre temporal del establecimiento y evidenci\u00f3 los desaf\u00edos de seguridad que enfrentan los centros educativos en Estados Unidos.<\/p>\n<p>Las autoridades mantienen la vigilancia en la zona y contin\u00faan investigando las circunstancias que llevaron al joven a disparar contra la docente antes de quitarse la vida.<\/p>\n<p>Docentes y personal describieron momentos de confusi\u00f3n y miedo, mientras se esforzaban por\u00a0<strong>proteger a los estudiantes<\/strong>.<\/p>\n<p>La r\u00e1pida respuesta permiti\u00f3 que los familiares se reencontraran con sus hijos en un entorno seguro, aunque el impacto emocional persiste entre los miembros de la comunidad.<\/p>\n<p>El tiroteo en\u00a0<strong>Bulverde<\/strong>\u00a0reaviva el debate nacional sobre la seguridad escolar y la salud mental de los adolescentes, en un contexto donde la violencia armada afecta cada vez m\u00e1s a comunidades educativas de Estados Unidos.<\/p>\n<p>Seg\u00fan datos del\u00a0<strong>Centro para el Control y la Prevenci\u00f3n de Enfermedades (CDC)<\/strong>, los incidentes con armas de fuego en entornos escolares han mostrado una tendencia al alza en la \u00faltima d\u00e9cada, lo que ha impulsado la revisi\u00f3n de protocolos de prevenci\u00f3n y atenci\u00f3n psicol\u00f3gica dentro de los colegios.<\/p>\n<h2 class=\"wp-block-heading\"><strong>Perspectivas y desaf\u00edos para la comunidad educativa<\/strong><\/h2>\n<p>Mientras la investigaci\u00f3n prosigue, las familias y el personal escolar enfrentan el desaf\u00edo de restablecer la normalidad y brindar apoyo emocional a los estudiantes.<\/p>\n<p>El distrito escolar ha informado que ofrecer\u00e1 servicios de consejer\u00eda y recursos de salud mental para quienes lo requieran, como parte de las estrategias de recuperaci\u00f3n tras el incidente.<\/p>\n<h5 class=\"wp-block-heading\"><strong>Tambi\u00e9n puedes leer:<a href=\"https:\/\/deultimominuto.net\/internacionales\/multan-con-casi-millones-de-dolares-a-locutor-aseguro-tiroteo-en-escuela-eeuu-fue-una-farsa\/\">Multan con casi millones de d\u00f3lares a locutor asegur\u00f3 tiroteo en escuela EEUU fue \"una farsa\"<\/a><\/strong><\/h5>\n<p>Las organizaciones de padres y docentes de\u00a0<strong>Texas<\/strong>\u00a0han reiterado la necesidad de fortalecer los programas de prevenci\u00f3n de violencia y de salud mental, as\u00ed como de revisar las pol\u00edticas de acceso a armas de fuego por parte de menores.<\/p>\n<p>La tragedia en\u00a0<strong>Bulverde<\/strong>\u00a0se suma a una serie de episodios similares ocurridos en el pa\u00eds, incentivando el debate sobre la responsabilidad de las instituciones educativas, las autoridades estatales y la sociedad en general para garantizar espacios escolares m\u00e1s seguros.<\/p>\n<p>En este escenario, expertos subrayan la importancia de mantener canales de comunicaci\u00f3n abiertos entre escuelas, familias y autoridades, y de implementar medidas de apoyo psicol\u00f3gico sostenido para evitar la cronificaci\u00f3n del trauma.<\/p>\n<p>La prioridad inmediata es acompa\u00f1ar a los alumnos y docentes en el proceso de recuperaci\u00f3n, mientras contin\u00faan los esfuerzos por esclarecer los motivos que llevaron al joven a perpetrar el ataque.<\/p>\n<p>\u200bLa comunidad de Bulverde enfrenta el trauma de un tiroteo que dej\u00f3 una docente herida y al agresor muerto, reavivando el temor y el debate sobre la violencia armada en los colegios estadounidenses\u00a0\u00a0Internacionales, Bulverde, Hill Country College Preparatory High School, Texas\u00a0\u00a0<\/p>\n","protected":false},"excerpt":{"rendered":"<p>El\u00a0tiroteo ocurrido en la Hill Country College Preparatory High School, situada en\u00a0Bulverde,Texas, conmocion\u00f3 a la comunidad educativa y a las familias de los alumnos. Un\u00a0estudiante de 15 a\u00f1os\u00a0dispar\u00f3 contra una maestra y luego se quit\u00f3 la vida, seg\u00fan confirmaron las autoridades del\u00a0Condado de Comal. El hecho se produjo en la ma\u00f1ana del lunes, y la [&hellip;]<\/p>\n","protected":false},"author":1,"featured_media":9573,"comment_status":"open","ping_status":"open","sticky":false,"template":"","format":"standard","meta":{"amp_status":"","footnotes":""},"categories":[3],"tags":[],"class_list":["post-9572","post","type-post","status-publish","format-standard","has-post-thumbnail","hentry","category-de-ultimo-minuto"],"_links":{"self":[{"href":"https:\/\/ermdigital.com\/index.php\/wp-json\/wp\/v2\/posts\/9572","targetHints":{"allow":["GET"]}}],"collection":[{"href":"https:\/\/ermdigital.com\/index.php\/wp-json\/wp\/v2\/posts"}],"about":[{"href":"https:\/\/ermdigital.com\/index.php\/wp-json\/wp\/v2\/types\/post"}],"author":[{"embeddable":true,"href":"https:\/\/ermdigital.com\/index.php\/wp-json\/wp\/v2\/users\/1"}],"replies":[{"embeddable":true,"href":"https:\/\/ermdigital.com\/index.php\/wp-json\/wp\/v2\/comments?post=9572"}],"version-history":[{"count":0,"href":"https:\/\/ermdigital.com\/index.php\/wp-json\/wp\/v2\/posts\/9572\/revisions"}],"wp:featuredmedia":[{"embeddable":true,"href":"https:\/\/ermdigital.com\/index.php\/wp-json\/wp\/v2\/media\/9573"}],"wp:attachment":[{"href":"https:\/\/ermdigital.com\/index.php\/wp-json\/wp\/v2\/media?parent=9572"}],"wp:term":[{"taxonomy":"category","embeddable":true,"href":"https:\/\/ermdigital.com\/index.php\/wp-json\/wp\/v2\/categories?post=9572"},{"taxonomy":"post_tag","embeddable":true,"href":"https:\/\/ermdigital.com\/index.php\/wp-json\/wp\/v2\/tags?post=9572"}],"curies":[{"name":"wp","href":"https:\/\/api.w.org\/{rel}","templated":true}]}}