{"id":9568,"date":"2026-03-30T22:37:27","date_gmt":"2026-03-31T02:37:27","guid":{"rendered":"https:\/\/ermdigital.com\/index.php\/2026\/03\/30\/reportan-joven-desaparecido-en-la-romana-familia-pide-ayuda-urgente\/"},"modified":"2026-03-30T22:37:27","modified_gmt":"2026-03-31T02:37:27","slug":"reportan-joven-desaparecido-en-la-romana-familia-pide-ayuda-urgente","status":"publish","type":"post","link":"https:\/\/ermdigital.com\/index.php\/2026\/03\/30\/reportan-joven-desaparecido-en-la-romana-familia-pide-ayuda-urgente\/","title":{"rendered":"Reportan joven desaparecido en La Romana; familia pide ayuda urgente"},"content":{"rendered":"<p><strong>La Romana<\/strong>.\u2013 Fue reportada la desaparici\u00f3n del joven Antoni Octaviano Prensia, quien sali\u00f3 de su residencia el pasado 22 de marzo de 2026 y desde entonces se desconoce su paradero.<\/p>\n<p>De acuerdo con informaciones ofrecidas por sus familiares, el joven reside en la calle 22 del sector Vista Catalina, en esta ciudad, y al momento de su desaparici\u00f3n se desplazaba en una pasola de color rojo.<\/p>\n<p>Los parientes han manifestado gran preocupaci\u00f3n, ya que Antoni Octaviano Prensia es sordo mudo, lo que lo coloca en una condici\u00f3n de mayor vulnerabilidad y hace a\u00fan m\u00e1s urgente su localizaci\u00f3n.<\/p>\n<p>Ante esta situaci\u00f3n, hacen un llamado a la ciudadan\u00eda para que colabore con cualquier informaci\u00f3n que pueda contribuir a dar con su paradero.<\/p>\n<h5 class=\"wp-block-heading\"><strong>Recomendamos leer:<a href=\"https:\/\/deultimominuto.net\/nacionales\/encuentran-sano-y-salvo-hombre-reportado\/\">Encuentran sano y salvo hombre reportado como desaparecido en Villa Altagracia<\/a><\/strong><\/h5>\n<p>Las personas que tengan datos pueden comunicarse a trav\u00e9s de WhatsApp a los n\u00fameros:<br \/>849-278-8868<br \/>829-267-4810<br \/>829-603-7551<\/p>\n<p>La familia agradece profundamente cualquier ayuda y solicita la difusi\u00f3n de esta informaci\u00f3n para lograr encontrar al joven sano y salvo lo antes posible.<\/p>\n<p>\u200bLa Romana.\u2013 Fue reportada la desaparici\u00f3n del joven Antoni Octaviano Prensia, quien sali\u00f3 de su residencia el pasado 22 de marzo de 2026 y desde entonces se desconoce su paradero. De acuerdo con informaciones ofrecidas por sus familiares, el joven reside en la calle 22 del sector Vista Catalina, en esta ciudad, y al momento\u00a0\u00a0Nacionales, Antoni Octaviano Prensia, La Romana\u00a0\u00a0<\/p>\n","protected":false},"excerpt":{"rendered":"<p>La Romana.\u2013 Fue reportada la desaparici\u00f3n del joven Antoni Octaviano Prensia, quien sali\u00f3 de su residencia el pasado 22 de marzo de 2026 y desde entonces se desconoce su paradero. De acuerdo con informaciones ofrecidas por sus familiares, el joven reside en la calle 22 del sector Vista Catalina, en esta ciudad, y al momento [&hellip;]<\/p>\n","protected":false},"author":1,"featured_media":9569,"comment_status":"open","ping_status":"open","sticky":false,"template":"","format":"standard","meta":{"amp_status":"","footnotes":""},"categories":[3],"tags":[],"class_list":["post-9568","post","type-post","status-publish","format-standard","has-post-thumbnail","hentry","category-de-ultimo-minuto"],"_links":{"self":[{"href":"https:\/\/ermdigital.com\/index.php\/wp-json\/wp\/v2\/posts\/9568","targetHints":{"allow":["GET"]}}],"collection":[{"href":"https:\/\/ermdigital.com\/index.php\/wp-json\/wp\/v2\/posts"}],"about":[{"href":"https:\/\/ermdigital.com\/index.php\/wp-json\/wp\/v2\/types\/post"}],"author":[{"embeddable":true,"href":"https:\/\/ermdigital.com\/index.php\/wp-json\/wp\/v2\/users\/1"}],"replies":[{"embeddable":true,"href":"https:\/\/ermdigital.com\/index.php\/wp-json\/wp\/v2\/comments?post=9568"}],"version-history":[{"count":0,"href":"https:\/\/ermdigital.com\/index.php\/wp-json\/wp\/v2\/posts\/9568\/revisions"}],"wp:featuredmedia":[{"embeddable":true,"href":"https:\/\/ermdigital.com\/index.php\/wp-json\/wp\/v2\/media\/9569"}],"wp:attachment":[{"href":"https:\/\/ermdigital.com\/index.php\/wp-json\/wp\/v2\/media?parent=9568"}],"wp:term":[{"taxonomy":"category","embeddable":true,"href":"https:\/\/ermdigital.com\/index.php\/wp-json\/wp\/v2\/categories?post=9568"},{"taxonomy":"post_tag","embeddable":true,"href":"https:\/\/ermdigital.com\/index.php\/wp-json\/wp\/v2\/tags?post=9568"}],"curies":[{"name":"wp","href":"https:\/\/api.w.org\/{rel}","templated":true}]}}