{"id":9554,"date":"2026-03-30T23:21:52","date_gmt":"2026-03-31T03:21:52","guid":{"rendered":"https:\/\/ermdigital.com\/index.php\/2026\/03\/30\/infantino-revisa-con-autoridades-de-ciudad-de-mexico-los-preparativos\/"},"modified":"2026-03-30T23:21:52","modified_gmt":"2026-03-31T03:21:52","slug":"infantino-revisa-con-autoridades-de-ciudad-de-mexico-los-preparativos","status":"publish","type":"post","link":"https:\/\/ermdigital.com\/index.php\/2026\/03\/30\/infantino-revisa-con-autoridades-de-ciudad-de-mexico-los-preparativos\/","title":{"rendered":"Infantino revisa con autoridades de Ciudad de M\u00e9xico los preparativos"},"content":{"rendered":"<p>\u00a0\u00a0<\/p>\n<p>El presidente de la FIFA, <strong>Gianni Infantino<\/strong> revis\u00f3 este lunes con las autoridades de <strong>Ciudad de M\u00e9xico<\/strong> los avances de las obras para la Copa Mundial del pr\u00f3ximo verano, en la que la urbe organizar\u00e1 <strong>cinco partidos<\/strong>.<\/p>\n<p>\"Revisamos avances en <strong>infraestructura<\/strong>, movilidad y proyectos con enfoque social que dejan un <strong>legado duradero<\/strong> para la ciudadan\u00eda despu\u00e9s del mega evento deportivo. Estamos listos para recibir al mundo en la ciudad m\u00e1s deportiva\", escribi\u00f3 en su cuenta de X la Jefa de Gobierno de la capital mexicana, <strong>Clara Brugada<\/strong>.<\/p>\n<p>El <strong>Estadio Azteca<\/strong> de <strong>Ciudad de M\u00e9xico<\/strong> ser\u00e1 el escenario de la inauguraci\u00f3n del Mundial, con el partido M\u00e9xico-Sud\u00e1frica y luego recibir\u00e1 otros cuatro encuentros, incluido uno de dieciseisavos de finales y uno de octavos de final.<\/p>\n<p><strong>Infantino<\/strong> lleva varios d\u00edas en M\u00e9xico, donde, en coincidencia con los repechajes que decidir\u00e1n ma\u00f1ana dos boletos para la <strong>Copa del Mundo<\/strong>, conoci\u00f3 las tres sedes mexicanas; el estadio BBVA de Monterrey, el Akron de <strong>Guadalajara<\/strong> y el Azteca de la capital.<\/p>\n<p>El dirigente estuvo en el Azteca el s\u00e1bado en el amistoso entre M\u00e9xico y Portugal, poco despu\u00e9s de calificar como una emoci\u00f3n estar en M\u00e9xico, donde se invent\u00f3 el f\u00fatbol, si se toma en cuenta que hace 3.000 a\u00f1os los Aztecas jugaban el <strong>juego de la pelota<\/strong>.<\/p>\n<p>La presidenta de M\u00e9xico, <strong>Claudia Sheinbaum<\/strong>, invit\u00f3 hoy a desayunar a <strong>Infantino<\/strong> con la idea de saber sus sensaciones despu\u00e9s de estar en el Azteca, donde M\u00e9xico empat\u00f3 sin goles con Portugal, selecci\u00f3n que tuvo varias ausencias, entre ellas la del goleador Cristiano Ronaldo.<\/p>\n<p>\"Quedan cosas por mejorar, algunas de los due\u00f1os del estadio\", dijo <strong>Sheinbaum<\/strong>, quien reiter\u00f3 que los <strong>protocolos de seguridad<\/strong> se cumplen bien y M\u00e9xico sigue trabajando para organizar un gran Mundial.<\/p>\n<p>Este martes, M\u00e9xico estar\u00e1 en el centro de atenci\u00f3n porque en <strong>Guadalajara<\/strong>, la <strong>Rep\u00fablica Democr\u00e1tica del Congo<\/strong> y Jamaica se disputar\u00e1n el pen\u00faltimo boleto al Mundial, y horas despu\u00e9s, Bolivia enfrentar\u00e1 a Irak, por el \u00faltimo lugar disponible para jugar la Copa.<\/p>\n<div class=\"w-full pt-2 float-left inside-related\"><strong>RELACIONADAS<\/strong><\/p>\n<article class=\"flex flex-wrap border-b pb-4 mb-3 inline-block\">\n<div class=\"xl:w-2\/12 w-4\/12\">\n<figure class=\"mb-0\"><img loading=\"lazy\" decoding=\"async\" src=\"https:\/\/resources.diariolibre.com\/images\/2026\/03\/27\/bolivia-y-jamaica-todavia-pueden-ir-al-mundial-5135fb17-focus-0.14-0.56-149-99.jpg\" width=\"149\" height=\"99\" title=\"Bolivia y Jamaica siguen en la lucha por el pase al Mundial 2026\" alt=\"Bolivia y Jamaica siguen en la lucha por el pase al Mundial 2026\" class=\"object-cover\" \/><\/figure>\n<\/div>\n<\/article>\n<article class=\"flex flex-wrap border-b pb-4 mb-3 inline-block\">\n<div class=\"xl:w-2\/12 w-4\/12\">\n<figure class=\"mb-0\"><img loading=\"lazy\" decoding=\"async\" src=\"https:\/\/resources.diariolibre.com\/images\/2026\/03\/17\/equipo-dominicano-ganara-us19-millones-en-el-clasico-469b67c4-focus-0-0-149-99.jpg\" width=\"149\" height=\"99\" title=\"M\u00e1s de 10 mil dominicanos viajaron a Miami para ver el Cl\u00e1sico Mundial de B\u00e9isbol\" alt=\"M\u00e1s de 10 mil dominicanos viajaron a Miami para ver el Cl\u00e1sico Mundial de B\u00e9isbol\" class=\"object-cover\" \/><\/figure>\n<\/div>\n<\/article>\n<article class=\"flex flex-wrap border-b pb-4 mb-3 inline-block\">\n<div class=\"xl:w-2\/12 w-4\/12\">\n<figure class=\"mb-0\"><img loading=\"lazy\" decoding=\"async\" src=\"https:\/\/resources.diariolibre.com\/images\/2026\/03\/29\/mundial-2026-mexico-y-portugal-empatan-0-0-en-reapertura-azteca-b1754406-focus-min0.02-0.46-149-99.jpg\" width=\"149\" height=\"99\" title=\"M\u00e9xico y Portugal empatan en la reapertura del estadio Azteca para el Mundial 2026\" alt=\"M\u00e9xico y Portugal empatan en la reapertura del estadio Azteca para el Mundial 2026\" class=\"object-cover\" \/><\/figure>\n<\/div>\n<\/article>\n<\/div>\n<p>M\u00e9xico fue sede de los Mundiales de 1970, ganado por el Brasil de <strong>Pel\u00e9<\/strong>; y 1986, en el que triunf\u00f3 la Argentina de <strong>Diego Maradona<\/strong>, lo cual <strong>Infantino<\/strong> consider\u00f3 algo dif\u00edcil de igualar, al referirse a las trascendencia de las Copas Mundiales.<\/p>\n<div class=\"border-t border-b py-2 my-5 tags-container\"><strong>TEMAS &#8211; <\/strong><\/p>\n<ul>\n<li>\n<div class=\"inline-block border p-2 rounded-full align-middle\">\n<p><a href=\"https:\/\/www.diariolibre.com\/tags\/gianni-infantino\/1900\" title=\"Gianni Infantino\">Gianni Infantino<\/a><\/p>\n<\/div>\n<\/li>\n<li>\n<div class=\"inline-block border p-2 rounded-full align-middle\">\n<p><a href=\"https:\/\/www.diariolibre.com\/tags\/copa-del-mundo\/14518\" title=\"Copa del Mundo\">Copa del Mundo<\/a><\/p>\n<\/div>\n<\/li>\n<li>\n<div class=\"inline-block border p-2 rounded-full align-middle\">\n<p><a href=\"https:\/\/www.diariolibre.com\/tags\/mundial-de-futbol\/6806\" title=\"Mundial de F\u00fatbol\">Mundial de F\u00fatbol<\/a><\/p>\n<\/div>\n<\/li>\n<li>\n<div class=\"inline-block border p-2 rounded-full align-middle\">\n<p><a href=\"https:\/\/www.diariolibre.com\/tags\/mundial-2026\/74292\" title=\"Mundial 2026\">Mundial 2026<\/a><\/p>\n<\/div>\n<\/li>\n<\/ul>\n<\/div>\n<p>\u00a0<\/p>\n","protected":false},"excerpt":{"rendered":"<p>\u00a0\u00a0 El presidente de la FIFA, Gianni Infantino revis\u00f3 este lunes con las autoridades de Ciudad de M\u00e9xico los avances de las obras para la Copa Mundial del pr\u00f3ximo verano, en la que la urbe organizar\u00e1 cinco partidos. \"Revisamos avances en infraestructura, movilidad y proyectos con enfoque social que dejan un legado duradero para la [&hellip;]<\/p>\n","protected":false},"author":1,"featured_media":9555,"comment_status":"open","ping_status":"open","sticky":false,"template":"","format":"standard","meta":{"amp_status":"","footnotes":""},"categories":[4],"tags":[],"class_list":["post-9554","post","type-post","status-publish","format-standard","has-post-thumbnail","hentry","category-deportes"],"_links":{"self":[{"href":"https:\/\/ermdigital.com\/index.php\/wp-json\/wp\/v2\/posts\/9554","targetHints":{"allow":["GET"]}}],"collection":[{"href":"https:\/\/ermdigital.com\/index.php\/wp-json\/wp\/v2\/posts"}],"about":[{"href":"https:\/\/ermdigital.com\/index.php\/wp-json\/wp\/v2\/types\/post"}],"author":[{"embeddable":true,"href":"https:\/\/ermdigital.com\/index.php\/wp-json\/wp\/v2\/users\/1"}],"replies":[{"embeddable":true,"href":"https:\/\/ermdigital.com\/index.php\/wp-json\/wp\/v2\/comments?post=9554"}],"version-history":[{"count":0,"href":"https:\/\/ermdigital.com\/index.php\/wp-json\/wp\/v2\/posts\/9554\/revisions"}],"wp:featuredmedia":[{"embeddable":true,"href":"https:\/\/ermdigital.com\/index.php\/wp-json\/wp\/v2\/media\/9555"}],"wp:attachment":[{"href":"https:\/\/ermdigital.com\/index.php\/wp-json\/wp\/v2\/media?parent=9554"}],"wp:term":[{"taxonomy":"category","embeddable":true,"href":"https:\/\/ermdigital.com\/index.php\/wp-json\/wp\/v2\/categories?post=9554"},{"taxonomy":"post_tag","embeddable":true,"href":"https:\/\/ermdigital.com\/index.php\/wp-json\/wp\/v2\/tags?post=9554"}],"curies":[{"name":"wp","href":"https:\/\/api.w.org\/{rel}","templated":true}]}}