{"id":9536,"date":"2026-03-30T21:52:05","date_gmt":"2026-03-31T01:52:05","guid":{"rendered":"https:\/\/ermdigital.com\/index.php\/2026\/03\/30\/cronologia-del-caso-como-se-construyo-la-acusacion-contra-el-fiscal-aurelio-valdez-alcantara\/"},"modified":"2026-03-30T21:52:05","modified_gmt":"2026-03-31T01:52:05","slug":"cronologia-del-caso-como-se-construyo-la-acusacion-contra-el-fiscal-aurelio-valdez-alcantara","status":"publish","type":"post","link":"https:\/\/ermdigital.com\/index.php\/2026\/03\/30\/cronologia-del-caso-como-se-construyo-la-acusacion-contra-el-fiscal-aurelio-valdez-alcantara\/","title":{"rendered":"Cronolog\u00eda del caso: \u00bfC\u00f3mo se construy\u00f3 la acusaci\u00f3n contra el fiscal Aurelio Valdez Alc\u00e1ntara?"},"content":{"rendered":"<p><strong>Santo Domingo.<\/strong>\u2013 El caso contra el fiscal Aurelio Valdez Alc\u00e1ntara, acusado de solicitar sobornos para favorecer procesos judiciales, se ha ido estructurando a partir de una serie de hechos que, seg\u00fan el Ministerio P\u00fablico, evidencian un patr\u00f3n de conducta irregular en el ejercicio de sus funciones.<\/p>\n<p>La\u00a0<strong>Procuradur\u00eda General de la Rep\u00fablica<\/strong>\u00a0comunic\u00f3 que el arresto de Valdez Alc\u00e1ntara se produjo en flagrante delito, tras recibir en una entrega controlada, autorizada por un juez, la suma de\u00a0<strong>USD$ 10,000<\/strong>\u00a0de una persona bajo investigaci\u00f3n, Roberto Cana\u00e1n.<\/p>\n<p>Seg\u00fan el Ministerio P\u00fablico, as\u00ed sucedieron los hechos: <a href=\"https:\/\/www.infobae.com\/republica-dominicana\/2026\/03\/30\/horror-en-republica-dominicana-amordazan-y-calcinan-a-una-mujer-de-32-anos-tras-una-llamada-enganosa\/\" target=\"_blank\" rel=\"noreferrer noopener\"><\/a><\/p>\n<p><strong>2017- Ingreso al Ministerio P\u00fablico<\/strong>: Valdez Alc\u00e1ntara inicia su carrera dentro del Ministerio P\u00fablico, desempe\u00f1\u00e1ndose como procurador fiscal en distintas funciones vinculadas a la persecuci\u00f3n penal.<\/p>\n<p><strong>2020- Integraci\u00f3n a la Pepca<\/strong>: El fiscal pasa a formar parte de la Procuradur\u00eda Especializada de Persecuci\u00f3n de la Corrupci\u00f3n Administrativa (<a href=\"https:\/\/www.youtube.com\/@deultimominutotv\" data-type=\"link\" data-id=\"https:\/\/www.youtube.com\/@deultimominutotv\" target=\"_blank\" rel=\"noopener\">Pepca<\/a>), una de las dependencias clave en la investigaci\u00f3n de delitos de corrupci\u00f3n en el Estado.<\/p>\n<p><strong>A\u00f1os posteriores: Ejercicio de funciones investigativas<\/strong><br \/>Durante su permanencia en la Pepca, el imputado ten\u00eda bajo su responsabilidad investigaciones sensibles, con capacidad de incidir en el curso de procesos judiciales.<\/p>\n<p><strong>Hechos imputados: Solicitud de sobornos<\/strong><br \/>De acuerdo con el expediente, en el desarrollo de sus funciones, el fiscal habr\u00eda solicitado dinero a cambio de favorecer a personas involucradas en procesos penales. Estas acciones incluir\u00edan la manipulaci\u00f3n de investigaciones o la alteraci\u00f3n de decisiones dentro de los casos.<\/p>\n<h6 class=\"wp-block-heading has-text-align-center\"><strong>Tambi\u00e9n puedes leer: <a href=\"https:\/\/deultimominuto.net\/nacionales\/aplazan-audiencia-del-fiscal\/\">Aplazan audiencia del fiscal Aurelio Alc\u00e1ntara<\/a><\/strong><\/h6>\n<p><strong>Apertura de investigaci\u00f3n interna<\/strong><br \/>Las presuntas irregularidades habr\u00edan sido detectadas por el propio Ministerio P\u00fablico, dando lugar a una investigaci\u00f3n que culmin\u00f3 con la recolecci\u00f3n de elementos de prueba en su contra.<\/p>\n<p><strong>Presentaci\u00f3n de la solicitud de coerci\u00f3n<\/strong><br \/>Finalmente, el Ministerio P\u00fablico, representado por sus principales autoridades, deposita ante el tribunal una solicitud de medida de coerci\u00f3n contra Valdez Alc\u00e1ntara, sustentada en el art\u00edculo 230 del C\u00f3digo Procesal Penal.<\/p>\n<p>En el documento, el \u00f3rgano acusador afirma contar con evidencias suficientes para vincular al fiscal con actos de corrupci\u00f3n administrativa, se\u00f1alando al Estado dominicano como v\u00edctima.<\/p>\n<p>Ahora, el proceso entra en una nueva etapa, en la que el tribunal deber\u00e1 evaluar los argumentos y determinar las medidas a imponer, marcando el inicio formal del caso en sede judicial.<\/p>\n<p>\u200bSanto Domingo.\u2013 El caso contra el fiscal Aurelio Valdez Alc\u00e1ntara, acusado de solicitar sobornos para favorecer procesos judiciales, se ha ido estructurando a partir de una serie de hechos que, seg\u00fan el Ministerio P\u00fablico, evidencian un patr\u00f3n de conducta irregular en el ejercicio de sus funciones. La\u00a0Procuradur\u00eda General de la Rep\u00fablica\u00a0comunic\u00f3 que el arresto de\u00a0\u00a0Nacionales, Aurelio Valdez Alc\u00e1ntara\u00a0\u00a0<\/p>\n","protected":false},"excerpt":{"rendered":"<p>Santo Domingo.\u2013 El caso contra el fiscal Aurelio Valdez Alc\u00e1ntara, acusado de solicitar sobornos para favorecer procesos judiciales, se ha ido estructurando a partir de una serie de hechos que, seg\u00fan el Ministerio P\u00fablico, evidencian un patr\u00f3n de conducta irregular en el ejercicio de sus funciones. La\u00a0Procuradur\u00eda General de la Rep\u00fablica\u00a0comunic\u00f3 que el arresto de [&hellip;]<\/p>\n","protected":false},"author":1,"featured_media":9537,"comment_status":"open","ping_status":"open","sticky":false,"template":"","format":"standard","meta":{"amp_status":"","footnotes":""},"categories":[3],"tags":[],"class_list":["post-9536","post","type-post","status-publish","format-standard","has-post-thumbnail","hentry","category-de-ultimo-minuto"],"_links":{"self":[{"href":"https:\/\/ermdigital.com\/index.php\/wp-json\/wp\/v2\/posts\/9536","targetHints":{"allow":["GET"]}}],"collection":[{"href":"https:\/\/ermdigital.com\/index.php\/wp-json\/wp\/v2\/posts"}],"about":[{"href":"https:\/\/ermdigital.com\/index.php\/wp-json\/wp\/v2\/types\/post"}],"author":[{"embeddable":true,"href":"https:\/\/ermdigital.com\/index.php\/wp-json\/wp\/v2\/users\/1"}],"replies":[{"embeddable":true,"href":"https:\/\/ermdigital.com\/index.php\/wp-json\/wp\/v2\/comments?post=9536"}],"version-history":[{"count":0,"href":"https:\/\/ermdigital.com\/index.php\/wp-json\/wp\/v2\/posts\/9536\/revisions"}],"wp:featuredmedia":[{"embeddable":true,"href":"https:\/\/ermdigital.com\/index.php\/wp-json\/wp\/v2\/media\/9537"}],"wp:attachment":[{"href":"https:\/\/ermdigital.com\/index.php\/wp-json\/wp\/v2\/media?parent=9536"}],"wp:term":[{"taxonomy":"category","embeddable":true,"href":"https:\/\/ermdigital.com\/index.php\/wp-json\/wp\/v2\/categories?post=9536"},{"taxonomy":"post_tag","embeddable":true,"href":"https:\/\/ermdigital.com\/index.php\/wp-json\/wp\/v2\/tags?post=9536"}],"curies":[{"name":"wp","href":"https:\/\/api.w.org\/{rel}","templated":true}]}}