{"id":9534,"date":"2026-03-30T21:57:09","date_gmt":"2026-03-31T01:57:09","guid":{"rendered":"https:\/\/ermdigital.com\/index.php\/2026\/03\/30\/costa-rica-triple-crimen-la-misteriosa-desaparicion-de-un-empresario-turistico-y-la-sombra-del-narcotrafico\/"},"modified":"2026-03-30T21:57:09","modified_gmt":"2026-03-31T01:57:09","slug":"costa-rica-triple-crimen-la-misteriosa-desaparicion-de-un-empresario-turistico-y-la-sombra-del-narcotrafico","status":"publish","type":"post","link":"https:\/\/ermdigital.com\/index.php\/2026\/03\/30\/costa-rica-triple-crimen-la-misteriosa-desaparicion-de-un-empresario-turistico-y-la-sombra-del-narcotrafico\/","title":{"rendered":"Costa Rica: triple crimen, la misteriosa desaparici\u00f3n de un empresario tur\u00edstico y la sombra del narcotr\u00e1fico"},"content":{"rendered":"<p>Las autoridades costarricenses confirmaron la identidad de\u00a0<strong>Iv\u00e1n Horacio Jackson N\u00fa\u00f1ez<\/strong>\u00a0como la segunda v\u00edctima del triple homicidio ocurrido la madrugada del s\u00e1bado en\u00a0<strong>San Mateo de Alajuela<\/strong>.<\/p>\n<p>El Organismo de Investigaci\u00f3n Judicial (OIJ) contin\u00faa sus labores para identificar plenamente a la tercera persona fallecida en el caso.<\/p>\n<p><strong>Jackson, de cincuenta y dos a\u00f1os, desapareci\u00f3 el 27 de marzo de 2026 en la provincia de Puntarenas.\u00a0<\/strong>Su familia denunci\u00f3 la desaparici\u00f3n ante el OIJ un d\u00eda despu\u00e9s. Seg\u00fan informaci\u00f3n de\u00a0<em>CRHoy<\/em>, Jackson era empresario tur\u00edstico en Lim\u00f3n, pose\u00eda una finca en esa provincia y tambi\u00e9n se dedicaba al alquiler de equipos para construcci\u00f3n.<\/p>\n<p>En este caso,\u00a0<strong>las autoridades han confirmado la identidad de dos v\u00edctimas<\/strong>: una de apellido Castro y otra Jackson. La tercera persona fallecida a\u00fan no ha sido identificada oficialmente.<\/p>\n<p><strong>Vladimir Mu\u00f1oz, subdirector interino del OIJ,<\/strong>\u00a0explic\u00f3 al medio local que el procedimiento requiere la verificaci\u00f3n de detalles para asegurar la certeza en la identidad.<\/p>\n<h5 class=\"wp-block-heading\"><strong>Recomendamos leer:<a href=\"https:\/\/deultimominuto.net\/internacionales\/costa-rica-adoptara-modelo-bukele\/\">Costa Rica adoptar\u00e1 parte del modelo de Bukele para combatir el crimen organizado<\/a><\/strong><\/h5>\n<p>Central Noticias CR difundi\u00f3 el domingo que la primera de las v\u00edctimas<strong>\u00a0ser\u00eda Andrey Castro Bonilla<\/strong>, presidente de la Asociaci\u00f3n Deportiva Municipal Puntarenas, equipo perteneciente a la Segunda Divisi\u00f3n B de la Liga Nacional de F\u00fatbol Aficionado (Linafa). Castro era due\u00f1o de un restaurante, un outlet y un gimnasio en el centro de Puntarenas.<\/p>\n<p>En la p\u00e1gina de Facebook del equipo municipal\u00a0<strong>Puntarenas<\/strong>\u00a0se public\u00f3 un mensaje de luto, y se confirm\u00f3 la muerte de un miembro del equipo, sin dar m\u00e1s detalles.<\/p>\n<h2 class=\"wp-block-heading\"><strong>Un caso pol\u00e9mico<\/strong><\/h2>\n<p>El hallazgo de\u00a0<strong>tres cuerpos atados y con bolsas pl\u00e1sticas en la cabeza<\/strong>\u00a0junto a un veh\u00edculo volcado el s\u00e1bado pasado gener\u00f3 conmoci\u00f3n en la localidad de\u00a0<strong>San Mateo, Alajuela<\/strong>, citaron medios locales.<\/p>\n<p>Las autoridades costarricenses investigan el hecho como un presunto triple homicidio, luego de que la escena fuera descubierta en una pendiente de la zona de\u00a0<strong>Desmonte<\/strong>, en el conocido Monte del Aguacate.<\/p>\n<p>El caso comenz\u00f3 tras una alerta al sistema 911, que inicialmente inform\u00f3 sobre el vuelco de un autom\u00f3vil. Cuando la\u00a0<strong>Fuerza P\u00fablica\u00a0<\/strong>lleg\u00f3 al lugar, encontr\u00f3 una situaci\u00f3n distinta de la de un accidente de tr\u00e1nsito.<\/p>\n<p>Los tres hombres se encontraban sin vida, atados de manos y pies con gazas pl\u00e1sticas negras y con bolsas pl\u00e1sticas cubriendo sus cabezas. El veh\u00edculo involucrado, un\u00a0<strong>Toyota Hilux gris<\/strong>, estaba volcado en la zona.<\/p>\n<p>De acuerdo con los informes policiales, los cad\u00e1veres permanec\u00edan junto al autom\u00f3vil y mostraban se\u00f1ales claras de haber sido sometidos y cubiertos con cinta y bolsas pl\u00e1sticas.<\/p>\n<p><strong>Los param\u00e9dicos de la Cruz Roja<\/strong>\u00a0confirmaron en el sitio la ausencia de signos vitales en ninguno de los hombres; este dato fue corroborado m\u00e1s tarde por agentes del<strong>\u00a0Organismo de Investigaci\u00f3n Judicial (OIJ),\u00a0<\/strong>que trasladaron los restos a la morgue para la autopsia.<\/p>\n<h2 class=\"wp-block-heading\"><strong>Hallazgos durante la investigaci\u00f3n<\/strong><\/h2>\n<p>Durante la madrugada del domingo posterior al crimen, la polic\u00eda judicial allan\u00f3 un atracadero de lanchas pesqueras en Puntarenas, propiedad de Castro. En esa operaci\u00f3n, los agentes hallaron\u00a0<strong>armas largas tipo AK-47, M4 y AR-15, junto con municiones<\/strong>. Se incaut\u00f3 tambi\u00e9n droga, lo que fortalece la hip\u00f3tesis de que el hecho podr\u00eda estar vinculado a un ajuste de cuentas relacionado con el narcotr\u00e1fico.<\/p>\n<p><strong>La investigaci\u00f3n sobre el triple homicidio en San Mateo de Alajuela se enfoca en determinar los motivos y posibles lazos entre las v\u00edctimas. El OIJ investiga si existe conexi\u00f3n entre los negocios de los fallecidos y actividades de crimen organizado<\/strong>, debido al hallazgo de armas y estupefacientes en inmuebles asociados a las v\u00edctimas.<\/p>\n<h5 class=\"wp-block-heading\"><strong>Tambi\u00e9n puedes leer:<a href=\"https:\/\/deultimominuto.net\/internacionales\/costa-rica-firma-un-acuerdo\/\">Costa Rica firma un acuerdo con Estados Unidos para recibir a migrantes extranjeros en su territorio<\/a><\/strong><\/h5>\n<p>Las autoridades comunicaron que la causa del crimen todav\u00eda no se ha esclarecido. En la regi\u00f3n existe preocupaci\u00f3n, ya que el caso involucra a empresarios conocidos en los sectores deportivo, tur\u00edstico y de la construcci\u00f3n.<\/p>\n<p>El expediente judicial permanece abierto y las autoridades gestionan varias l\u00edneas de investigaci\u00f3n. La identificaci\u00f3n de la tercera v\u00edctima y el an\u00e1lisis de la evidencia obtenida en los allanamientos ser\u00e1n determinantes para los pr\u00f3ximos avances.<\/p>\n<figure class=\"wp-block-gallery has-nested-images columns-default is-cropped wp-block-gallery-2 is-layout-flex wp-block-gallery-is-layout-flex\">\n<figure class=\"wp-block-image size-large\"><img decoding=\"async\" loading=\"lazy\" width=\"992\" height=\"661\" data-id=\"633439\" src=\"https:\/\/cdn.deultimominuto.net\/wp-content\/uploads\/2026\/03\/LZQJTT4USZA6XF5ICRDDHA2G6Q.avif\" alt=\"Costa Rica: triple crimen, la misteriosa desaparici\u00f3n de un empresario tur\u00edstico y la sombra del narcotr\u00e1fico - Noticias de hoy en Rep\u00fablica Dominicana | De \u00daltimo Minuto\" class=\"wp-image-633439\" title=\"Costa Rica: triple crimen, la misteriosa desaparici\u00f3n de un empresario tur\u00edstico y la sombra del narcotr\u00e1fico | 5 |\"><\/figure>\n<figure class=\"wp-block-image size-large\"><img decoding=\"async\" loading=\"lazy\" width=\"877\" height=\"1024\" data-id=\"633440\" src=\"https:\/\/cdn.deultimominuto.net\/wp-content\/uploads\/2026\/03\/SANYMWX27VDSLMEQDVCB3XTOSI-877x1024.jpg\" alt=\"Costa Rica: triple crimen, la misteriosa desaparici\u00f3n de un empresario tur\u00edstico y la sombra del narcotr\u00e1fico - Noticias de hoy en Rep\u00fablica Dominicana | De \u00daltimo Minuto\" class=\"wp-image-633440\" title=\"Costa Rica: triple crimen, la misteriosa desaparici\u00f3n de un empresario tur\u00edstico y la sombra del narcotr\u00e1fico | 6 |\"><\/figure>\n<\/figure>\n<p>\u200bTres v\u00edctimas, negocios pr\u00f3speros y hallazgos inquietantes ponen en jaque a las autoridades. Un ajuste de cuentas no confirmado, v\u00ednculos que inquietan y la b\u00fasqueda de una verdad a\u00fan oculta\u00a0\u00a0Internacionales, Costa Rica, Iv\u00e1n Horacio Jackson N\u00fa\u00f1ez, San Mateo de Alajuela\u00a0\u00a0<\/p>\n","protected":false},"excerpt":{"rendered":"<p>Las autoridades costarricenses confirmaron la identidad de\u00a0Iv\u00e1n Horacio Jackson N\u00fa\u00f1ez\u00a0como la segunda v\u00edctima del triple homicidio ocurrido la madrugada del s\u00e1bado en\u00a0San Mateo de Alajuela. El Organismo de Investigaci\u00f3n Judicial (OIJ) contin\u00faa sus labores para identificar plenamente a la tercera persona fallecida en el caso. Jackson, de cincuenta y dos a\u00f1os, desapareci\u00f3 el 27 de [&hellip;]<\/p>\n","protected":false},"author":1,"featured_media":9535,"comment_status":"open","ping_status":"open","sticky":false,"template":"","format":"standard","meta":{"amp_status":"","footnotes":""},"categories":[3],"tags":[],"class_list":["post-9534","post","type-post","status-publish","format-standard","has-post-thumbnail","hentry","category-de-ultimo-minuto"],"_links":{"self":[{"href":"https:\/\/ermdigital.com\/index.php\/wp-json\/wp\/v2\/posts\/9534","targetHints":{"allow":["GET"]}}],"collection":[{"href":"https:\/\/ermdigital.com\/index.php\/wp-json\/wp\/v2\/posts"}],"about":[{"href":"https:\/\/ermdigital.com\/index.php\/wp-json\/wp\/v2\/types\/post"}],"author":[{"embeddable":true,"href":"https:\/\/ermdigital.com\/index.php\/wp-json\/wp\/v2\/users\/1"}],"replies":[{"embeddable":true,"href":"https:\/\/ermdigital.com\/index.php\/wp-json\/wp\/v2\/comments?post=9534"}],"version-history":[{"count":0,"href":"https:\/\/ermdigital.com\/index.php\/wp-json\/wp\/v2\/posts\/9534\/revisions"}],"wp:featuredmedia":[{"embeddable":true,"href":"https:\/\/ermdigital.com\/index.php\/wp-json\/wp\/v2\/media\/9535"}],"wp:attachment":[{"href":"https:\/\/ermdigital.com\/index.php\/wp-json\/wp\/v2\/media?parent=9534"}],"wp:term":[{"taxonomy":"category","embeddable":true,"href":"https:\/\/ermdigital.com\/index.php\/wp-json\/wp\/v2\/categories?post=9534"},{"taxonomy":"post_tag","embeddable":true,"href":"https:\/\/ermdigital.com\/index.php\/wp-json\/wp\/v2\/tags?post=9534"}],"curies":[{"name":"wp","href":"https:\/\/api.w.org\/{rel}","templated":true}]}}