{"id":9512,"date":"2026-03-30T20:26:42","date_gmt":"2026-03-31T00:26:42","guid":{"rendered":"https:\/\/ermdigital.com\/index.php\/2026\/03\/30\/laura-pausini-inaugura-en-espana-su-gira-mundial-io-canto-yo-canto-en-pamplona\/"},"modified":"2026-03-30T20:26:42","modified_gmt":"2026-03-31T00:26:42","slug":"laura-pausini-inaugura-en-espana-su-gira-mundial-io-canto-yo-canto-en-pamplona","status":"publish","type":"post","link":"https:\/\/ermdigital.com\/index.php\/2026\/03\/30\/laura-pausini-inaugura-en-espana-su-gira-mundial-io-canto-yo-canto-en-pamplona\/","title":{"rendered":"Laura Pausini inaugura en Espa\u00f1a su gira mundial \u201cIO CANTO \/ YO CANTO\u201d en Pamplona"},"content":{"rendered":"<p>Laura Pausini inici\u00f3 con \u00e9xito su nueva gira mundial, IO CANTO \/ YO CANTO WORLD TOUR 2026\/2027, en el Navarra Arena de Pamplona, dando inicio a su und\u00e9cimo tour internacional con un estreno que confirma la dimensi\u00f3n art\u00edstica y conceptual de este nuevo proyecto en directo.<\/p>\n<p>Por primera vez en su carrera, la artista italiana arranca una gira mundial fuera de Italia, eligiendo Espa\u00f1a como punto de partida. Un regreso a los escenarios que llega dos a\u00f1os despu\u00e9s de su \u00faltima gira y que se presenta como una nueva etapa construida a partir de sus dos \u00faltimos trabajos discogr\u00e1ficos: IO CANTO 2 y YO CANTO 2.<\/p>\n<p><strong>Te puede interesar:<\/strong> <a href=\"https:\/\/deultimominuto.net\/entretenimiento\/laura-pausini-vuelve-a-rd\/\" data-type=\"post\" data-id=\"532181\">Laura Pausini vuelve a RD con su gira \"Yo Canto, World Tour\"<\/a><\/p>\n<blockquote class=\"wp-block-quote is-layout-flow wp-block-quote-is-layout-flow\">\n<p>\u201cAl final de la \u00faltima gira, despu\u00e9s de dos a\u00f1os de conciertos por todo el mundo, quer\u00eda parar, pero como siempre, despu\u00e9s de pocas semanas sent\u00ed unas ganas irrefrenables de volver a empezar, y presion\u00e9 mucho para debutar ya este a\u00f1o y no el pr\u00f3ximo porque est\u00e1 en mi ADN: soy cantante y estoy orgullosa de serlo.<\/p>\n<\/blockquote>\n<p>De todos modos, siempre har\u00e9 todo lo posible por dejar una huella, mi impronta vocal. Esta es mi vida, me ha dado much\u00edsimo m\u00e1s de lo que so\u00f1aba y esperaba, as\u00ed que debo intentar no tener miedo y asumir la responsabilidad del papel que me ha sido dado. Lo intento cada d\u00eda y no me asusta; al contrario, es mi adrenalina y mi fuerza\u201d, Laura Pausini.<\/p>\n<figure class=\"wp-block-image size-large\"><img decoding=\"async\" loading=\"lazy\" width=\"1024\" height=\"683\" src=\"https:\/\/cdn.deultimominuto.net\/wp-content\/uploads\/2026\/03\/ca36b1e2-3d15-4041-a40a-1ce6af9fbd48-1024x683.jpg\" alt=\"Laura Pausini inaugura en Espa\u00f1a su gira mundial \u201cIO CANTO \/ YO CANTO\u201d en Pamplona - Noticias de hoy en Rep\u00fablica Dominicana | De \u00daltimo Minuto\" class=\"wp-image-633378\" title=\"Laura Pausini inaugura en Espa\u00f1a su gira mundial \u201cIO CANTO \/ YO CANTO\u201d en Pamplona | 5 |\"><\/figure>\n<p>El espect\u00e1culo se construye sobre una doble alma italiana y latina que refleja las dos tradiciones musicales de IO CANTO 2 y YO CANTO 2. Esta dualidad se traduce en escena en una propuesta pensada para evolucionar a lo largo de la gira, con distintos desarrollos escenogr\u00e1ficos y musicales que permiten vivir experiencias diferentes en funci\u00f3n del show.<\/p>\n<p>En este sentido, la gira ha sido concebida como dos espect\u00e1culos diferenciados, con dos setlists y dos producciones dise\u00f1adas en torno a las canciones de ambos \u00e1lbumes. Una propuesta que permitir\u00e1 a quienes asistan a m\u00e1s de una fecha descubrir un show distinto, tanto a nivel musical como visual.<\/p>\n<p>Este planteamiento parte del propio origen de IO CANTO 2 y YO CANTO 2, concebidos como un homenaje a las canciones y autores que han marcado la trayectoria de Laura Pausini y que encuentran en el directo su desarrollo natural.<\/p>\n<p>A partir de ah\u00ed, la participaci\u00f3n de invitados especiales se incorpora en algunas fechas de la gira como una extensi\u00f3n de ese homenaje, reforzando en directo el esp\u00edritu de YO CANTO 2: llevar al escenario las voces y canciones que han formado parte de su historia musical.<\/p>\n<p>El concierto inaugural de Pamplona ha sido una de esas fechas, acogiendo dos grandes encuentros en los que se ha rendido un cercano y emotivo homenaje a dos grandes voces de la escena espa\u00f1ola, convirti\u00e9ndose en algunos de los momentos m\u00e1s significativos de la noche.<\/p>\n<p>El primero de ellos ha tenido lugar con Mikel Izal, en un momento excepcional tras haber anunciado recientemente su retirada de los escenarios. Junto a Laura han interpretado <strong><a href=\"https:\/\/www.youtube.com\/watch?v=3OP4rmDBQTI&amp;list=RD3OP4rmDBQTI&amp;start_radio=1\" data-type=\"link\" data-id=\"https:\/\/www.youtube.com\/watch?v=3OP4rmDBQTI&amp;list=RD3OP4rmDBQTI&amp;start_radio=1\" target=\"_blank\" rel=\"noopener\">\u201cPausa\u201d <\/a><\/strong>por primera vez en directo, reforzando el car\u00e1cter \u00edntimo del repertorio y su conexi\u00f3n con el presente de la artista:<\/p>\n<blockquote class=\"wp-block-quote is-layout-flow wp-block-quote-is-layout-flow\">\n<p>\u201cEs una de las pocas canciones que siento como una conversaci\u00f3n conmigo misma. Cuando la canto en directo, siento todo mi cuerpo involucrado\u2026 no ve\u00eda la hora de poder cantarla junto a Mikel\u201d.<\/p>\n<\/blockquote>\n<p>El segundo ha llegado con Rosana, que ha subido al escenario para interpretar junto a Laura \u201cEl Talism\u00e1n\u201d tambi\u00e9n por primera vez juntas en directo. Un encuentro irrepetible que quedar\u00e1 en la memoria de todos los asistentes, y que re\u00fane sobre el escenario a dos de las voces m\u00e1s influyentes de la m\u00fasica en espa\u00f1ol, trasladando al directo el origen emocional de la elecci\u00f3n de este tema en YO CANTO 2:<\/p>\n<p>\u201cSent\u00eda la falta de una mujer a mi alrededor con la que compartir lo que estaba viviendo, y fue Rosana, con su personalidad y su m\u00fasica, quien me dio esa compa\u00f1\u00eda y fuerza\u201d.<\/p>\n<p>La direcci\u00f3n art\u00edstica, firmada por Luca Tommassini junto a Laura, parte de una idea original de la artista: una escenograf\u00eda inmersiva que representa una gran fortaleza, un espacio de protecci\u00f3n de la m\u00fasica en el que Laura se presenta como una guerrera que la defiende, la celebra y la comparte con el p\u00fablico.<\/p>\n<p>\u201cEsta es una gira muy especial. Llevamos m\u00e1s de un a\u00f1o trabajando en cada detalle. Todo parte de una idea de Laura, que contemplaba una escenograf\u00eda inmersiva que representara una fortaleza. Un espacio en protecci\u00f3n de la \u00fanica verdadera reina, la m\u00fasica misma, de la cual Laura se convierte en guerrera: la defiende, la celebra y la comparte con su p\u00fablico.<\/p>\n<p>Hemos construido una narrativa en la que Laura atraviesa el mundo de la m\u00fasica que le ha pertenecido, le pertenece y le pertenecer\u00e1 siempre, celebrando sus \u00e9xitos y a los autores de las canciones que m\u00e1s la han marcado. Un trabajo complejo tambi\u00e9n a nivel visual, que estamos seguros dar\u00e1 un resultado sin precedentes\u201d, explica Tommassini.<\/p>\n<p>El espect\u00e1culo integra un potente desarrollo visual con contenidos audiovisuales y piezas narrativas creadas para las pantallas LED, bajo la direcci\u00f3n de Tommassini y el dise\u00f1o de Eddy Angelelli y Studio Octopus. La iluminaci\u00f3n, dise\u00f1ada por Francesco De Cave, acompa\u00f1a la evoluci\u00f3n esc\u00e9nica y refuerza los distintos momentos del show.<\/p>\n<p>Sobre el escenario, Laura est\u00e1 acompa\u00f1ada por una banda de siete m\u00fasicos y cuatro coristas, bajo la direcci\u00f3n musical de Paolo Carta, en un directo que combina las reinterpretaciones de sus nuevos \u00e1lbumes con los grandes \u00e9xitos de su repertorio.<\/p>\n<p>El estilismo, firmado por Monica Serani, acompa\u00f1a esta narrativa esc\u00e9nica con una propuesta alineada con las distintas identidades del espect\u00e1culo, mientras que la imagen de la banda y los coros ha sido desarrollada por Angela Chezzi.<\/p>\n<p>Tras Pamplona, la gira continuar\u00e1 por Espa\u00f1a con paradas en Tenerife (29 de Marzo) , Barcelona (2 de Abril), Valencia (4 de abril) y Madrid (6 de Abril), con varias fechas ya agotadas, entre ellas Valencia, Madrid. A continuaci\u00f3n, iniciar\u00e1 su recorrido internacional por Latinoam\u00e9rica, con conciertos en Uruguay, Argentina, Chile, Per\u00fa, Colombia, Ecuador, Costa Rica, M\u00e9xico, Rep\u00fablica Dominicana y Puerto Rico, donde ya acumula m\u00faltiple \u201csold out\u201d Montevideo, Buenos Aires, Santiago (doble fecha), Lima y Santo Domingo Posteriormente, el tour llegar\u00e1 a Estados Unidos y Canad\u00e1, con fechas en Miami, Orlando, Dallas, Los \u00c1ngeles, Chicago, Toronto y Nueva York.<\/p>\n<p>En oto\u00f1o, la gira regresar\u00e1 a Italia y recorrer\u00e1 las principales capitales europeas, para continuar en 2027 con nuevas fechas en Brasil y una etapa final en Europa que se prolongar\u00e1 hasta finales de a\u00f1o.<\/p>\n<p>Las pr\u00f3ximas citas en Espa\u00f1a marcar\u00e1n algunos de los momentos m\u00e1s especiales de este inicio de gira, con nuevas colaboraciones y sorpresas que continuar\u00e1n desarrollando el universo art\u00edstico de YO CANTO WORLD TOUR 2026\/2027.<\/p>\n<p>Con este estreno en Pamplona, Laura Pausini da comienzo a una gira global que no solo revisita su historia musical, sino que la proyecta hacia una nueva dimensi\u00f3n esc\u00e9nica, consolidando un espect\u00e1culo en constante evoluci\u00f3n pensado para crecer en cada ciudad.<br \/><strong>IO CANTO \/ YO CANTO WORLD TOUR 2026\/2027<\/strong><\/p>\n<p><strong>ETAPA ESPA\u00d1A + LATAM<\/strong><br \/>27 DE MARZO DE 2026 \u2013 PAMPLONA (ESPA\u00d1A) @ NAVARRA ARENA<br \/>29 DE MARZO DE 2026 \u2013 ARONA \u2013 TENERIFE (ESPA\u00d1A) @ ESTADIO ANTONIO DOM\u00cdNGUEZ<br \/>2 DE ABRIL DE 2026 \u2013 BARCELONA (ESPA\u00d1A) @ PALAU SANT JORDI<br \/>4 DE ABRIL DE 2026 \u2013 VALENCIA (ESPA\u00d1A) @ ROIG ARENA<br \/>6 DE ABRIL DE 2026 \u2013 MADRID (ESPA\u00d1A) @ MOVISTAR ARENA<br \/>10 DE ABRIL DE 2026 \u2013 MONTEVIDEO (URUGUAY) @ ANTEL ARENA<br \/>12 DE ABRIL DE 2026 \u2013 BUENOS AIRES (ARGENTINA) @ MOVISTAR ARENA<br \/>15 DE ABRIL DE 2026 \u2013 SANTIAGO (CHILE) @ MOVISTAR ARENA<br \/>16 DE ABRIL DE 2026 \u2013 SANTIAGO (CHILE) @ MOVISTAR ARENA<br \/>18 DE ABRIL DE 2026 \u2013 LIMA (PER\u00da) @ ARENA 1<br \/>22 DE ABRIL DE 2026 \u2013 BOGOT\u00c1 (COLOMBIA) @ MOVISTAR ARENA<br \/>24 DE ABRIL DE 2026 \u2013 QUITO (ECUADOR) @ COLISEO RUMI\u00d1AHUI<br \/>29 DE ABRIL DE 2026 \u2013 SAN JOS\u00c9 (COSTA RICA) @ ESTADIO NACIONAL DE COSTA RICA<br \/>2 DE MAYO DE 2026 \u2013 CIUDAD DE M\u00c9XICO (M\u00c9XICO) @ ARENA CDMX<br \/>5 DE MAYO DE 2026 \u2013 GUADALAJARA (M\u00c9XICO) @ ARENA GUADALAJARA<br \/>7 DE MAYO DE 2026 \u2013 MONTERREY (M\u00c9XICO) @ ARENA MONTERREY<br \/>10 DE MAYO DE 2026 \u2013 SANTO DOMINGO (REP\u00daBLICA DOMINICANA) @ ARENA SANTO DOMINGO<br \/>14 DE MAYO DE 2026 \u2013 SAN JUAN (PUERTO RICO) @ COLISEO DE PUERTO RICO<br \/>16 DE MAYO DE 2026 \u2013 MIAMI (FLORIDA) @ KASEYA CENTER<br \/>21 DE MAYO DE 2026 \u2013 ORLANDO (FLORIDA) @ KIA CENTER<br \/>23 DE MAYO DE 2026 \u2013 DALLAS (TEXAS) @ TEXAS TRUST CU THEATRE<br \/>28 DE MAYO DE 2026 \u2013 LOS \u00c1NGELES (CALIFORNIA) @ PEACOCK THEATER<br \/>30 DE MAYO DE 2026 \u2013 CHICAGO (ILLINOIS) @ ROSEMONT THEATRE<br \/>4 DE JUNIO DE 2026 \u2013 TORONTO (CANAD\u00c1) @ COCA-COLA COLISEUM<br \/>6 DE JUNIO DE 2026 \u2013 NUEVA YORK (NEW YORK) INFOSIS THEATHER @MADISON SQUARE GARDEN<\/p>\n<p><strong>ETAPA ITALIA + EUROPA (PABELLONES)<\/strong><br \/>1 DE OCTUBRE DE 2026 \u2013 MANTUA @ PALA UNICAL PRIMERA FECHA CERO<br \/>2 DE OCTUBRE DE 2026 \u2013 MANTUA @ PALA UNICAL SEGUNDA FECHA CERO<br \/>4 DE OCTUBRE DE 2026 \u2013 MIL\u00c1N @ UNIPOL FORUM<br \/>6 DE OCTUBRE DE 2026 \u2013 MIL\u00c1N @ UNIPOL FORUM<br \/>7 DE OCTUBRE DE 2026 \u2013 MIL\u00c1N @ UNIPOL FORUM<br \/>11 DE OCTUBRE DE 2026 \u2013 STUTTGART (ALEMANIA) @ SCHLEYER-HALLE<br \/>13 DE OCTUBRE DE 2026 \u2013 OBERHAUSEN (ALEMANIA) @ RUDOLF WEBER-ARENA<br \/>15 DE OCTUBRE DE 2026 \u2013 Z\u00daRICH (SUIZA) @ HALLENSTADION<br \/>17 DE OCTUBRE DE 2026 \u2013 TUR\u00cdN @ INALPI ARENA<br \/>18 DE OCTUBRE DE 2026 \u2013 TUR\u00cdN @ INALPI ARENA<br \/>22 DE OCTUBRE DE 2026 \u2013 LISBOA (PORTUGAL) @ MEO ARENA<br \/>25 DE OCTUBRE DE 2026 \u2013 BRUSELAS (B\u00c9LGICA) @ FOREST NATIONAL<br \/>27 DE OCTUBRE DE 2026 \u2013 LUXEMBURGO @ ROCKHAL<br \/>30 DE OCTUBRE DE 2026 \u2013 NIZA (FRANCIA) @ PALAIS NIKAIA<br \/>1 DE NOVIEMBRE DE 2026 \u2013 GINEBRA (SUIZA) @ ARENA<br \/>3 DE NOVIEMBRE DE 2026 \u2013 BOLONIA @ UNIPOL ARENA<br \/>4 DE NOVIEMBRE DE 2026 \u2013 BOLONIA @ UNIPOL ARENA<br \/>6 DE NOVIEMBRE DE 2026 \u2013 FLORENCIA @ NELSON MANDELA FORUM<br \/>7 DE NOVIEMBRE DE 2026 \u2013 FLORENCIA @ NELSON MANDELA FORUM<\/p>\n<p><strong>BRASIL<\/strong><br \/>27 DE FEBRERO DE 2027 \u2013 S\u00c3O PAULO (BRASIL) @ MERCADO LIVRE ARENA PACAEMBU<\/p>\n<p><strong>ETAPA ITALIA (ESTADIOS)<\/strong><br \/>2 DE JUNIO DE 2027 \u2013 LIGNANO SABBIADORO @ STADIO GUIDO TEGHIL<br \/>12 DE JUNIO DE 2027 \u2013 MESINA @ STADIO FRANCO SCOGLIO<br \/>19 DE JUNIO DE 2027 \u2013 BARI @ STADIO SAN NICOLA<br \/>26 DE JUNIO DE 2027 \u2013 PESCARA @ STADIO ADRIATICO<br \/>3 DE JULIO DE 2027 \u2013 ROMA @ STADIO OL\u00cdMPICO<\/p>\n<p><strong>ETAPA ITALIA + EUROPA (REPRISE INDOOR)<\/strong><br \/>28 DE OCTUBRE DE 2027 \u2013 LONDRES @ THE ROYAL ALBERT HALL<br \/>9 DE NOVIEMBRE DE 2027 \u2013 EBOLI @ PALA SELE<br \/>12 DE NOVIEMBRE DE 2027 \u2013 LYON-D\u00c9CINES (FRANCIA) @ LDLC ARENA<br \/>14 DE NOVIEMBRE DE 2027 \u2013 PAR\u00cdS (FRANCIA) @ ACCOR ARENA<br \/>21 DE NOVIEMBRE DE 2027 \u2013 GOTEMBURGO (SUECIA) @ SCANDINAVIUM<br \/>24 DE NOVIEMBRE DE 2027 \u2013 \u00c1MSTERDAM (PA\u00cdSES BAJOS) @ ZIGGO DOME<\/p>\n<p><strong>IO CANTO \/ YO CANTO WORLD TOUR 2026\/2027 organizado y producido por Friends&amp;Partners.<\/strong><br \/><strong>M\u00c1S SOBRE LAURA PAUSINI<\/strong><br \/>La cantautora r\u00e9cord e icono global del pop, con m\u00e1s de 75 millones de discos vendidos en todo el mundo y m\u00e1s de 6.000 millones de reproducciones, es reconocida como la artista femenina italiana m\u00e1s escuchada en el extranjero.<\/p>\n<p>Es la primera y \u00fanica artista italiana en ganar un Premio Grammy y en entrar en el Billboard Hot 100, y la primera y \u00fanica artista italiana en alcanzar el prestigioso Billboard USA Hot 100 con la versi\u00f3n de Se Fue junto al artista puertorrique\u00f1o Rauw Alejandro.<\/p>\n<p>Ha ganado 4 Latin Grammy Awards y fue distinguida por la Latin Recording Academy como \u201cPerson of the Year 2023\u201d, siendo la primera artista no hispanohablante nativa en recibir este reconocimiento. Entre sus premios tambi\u00e9n figuran un Globo de Oro, nominaciones a los Premios Emmy y a los Premios Oscar, y es la primera artista de la historia en actuar tanto en el Estadio San Siro como en el Circo M\u00e1ximo.<\/p>\n<p>Recientemente recibi\u00f3 el Billboard Icon Award y el Global Icon Award en Billboard Women in Music, entregados en su honor en presencia de Su Santidad el Papa Le\u00f3n XIV.<\/p>\n<p>Ha colaborado con muchos de los mayores artistas internacionales de nuestro tiempo, entre ellos Luciano Pavarotti, Andrea Bocelli, Michael Bubl\u00e9, Ray Charles, Phil Collins, Shakira, Mariah Carey, Charles Aznavour, Marc Anthony, Ricky Martin, Kylie Minogue, Alejandro Sanz, C\u00e9line Dion y Michael Jackson.<\/p>\n<p>Entre sus colaboraciones m\u00e1s recientes destacan una actuaci\u00f3n en directo improvisada con Alanis Morissette y un dueto con Robbie Williams, el primer himno oficial de la FIFA, interpretado durante la final del Mundial de Clubes en Nueva York, que tambi\u00e9n representar\u00e1 el Mundial de 2026.<\/p>\n<p>Laura Pausini ha actuado en algunos de los escenarios m\u00e1s prestigiosos del mundo, convirti\u00e9ndose en la primera artista italiana en actuar en el Radio City Music Hall de Nueva York, en el Madison Square Garden, y la primera italiana en subirse al escenario del Royal Albert Hall de Londres y del Olympia de Par\u00eds.<\/p>\n<p>M\u00e1s de 40 pa\u00edses en m\u00e1s de 30 a\u00f1os de carrera han presenciado sus conciertos en directo, incluyendo Italia, Espa\u00f1a, Reino Unido, Suiza, B\u00e9lgica, Pa\u00edses Bajos, Francia, Portugal, Alemania, Eslovenia, Suecia, Finlandia, Austria, Luxemburgo, M\u00f3naco, Bulgaria, Serbia, Malta, Argentina, Brasil, Chile, Colombia, Costa Rica, Guatemala, M\u00e9xico, Per\u00fa, Puerto Rico, Venezuela, Rep\u00fablica Dominicana, El Salvador, Ecuador, Paraguay, Uruguay, Panam\u00e1, as\u00ed como Canad\u00e1, Estados Unidos, Rusia y Australia.<\/p>\n<p>\u200bLaura Pausini inici\u00f3 con \u00e9xito su nueva gira mundial, IO CANTO \/ YO CANTO WORLD TOUR 2026\/2027, en el Navarra Arena de Pamplona, dando inicio a su und\u00e9cimo tour internacional con un estreno que confirma la dimensi\u00f3n art\u00edstica y conceptual de este nuevo proyecto en directo. Por primera vez en su carrera, la artista italiana\u00a0\u00a0Entretenimiento\u00a0\u00a0<\/p>\n","protected":false},"excerpt":{"rendered":"<p>Laura Pausini inici\u00f3 con \u00e9xito su nueva gira mundial, IO CANTO \/ YO CANTO WORLD TOUR 2026\/2027, en el Navarra Arena de Pamplona, dando inicio a su und\u00e9cimo tour internacional con un estreno que confirma la dimensi\u00f3n art\u00edstica y conceptual de este nuevo proyecto en directo. Por primera vez en su carrera, la artista italiana [&hellip;]<\/p>\n","protected":false},"author":1,"featured_media":9513,"comment_status":"open","ping_status":"open","sticky":false,"template":"","format":"standard","meta":{"amp_status":"","footnotes":""},"categories":[3],"tags":[],"class_list":["post-9512","post","type-post","status-publish","format-standard","has-post-thumbnail","hentry","category-de-ultimo-minuto"],"_links":{"self":[{"href":"https:\/\/ermdigital.com\/index.php\/wp-json\/wp\/v2\/posts\/9512","targetHints":{"allow":["GET"]}}],"collection":[{"href":"https:\/\/ermdigital.com\/index.php\/wp-json\/wp\/v2\/posts"}],"about":[{"href":"https:\/\/ermdigital.com\/index.php\/wp-json\/wp\/v2\/types\/post"}],"author":[{"embeddable":true,"href":"https:\/\/ermdigital.com\/index.php\/wp-json\/wp\/v2\/users\/1"}],"replies":[{"embeddable":true,"href":"https:\/\/ermdigital.com\/index.php\/wp-json\/wp\/v2\/comments?post=9512"}],"version-history":[{"count":0,"href":"https:\/\/ermdigital.com\/index.php\/wp-json\/wp\/v2\/posts\/9512\/revisions"}],"wp:featuredmedia":[{"embeddable":true,"href":"https:\/\/ermdigital.com\/index.php\/wp-json\/wp\/v2\/media\/9513"}],"wp:attachment":[{"href":"https:\/\/ermdigital.com\/index.php\/wp-json\/wp\/v2\/media?parent=9512"}],"wp:term":[{"taxonomy":"category","embeddable":true,"href":"https:\/\/ermdigital.com\/index.php\/wp-json\/wp\/v2\/categories?post=9512"},{"taxonomy":"post_tag","embeddable":true,"href":"https:\/\/ermdigital.com\/index.php\/wp-json\/wp\/v2\/tags?post=9512"}],"curies":[{"name":"wp","href":"https:\/\/api.w.org\/{rel}","templated":true}]}}