{"id":9510,"date":"2026-03-30T20:28:10","date_gmt":"2026-03-31T00:28:10","guid":{"rendered":"https:\/\/ermdigital.com\/index.php\/2026\/03\/30\/paliza-recorre-puntos-historicos-de-janico-que-formaran-parte-de-la-ruta-del-encuentro\/"},"modified":"2026-03-30T20:28:10","modified_gmt":"2026-03-31T00:28:10","slug":"paliza-recorre-puntos-historicos-de-janico-que-formaran-parte-de-la-ruta-del-encuentro","status":"publish","type":"post","link":"https:\/\/ermdigital.com\/index.php\/2026\/03\/30\/paliza-recorre-puntos-historicos-de-janico-que-formaran-parte-de-la-ruta-del-encuentro\/","title":{"rendered":"Paliza recorre puntos hist\u00f3ricos de J\u00e1nico que formar\u00e1n parte de la Ruta del Encuentro"},"content":{"rendered":"<p><strong>Santiago<\/strong>.- El ministro de la Presidencia, Jos\u00e9 Ignacio Paliza, encabez\u00f3 este s\u00e1bado un recorrido de supervisi\u00f3n y levantamiento por los principales puntos que formar\u00e1n parte de la primera fase de la Ruta del Encuentro en J\u00e1nico, un ambicioso proyecto hist\u00f3rico, cultural y tur\u00edstico que elevar\u00e1 el patrimonio dominicano a est\u00e1ndares internacionales.<\/p>\n<p>Durante la visita, que incluy\u00f3 la Fortaleza Santo Tom\u00e1s de J\u00e1nico y el Museo Regional Antrop\u00f3logico Reynaldo Luna Pichardo, el funcionario destac\u00f3 que esta iniciativa, que durante a\u00f1os ha estado en fase de planificaci\u00f3n y estudio, comienza a materializarse.<\/p>\n<blockquote class=\"wp-block-quote is-layout-flow wp-block-quote-is-layout-flow\">\n<p>\u201cLa Ruta del Encuentro busca convertirse en un recorrido emblem\u00e1tico que despierte el inter\u00e9s tanto de visitantes nacionales como internacionales. En su primera etapa, con una inversi\u00f3n estimada de mil millones de pesos, conectar\u00e1 el trayecto hist\u00f3rico de los conquistadores desde La Isabela Hist\u00f3rica hasta el municipio de J\u00e1nico\u201d, expres\u00f3.<\/p>\n<\/blockquote>\n<p>Asimismo, asegur\u00f3 que el proyecto fortalecer\u00e1 el turismo, uno de los principales motores de la econom\u00eda dominicana y promover\u00e1 la historia nacional y sus ra\u00edces.<\/p>\n<p>Para su ejecuci\u00f3n, inform\u00f3 que se ha articulado un trabajo conjunto entre diversas instituciones del Estado, incluyendo los ministerios de Cultura, Turismo y Medio Ambiente, bajo la coordinaci\u00f3n del Ministerio de la Presidencia.<\/p>\n<p>Paliza resalt\u00f3 adem\u00e1s, la importancia de integrar al sector privado y a las comunidades locales en el desarrollo de la iniciativa, incentivando la participaci\u00f3n de empresarios, propietarios de restaurantes, hostales y otros servicios en zonas como El Mamey, Esperanza y <a href=\"https:\/\/www.youtube.com\/@deultimominutotv\" data-type=\"link\" data-id=\"https:\/\/www.youtube.com\/@deultimominutotv\" target=\"_blank\" rel=\"noopener\">J\u00e1nico<\/a>.<\/p>\n<h6 class=\"wp-block-heading has-text-align-center\"><strong>Tambi\u00e9n puedes leer: <a href=\"https:\/\/deultimominuto.net\/nacionales\/paliza-y-onofre-visitan-frontera\/\"><\/a><a href=\"https:\/\/deultimominuto.net\/nacionales\/un-muerto-y-un-herido-al-volcarse-camion-tanquero-de-gas-en-la-carretera-janico-santiago\/\">Un muerto y un herido al volcarse cami\u00f3n tanquero de gas en la carretera J\u00e1nico\u2013Santiago<\/a><\/strong><\/h6>\n<p>Agreg\u00f3 que este proyecto se inspira en modelos internacionales como el Camino de Santiago, en Espa\u00f1a, reconocido por su impacto econ\u00f3mico y tur\u00edstico y manifest\u00f3 que en el pa\u00eds se busca generar una experiencia similar, adaptada a su historia y riqueza cultural.<\/p>\n<p><strong><br \/>Avances t\u00e9cnicos y ejecuci\u00f3n del proyecto<\/strong><\/p>\n<p>De su lado, el viceministro de Proyectos de Inversi\u00f3n del Ministerio de la Presidencia y encargado de la Unidad Ejecutora de la Ruta del Encuentro, Camel Curi, mencion\u00f3 que actualmente se realizan levantamientos t\u00e9cnicos para identificar los puntos de mayor valor dentro del trayecto.<\/p>\n<blockquote class=\"wp-block-quote is-layout-flow wp-block-quote-is-layout-flow\">\n<p>\u201cEstamos evaluando el terreno, su estado actual y las potencialidades de desarrollo, incluyendo los equipamientos necesarios para ofrecer una experiencia integral a los visitantes\u201d, explic\u00f3.<\/p>\n<\/blockquote>\n<p>Adelant\u00f3 que los trabajos iniciales podr\u00edan comenzar en las pr\u00f3ximas semanas, tras completar los procesos legales, t\u00e9cnicos y de planificaci\u00f3n. La primera etapa contempla el desarrollo de infraestructuras b\u00e1sicas, conectividad entre los puntos clave y la puesta en valor de espacios hist\u00f3ricos.<\/p>\n<p>En tanto que, el director de la Direcci\u00f3n Nacional de Patrimonio Nacional, Juan Mubarak, refiri\u00f3 que la funci\u00f3n de su instituci\u00f3n es garantizar el rigor hist\u00f3rico de este proyecto.<\/p>\n<blockquote class=\"wp-block-quote is-layout-flow wp-block-quote-is-layout-flow\">\n<p>\u201cEstamos validando el recorrido basado en hechos hist\u00f3ricos relevantes, como el trayecto realizado por Crist\u00f3bal Col\u00f3n y su equipo durante los primeros d\u00edas de exploraci\u00f3n en la isla, para asegurar que esta ruta tenga un sustento aut\u00e9ntico y de valor\u201d, se\u00f1al\u00f3.<\/p>\n<\/blockquote>\n<figure class=\"wp-block-gallery has-nested-images columns-default is-cropped wp-block-gallery-1 is-layout-flex wp-block-gallery-is-layout-flex\">\n<figure class=\"wp-block-image size-large\"><img loading=\"lazy\" decoding=\"async\" width=\"1024\" height=\"683\" data-id=\"633383\" src=\"https:\/\/cdn.deultimominuto.net\/wp-content\/uploads\/2026\/03\/RUTA-DEL-ENCUENTRO-2-6-1024x683.jpeg\" alt=\"Paliza recorre puntos hist\u00f3ricos de J\u00e1nico que formar\u00e1n parte de la Ruta del Encuentro - Noticias de hoy en Rep\u00fablica Dominicana | De \u00daltimo Minuto\" class=\"wp-image-633383\" title=\"Paliza recorre puntos hist\u00f3ricos de J\u00e1nico que formar\u00e1n parte de la Ruta del Encuentro | 2 |\"><\/figure>\n<figure class=\"wp-block-image size-large\"><img loading=\"lazy\" decoding=\"async\" width=\"1024\" height=\"683\" data-id=\"633384\" src=\"https:\/\/cdn.deultimominuto.net\/wp-content\/uploads\/2026\/03\/RUTA-DEL-ENCUENTRO-2-5-1024x683.jpeg\" alt=\"Paliza recorre puntos hist\u00f3ricos de J\u00e1nico que formar\u00e1n parte de la Ruta del Encuentro - Noticias de hoy en Rep\u00fablica Dominicana | De \u00daltimo Minuto\" class=\"wp-image-633384\" title=\"Paliza recorre puntos hist\u00f3ricos de J\u00e1nico que formar\u00e1n parte de la Ruta del Encuentro | 3 |\"><\/figure>\n<figure class=\"wp-block-image size-large\"><img loading=\"lazy\" decoding=\"async\" width=\"1024\" height=\"683\" data-id=\"633385\" src=\"https:\/\/cdn.deultimominuto.net\/wp-content\/uploads\/2026\/03\/RUTA-DEL-ENCUENTRO-2-4-1024x683.jpeg\" alt=\"Paliza recorre puntos hist\u00f3ricos de J\u00e1nico que formar\u00e1n parte de la Ruta del Encuentro - Noticias de hoy en Rep\u00fablica Dominicana | De \u00daltimo Minuto\" class=\"wp-image-633385\" title=\"Paliza recorre puntos hist\u00f3ricos de J\u00e1nico que formar\u00e1n parte de la Ruta del Encuentro | 4 |\"><\/figure>\n<\/figure>\n<p>\u200bSantiago.- El ministro de la Presidencia, Jos\u00e9 Ignacio Paliza, encabez\u00f3 este s\u00e1bado un recorrido de supervisi\u00f3n y levantamiento por los principales puntos que formar\u00e1n parte de la primera fase de la Ruta del Encuentro en J\u00e1nico, un ambicioso proyecto hist\u00f3rico, cultural y tur\u00edstico que elevar\u00e1 el patrimonio dominicano a est\u00e1ndares internacionales. Durante la visita, que\u00a0\u00a0Nacionales, Paliza, Santiago\u00a0\u00a0<\/p>\n","protected":false},"excerpt":{"rendered":"<p>Santiago.- El ministro de la Presidencia, Jos\u00e9 Ignacio Paliza, encabez\u00f3 este s\u00e1bado un recorrido de supervisi\u00f3n y levantamiento por los principales puntos que formar\u00e1n parte de la primera fase de la Ruta del Encuentro en J\u00e1nico, un ambicioso proyecto hist\u00f3rico, cultural y tur\u00edstico que elevar\u00e1 el patrimonio dominicano a est\u00e1ndares internacionales. Durante la visita, que [&hellip;]<\/p>\n","protected":false},"author":1,"featured_media":9511,"comment_status":"open","ping_status":"open","sticky":false,"template":"","format":"standard","meta":{"amp_status":"","footnotes":""},"categories":[3],"tags":[],"class_list":["post-9510","post","type-post","status-publish","format-standard","has-post-thumbnail","hentry","category-de-ultimo-minuto"],"_links":{"self":[{"href":"https:\/\/ermdigital.com\/index.php\/wp-json\/wp\/v2\/posts\/9510","targetHints":{"allow":["GET"]}}],"collection":[{"href":"https:\/\/ermdigital.com\/index.php\/wp-json\/wp\/v2\/posts"}],"about":[{"href":"https:\/\/ermdigital.com\/index.php\/wp-json\/wp\/v2\/types\/post"}],"author":[{"embeddable":true,"href":"https:\/\/ermdigital.com\/index.php\/wp-json\/wp\/v2\/users\/1"}],"replies":[{"embeddable":true,"href":"https:\/\/ermdigital.com\/index.php\/wp-json\/wp\/v2\/comments?post=9510"}],"version-history":[{"count":0,"href":"https:\/\/ermdigital.com\/index.php\/wp-json\/wp\/v2\/posts\/9510\/revisions"}],"wp:featuredmedia":[{"embeddable":true,"href":"https:\/\/ermdigital.com\/index.php\/wp-json\/wp\/v2\/media\/9511"}],"wp:attachment":[{"href":"https:\/\/ermdigital.com\/index.php\/wp-json\/wp\/v2\/media?parent=9510"}],"wp:term":[{"taxonomy":"category","embeddable":true,"href":"https:\/\/ermdigital.com\/index.php\/wp-json\/wp\/v2\/categories?post=9510"},{"taxonomy":"post_tag","embeddable":true,"href":"https:\/\/ermdigital.com\/index.php\/wp-json\/wp\/v2\/tags?post=9510"}],"curies":[{"name":"wp","href":"https:\/\/api.w.org\/{rel}","templated":true}]}}