{"id":9504,"date":"2026-03-30T20:38:30","date_gmt":"2026-03-31T00:38:30","guid":{"rendered":"https:\/\/ermdigital.com\/index.php\/2026\/03\/30\/la-nasa-inicia-la-cuenta-regresiva-de-artemis-ii-y-asegura-que-esta-en-excelente-forma\/"},"modified":"2026-03-30T20:38:30","modified_gmt":"2026-03-31T00:38:30","slug":"la-nasa-inicia-la-cuenta-regresiva-de-artemis-ii-y-asegura-que-esta-en-excelente-forma","status":"publish","type":"post","link":"https:\/\/ermdigital.com\/index.php\/2026\/03\/30\/la-nasa-inicia-la-cuenta-regresiva-de-artemis-ii-y-asegura-que-esta-en-excelente-forma\/","title":{"rendered":"La NASA inicia la cuenta regresiva de Artemis II y asegura que est\u00e1 en \u201cexcelente forma\u201d"},"content":{"rendered":"<p><strong>Miami .- <\/strong>La NASA inici\u00f3 este lunes la cuenta regresiva de<strong> <a href=\"https:\/\/deultimominuto.net\/enlaces\/\" data-type=\"page\" data-id=\"491852\">Artemis II,<\/a><\/strong> una misi\u00f3n hist\u00f3rica que marcar\u00e1 el regreso de astronautas a la \u00f3rbita lunar por primera vez en m\u00e1s de medio siglo, y asegur\u00f3 que el programa se encuentra en \u00abexcelente forma\u00bb, al ofrecer un parte positivo cuando faltan apenas dos d\u00edas para el lanzamiento.<\/p>\n<p>El conteo regresivo comenz\u00f3 hoy a las 16:44 EST (21:44 GMT), marcando el inicio formal de la fase final previa al lanzamiento, detall\u00f3 en una rueda de prensa la agencia espacial estadounidense.<\/p>\n<p>La cuenta atr\u00e1s se puso en marcha con un 80 % de probabilidad de condiciones meteorol\u00f3gicas favorables, aunque la NASA advirti\u00f3 sobre posibles vientos fuertes y nubosidad como principales riesgos.<\/p>\n<p>\u00abCiertamente, todas las se\u00f1ales indican en este momento que estamos en una forma excelente, excelente a medida que entramos en la cuenta regresiva\u00bb, manifest\u00f3 a la prensa Charlie Blackwell-Thompson, directora de lanzamiento de Artemis.<\/p>\n<h4 class=\"wp-block-heading\"><strong>Recomendamos leer:<a href=\"https:\/\/deultimominuto.net\/enlaces\/\" data-type=\"page\" data-id=\"491852\"> Microsoft integra los modelos de OpenAI y Anthropic en su IA para maximizar su precisi\u00f3n<\/a><\/strong><a href=\"https:\/\/deultimominuto.net\/category\/tecnologia\/\"><\/a><\/h4>\n<h4 class=\"wp-block-heading\"><strong>Se acerca el despegue<\/strong><\/h4>\n<p>A dos d\u00edas del despegue, la agencia tiene todo listo para su misi\u00f3n m\u00e1s ambiciosa en d\u00e9cadas, que prev\u00e9 llevar a cuatro astronautas a la \u00f3rbita lunar por primera vez desde la Apolo 17.<\/p>\n<p>El cohete SLS (Space Launch System) y la nave Ori\u00f3n ya se encuentran en la plataforma de lanzamiento en el Centro Espacial Kennedy, desde donde est\u00e1 previsto el despegue el mi\u00e9rcoles a las 18:24 hora local (22:24 GMT).<\/p>\n<figure class=\"wp-block-image\"><img decoding=\"async\" src=\"https:\/\/i0.wp.com\/efe.com\/wp-content\/uploads\/2026\/03\/OBJ_20260327T204040S0008I_1_1_1_47_3_1.webp?resize=900%2C618&amp;ssl=1\" alt=\"La NASA inicia la cuenta regresiva de Artemis II y asegura que est\u00e1 en \u201cexcelente forma\u201d - Noticias de hoy en Rep\u00fablica Dominicana | De \u00daltimo Minuto\" class=\"wp-image-2599659\" title=\"La NASA inicia la cuenta regresiva de Artemis II y asegura que est\u00e1 en \u201cexcelente forma\u201d | 1 |\"><figcaption class=\"wp-element-caption\">Miembros del personal de la NASA asistieron a la ceremonia de izamiento de la bandera de Artemis II. EFE\/EPA\/Crist\u00f3bal Herrera Ulashkevich<\/figcaption><\/figure>\n<p>Los astronautas de la <a href=\"https:\/\/deultimominuto.net\/enlaces\/\" data-type=\"page\" data-id=\"491852\">NASA <\/a>Reid Wiseman, Christina Koch y Victor Glover, junto al canadiense Jeremy Hansen, integran la tripulaci\u00f3n de la misi\u00f3n, que busca convertirse en la primera en viajar a la \u00f3rbita lunar desde 1972.<\/p>\n<p>Los cuatro, que hoy estuvieron acompa\u00f1ados de su familia en un lugar de la playa de Florida, abandonaron su cuarentena el pasado viernes y ofrecieron el fin de semana su \u00faltima rueda de prensa antes del viaje.<\/p>\n<h4 class=\"wp-block-heading\"><strong>Un microsat\u00e9lite argentino ser\u00e1 parte de la misi\u00f3n Artemis II de la NASA<\/strong><\/h4>\n<p>Un microsat\u00e9lite desarrollado en Argentina ser\u00e1 parte de la misi\u00f3n tripulada Artemis II que la NASA se apresta a enviar al entorno lunar, informaron este lunes fuentes oficiales.<\/p>\n<p>Se trata del microsat\u00e9lite Atenea, un desarrollado por la Comisi\u00f3n Nacional de Actividades Espaciales (CONAE) de Argentina, junto a instituciones del sistema cient\u00edfico y tecnol\u00f3gico del pa\u00eds suramericano.<\/p>\n<p>\u00abNos llena de orgullo que Argentina haya sido el \u00fanico pa\u00eds de Am\u00e9rica Latina invitado por la NASA a integrar una carga secundaria en esta misi\u00f3n, y uno de los cuatro pa\u00edses seleccionados a nivel global junto con Alemania, Arabia Saudita y Corea del Sur\u00bb expres\u00f3 Dar\u00edo Genua, secretario de Innovaci\u00f3n, Ciencia y Tecnolog\u00eda de Argentina.<\/p>\n<h4 class=\"wp-block-heading\"><strong>El Atenea<\/strong><\/h4>\n<p>El Atenea, un microsat\u00e9lite de 30 por 20 cent\u00edmetros, fue dise\u00f1ado y construido \u00edntegramente en Argentina para obtener datos y comunicarse a 70.000 kil\u00f3metros de distancia de la Tierra con las estaciones terrenas de la CONAE en las provincias argentinas de Tierra del Fuego (sur) y C\u00f3rdoba (centro).<\/p>\n<p>Seg\u00fan inform\u00f3 la Secretar\u00eda de Innovaci\u00f3n, Ciencia y Tecnolog\u00eda de Argentina, la operaci\u00f3n implicar\u00e1 poner a prueba capacidades de seguimiento, recepci\u00f3n, procesamiento de datos y gesti\u00f3n remota, en un escenario de \u00abalta complejidad t\u00e9cnica\u00bb.<\/p>\n<p>\u00abCada proyecto de ingenier\u00eda fortalece nuestras capacidades tecnol\u00f3gicas, forma recursos altamente calificados y nos vuelve un proveedor confiable para la nueva econom\u00eda espacial\u00bb, destac\u00f3 Genua<\/p>\n<p>\u200bMiami .- La NASA inici\u00f3 este lunes la cuenta regresiva de Artemis II, una misi\u00f3n hist\u00f3rica que marcar\u00e1 el regreso de astronautas a la \u00f3rbita lunar por primera vez en m\u00e1s de medio siglo, y asegur\u00f3 que el programa se encuentra en \u00abexcelente forma\u00bb, al ofrecer un parte positivo cuando faltan apenas dos d\u00edas para\u00a0\u00a0Tecnolog\u00eda, Artemis II, La Nasa\u00a0\u00a0<\/p>\n","protected":false},"excerpt":{"rendered":"<p>Miami .- La NASA inici\u00f3 este lunes la cuenta regresiva de Artemis II, una misi\u00f3n hist\u00f3rica que marcar\u00e1 el regreso de astronautas a la \u00f3rbita lunar por primera vez en m\u00e1s de medio siglo, y asegur\u00f3 que el programa se encuentra en \u00abexcelente forma\u00bb, al ofrecer un parte positivo cuando faltan apenas dos d\u00edas para [&hellip;]<\/p>\n","protected":false},"author":1,"featured_media":9505,"comment_status":"open","ping_status":"open","sticky":false,"template":"","format":"standard","meta":{"amp_status":"","footnotes":""},"categories":[3],"tags":[],"class_list":["post-9504","post","type-post","status-publish","format-standard","has-post-thumbnail","hentry","category-de-ultimo-minuto"],"_links":{"self":[{"href":"https:\/\/ermdigital.com\/index.php\/wp-json\/wp\/v2\/posts\/9504","targetHints":{"allow":["GET"]}}],"collection":[{"href":"https:\/\/ermdigital.com\/index.php\/wp-json\/wp\/v2\/posts"}],"about":[{"href":"https:\/\/ermdigital.com\/index.php\/wp-json\/wp\/v2\/types\/post"}],"author":[{"embeddable":true,"href":"https:\/\/ermdigital.com\/index.php\/wp-json\/wp\/v2\/users\/1"}],"replies":[{"embeddable":true,"href":"https:\/\/ermdigital.com\/index.php\/wp-json\/wp\/v2\/comments?post=9504"}],"version-history":[{"count":0,"href":"https:\/\/ermdigital.com\/index.php\/wp-json\/wp\/v2\/posts\/9504\/revisions"}],"wp:featuredmedia":[{"embeddable":true,"href":"https:\/\/ermdigital.com\/index.php\/wp-json\/wp\/v2\/media\/9505"}],"wp:attachment":[{"href":"https:\/\/ermdigital.com\/index.php\/wp-json\/wp\/v2\/media?parent=9504"}],"wp:term":[{"taxonomy":"category","embeddable":true,"href":"https:\/\/ermdigital.com\/index.php\/wp-json\/wp\/v2\/categories?post=9504"},{"taxonomy":"post_tag","embeddable":true,"href":"https:\/\/ermdigital.com\/index.php\/wp-json\/wp\/v2\/tags?post=9504"}],"curies":[{"name":"wp","href":"https:\/\/api.w.org\/{rel}","templated":true}]}}