{"id":9500,"date":"2026-03-30T21:06:45","date_gmt":"2026-03-31T01:06:45","guid":{"rendered":"https:\/\/ermdigital.com\/index.php\/2026\/03\/30\/el-economista-y-politico-jhon-anderson-destaca-compromiso-del-presidente-luis-abinader-con-samana\/"},"modified":"2026-03-30T21:06:45","modified_gmt":"2026-03-31T01:06:45","slug":"el-economista-y-politico-jhon-anderson-destaca-compromiso-del-presidente-luis-abinader-con-samana","status":"publish","type":"post","link":"https:\/\/ermdigital.com\/index.php\/2026\/03\/30\/el-economista-y-politico-jhon-anderson-destaca-compromiso-del-presidente-luis-abinader-con-samana\/","title":{"rendered":"El economista y pol\u00edtico Jhon Anderson destaca compromiso del presidente Luis Abinader con Saman\u00e1"},"content":{"rendered":"<p><strong><br \/>Saman\u00e1, Rep\u00fablica Dominicana.- <\/strong>El economista y dirigente pol\u00edtico<strong> <a href=\"https:\/\/deultimominuto.net\/enlaces\/\" data-type=\"page\" data-id=\"491852\">Jhon Anderson <\/a><\/strong>destac\u00f3 el firme compromiso del presidente Luis Abinader con el desarrollo de la provincia de Saman\u00e1, previo a la visita oficial que realizar\u00e1 el mandatario este martes.-<\/p>\n<p>Durante su intervenci\u00f3n, Anderson valor\u00f3 de manera positiva la gesti\u00f3n del jefe de Estado, subrayando que, hist\u00f3ricamente, ning\u00fan presidente hab\u00eda destinado tantos recursos e inversiones a esta demarcaci\u00f3n tur\u00edstica del nordeste del pa\u00eds.<\/p>\n<p>Seg\u00fan la agenda oficial, el presidente Abinader llegar\u00e1 a la provincia a las 11:00 de la ma\u00f1ana, donde encabezar\u00e1 el acto de inauguraci\u00f3n de la nueva entrada del municipio Santa B\u00e1rbara de Saman\u00e1, una obra de infraestructura clave para mejorar la conectividad y fortalecer el desarrollo tur\u00edstico de la zona.<\/p>\n<h4 class=\"wp-block-heading\"><strong>Recomendamos leer:<a href=\"https:\/\/deultimominuto.net\/enlaces\/\" data-type=\"page\" data-id=\"491852\"> Deuda del Banco Central baja en 2025 por tercer a\u00f1o consecutivo; registra un 9.31 % interanual<\/a><\/strong><a href=\"https:\/\/deultimominuto.net\/category\/economia\/\"><\/a><\/h4>\n<p>El mandatario estar\u00e1 acompa\u00f1ado por el ministro de <a href=\"https:\/\/deultimominuto.net\/enlaces\/\" data-type=\"page\" data-id=\"491852\">Obras P\u00fablicas<\/a>, ingeniero Eduardo Estrella, as\u00ed como por autoridades provinciales y municipales.<\/p>\n<p>La inauguraci\u00f3n de esta obra forma parte de un conjunto de iniciativas impulsadas por el Gobierno central, orientadas a dinamizar la econom\u00eda local, fortalecer el turismo y elevar la calidad de vida de los habitantes de Saman\u00e1.<\/p>\n<p>\u200bSaman\u00e1, Rep\u00fablica Dominicana.- El economista y dirigente pol\u00edtico Jhon Anderson destac\u00f3 el firme compromiso del presidente Luis Abinader con el desarrollo de la provincia de Saman\u00e1, previo a la visita oficial que realizar\u00e1 el mandatario este martes.- Durante su intervenci\u00f3n, Anderson valor\u00f3 de manera positiva la gesti\u00f3n del jefe de Estado, subrayando que, hist\u00f3ricamente, ning\u00fan\u00a0\u00a0economoa, El economista, Luis Abinader, Saman\u00e1\u00a0\u00a0<\/p>\n","protected":false},"excerpt":{"rendered":"<p>Saman\u00e1, Rep\u00fablica Dominicana.- El economista y dirigente pol\u00edtico Jhon Anderson destac\u00f3 el firme compromiso del presidente Luis Abinader con el desarrollo de la provincia de Saman\u00e1, previo a la visita oficial que realizar\u00e1 el mandatario este martes.- Durante su intervenci\u00f3n, Anderson valor\u00f3 de manera positiva la gesti\u00f3n del jefe de Estado, subrayando que, hist\u00f3ricamente, ning\u00fan [&hellip;]<\/p>\n","protected":false},"author":1,"featured_media":9501,"comment_status":"open","ping_status":"open","sticky":false,"template":"","format":"standard","meta":{"amp_status":"","footnotes":""},"categories":[3],"tags":[],"class_list":["post-9500","post","type-post","status-publish","format-standard","has-post-thumbnail","hentry","category-de-ultimo-minuto"],"_links":{"self":[{"href":"https:\/\/ermdigital.com\/index.php\/wp-json\/wp\/v2\/posts\/9500","targetHints":{"allow":["GET"]}}],"collection":[{"href":"https:\/\/ermdigital.com\/index.php\/wp-json\/wp\/v2\/posts"}],"about":[{"href":"https:\/\/ermdigital.com\/index.php\/wp-json\/wp\/v2\/types\/post"}],"author":[{"embeddable":true,"href":"https:\/\/ermdigital.com\/index.php\/wp-json\/wp\/v2\/users\/1"}],"replies":[{"embeddable":true,"href":"https:\/\/ermdigital.com\/index.php\/wp-json\/wp\/v2\/comments?post=9500"}],"version-history":[{"count":0,"href":"https:\/\/ermdigital.com\/index.php\/wp-json\/wp\/v2\/posts\/9500\/revisions"}],"wp:featuredmedia":[{"embeddable":true,"href":"https:\/\/ermdigital.com\/index.php\/wp-json\/wp\/v2\/media\/9501"}],"wp:attachment":[{"href":"https:\/\/ermdigital.com\/index.php\/wp-json\/wp\/v2\/media?parent=9500"}],"wp:term":[{"taxonomy":"category","embeddable":true,"href":"https:\/\/ermdigital.com\/index.php\/wp-json\/wp\/v2\/categories?post=9500"},{"taxonomy":"post_tag","embeddable":true,"href":"https:\/\/ermdigital.com\/index.php\/wp-json\/wp\/v2\/tags?post=9500"}],"curies":[{"name":"wp","href":"https:\/\/api.w.org\/{rel}","templated":true}]}}